{"id":9084,"date":"2015-03-22T13:56:50","date_gmt":"2015-03-22T13:56:50","guid":{"rendered":"https:\/\/www.lilavert.com\/blog_lilavert\/?p=9084"},"modified":"2015-03-22T14:00:13","modified_gmt":"2015-03-22T14:00:13","slug":"les-belles-histoires-que-nous-raconte-gerard-cambon","status":"publish","type":"post","link":"https:\/\/www.lilavert.com\/blog_lilavert\/les-belles-histoires-que-nous-raconte-gerard-cambon\/","title":{"rendered":"Les belles histoires que nous raconte Gerard Cambon"},"content":{"rendered":"<p><strong>Les belles histoires que nous raconte Gerard Cambon<\/strong> avec ses sculptures&#8230; (fr)<\/p>\n<div id=\"attachment_9086\" style=\"width: 810px\" class=\"wp-caption alignnone\"><a href=\"https:\/\/www.lilavert.com\/blog_lilavert\/les-belles-histoires-que-nous-raconte-gerard-cambon\/\" rel=\"https:\/\/www.lilavert.com\/blog_lilavert\/les-belles-histoires-que-nous-raconte-gerard-cambon\/\"><img loading=\"lazy\" decoding=\"async\" aria-describedby=\"caption-attachment-9086\" class=\"size-large wp-image-9086    \" title=\"gerard cambon - felouque sculpture\" src=\"https:\/\/www.lilavert.com\/blog_lilavert\/wp-content\/uploads\/2015\/03\/gerard-cambon-felouque-sculpture-1024x528.jpg\" alt=\"gerard cambon - felouque sculpture\" width=\"800\" height=\"412\" srcset=\"https:\/\/www.lilavert.com\/blog_lilavert\/wp-content\/uploads\/2015\/03\/gerard-cambon-felouque-sculpture-1024x528.jpg 1024w, https:\/\/www.lilavert.com\/blog_lilavert\/wp-content\/uploads\/2015\/03\/gerard-cambon-felouque-sculpture-150x77.jpg 150w, https:\/\/www.lilavert.com\/blog_lilavert\/wp-content\/uploads\/2015\/03\/gerard-cambon-felouque-sculpture-300x154.jpg 300w, https:\/\/www.lilavert.com\/blog_lilavert\/wp-content\/uploads\/2015\/03\/gerard-cambon-felouque-sculpture-400x206.jpg 400w, https:\/\/www.lilavert.com\/blog_lilavert\/wp-content\/uploads\/2015\/03\/gerard-cambon-felouque-sculpture.jpg 1030w\" sizes=\"(max-width: 800px) 100vw, 800px\" \/><\/a><\/p>\n<p id=\"caption-attachment-9086\" class=\"wp-caption-text\">gerard cambon &#8211; felouque sculpture<\/p>\n<\/div>\n<p><strong>Expo :\u00a0<\/strong><br \/>\n\u00a0\u00bb Elixirs\u00a0\u00bb du 12 Mars au 11 avril &#8211; Galerie B\u00e9atrice Souli\u00e9 &#8211; 21 rue Gu\u00e9n\u00e9gaud &#8211; Paris<\/p>\n<ul>\n<li><a title=\"Les belles histoires que nous raconte Gerard Cambon\" href=\"http:\/\/cambon.org\" target=\"_blank\"><strong>Website<\/strong><\/a><\/li>\n<li><a title=\"Les belles histoires que nous raconte Gerard Cambon\" href=\"https:\/\/www.facebook.com\/cambon.gerard\" target=\"_blank\"><strong>facebook<\/strong><\/a><\/li>\n<\/ul>\n","protected":false},"excerpt":{"rendered":"<p>Les belles histoires que nous raconte Gerard Cambon avec ses sculptures&#8230; (fr) Expo :\u00a0 \u00a0\u00bb Elixirs\u00a0\u00bb du 12 Mars au<\/p>\n","protected":false},"author":1,"featured_media":0,"comment_status":"open","ping_status":"open","sticky":false,"template":"","format":"gallery","meta":{"_monsterinsights_skip_tracking":false,"_monsterinsights_sitenote_active":false,"_monsterinsights_sitenote_note":"","_monsterinsights_sitenote_category":0,"jetpack_post_was_ever_published":false,"_jetpack_newsletter_access":"","_jetpack_newsletter_tier_id":0,"footnotes":""},"categories":[39,220,1332,16,179],"tags":[4003,82,40,3845,3846,298,229,3844,3843,25,20,1857],"jetpack_sharing_enabled":true,"jetpack_featured_media_url":"","jetpack_shortlink":"https:\/\/wp.me\/p6hYQX-2mw","jetpack-related-posts":[{"id":12034,"url":"https:\/\/www.lilavert.com\/blog_lilavert\/maurizio-cattelan\/","url_meta":{"origin":9084,"position":0},"title":"Maurizio Cattelan","author":"LilaVert I-I","date":"30\/10\/2016","format":"gallery","excerpt":"Maurizio Cattelan (N\u00e9 en 1960 \u00e0 Padoue, Italie - Vit et travaille \u00e0 New York, USA.) Sculptures hyper-realistes et autres excentricit\u00e9s empaill\u00e9s... Une statue d'Adolf Hitler vendue \u00e0 17 millions d'euros ! Maurizio Cattelan raconte l'histoire de son \u0153uvre la plus controvers\u00e9e. #Stup\u00e9fiant pic.twitter.com\/LxMlCD0xoZ \u2014 France 2 (@France2tv) 26 octobre\u2026","rel":"","context":"Dans &quot;art&quot;","block_context":{"text":"art","link":"https:\/\/www.lilavert.com\/blog_lilavert\/category\/art\/"},"img":{"alt_text":"Maurizio Cattelan - Pope","src":"https:\/\/i0.wp.com\/www.lilavert.com\/blog_lilavert\/wp-content\/uploads\/2016\/10\/Maurizio-Cattelan-Pope.jpg?resize=350%2C200&ssl=1","width":350,"height":200,"srcset":"https:\/\/i0.wp.com\/www.lilavert.com\/blog_lilavert\/wp-content\/uploads\/2016\/10\/Maurizio-Cattelan-Pope.jpg?resize=350%2C200&ssl=1 1x, https:\/\/i0.wp.com\/www.lilavert.com\/blog_lilavert\/wp-content\/uploads\/2016\/10\/Maurizio-Cattelan-Pope.jpg?resize=525%2C300&ssl=1 1.5x, https:\/\/i0.wp.com\/www.lilavert.com\/blog_lilavert\/wp-content\/uploads\/2016\/10\/Maurizio-Cattelan-Pope.jpg?resize=700%2C400&ssl=1 2x"},"classes":[]},{"id":481,"url":"https:\/\/www.lilavert.com\/blog_lilavert\/les-sculptures-de-nathalie-gauglin\/","url_meta":{"origin":9084,"position":1},"title":"Les sculptures de Nathalie Gauglin","author":"LilaVert I-I","date":"16\/07\/2013","format":"gallery","excerpt":"Les sculptures de Nathalie Gauglin.\u00a0Bourr\u00e9es d'\u00e9motions... Les personnages de Nathalie Gauglin, ces \u00eatres de terre aux visages lunaires et pensifs, aux regards interrogatifs, nous lib\u00e8rent de nos \u00e9motions primaires. Une \u00e9motion que l\u2019on emm\u00e8ne avec soi, qui se r\u00e9v\u00e8le en nous. D\u2019une m\u00eame famille, comme les branches d\u2019un seul arbre,\u2026","rel":"","context":"Dans &quot;art&quot;","block_context":{"text":"art","link":"https:\/\/www.lilavert.com\/blog_lilavert\/category\/art\/"},"img":{"alt_text":"EXPO au grand Palais de Lille - Nathalie Gauglin - sculptures","src":"https:\/\/i0.wp.com\/www.lilavert.com\/blog_lilavert\/wp-content\/uploads\/2013\/07\/EXPO-au-grand-Palais-de-Lille.jpg?resize=350%2C200&ssl=1","width":350,"height":200,"srcset":"https:\/\/i0.wp.com\/www.lilavert.com\/blog_lilavert\/wp-content\/uploads\/2013\/07\/EXPO-au-grand-Palais-de-Lille.jpg?resize=350%2C200&ssl=1 1x, https:\/\/i0.wp.com\/www.lilavert.com\/blog_lilavert\/wp-content\/uploads\/2013\/07\/EXPO-au-grand-Palais-de-Lille.jpg?resize=525%2C300&ssl=1 1.5x, https:\/\/i0.wp.com\/www.lilavert.com\/blog_lilavert\/wp-content\/uploads\/2013\/07\/EXPO-au-grand-Palais-de-Lille.jpg?resize=700%2C400&ssl=1 2x"},"classes":[]},{"id":1344,"url":"https:\/\/www.lilavert.com\/blog_lilavert\/sculptures-de-amanda-shelsher\/","url_meta":{"origin":9084,"position":2},"title":"Sculptures de Amanda Shelsher","author":"LilaVert I-I","date":"26\/01\/2013","format":"gallery","excerpt":"Sculptures de Amanda Shelsher [Australie] - \" Mes sculptures ont toujours refl\u00e9t\u00e9 ma vie et mon parcours. Mes \u0153uvres c\u00e9l\u00e8brent les complexit\u00e9s de la nature humaine et cherchent une compr\u00e9hension de soi et du monde qui nous entoure. Mon travail s'inspire de mes exp\u00e9riences en tant que m\u00e8re et en\u2026","rel":"","context":"Dans &quot;Artiste&quot;","block_context":{"text":"Artiste","link":"https:\/\/www.lilavert.com\/blog_lilavert\/category\/artiste-2\/"},"img":{"alt_text":"","src":"https:\/\/i0.wp.com\/www.lilavert.com\/blog_lilavert\/wp-content\/uploads\/2013\/01\/Amanda-Shelsher.jpg?resize=350%2C200&ssl=1","width":350,"height":200},"classes":[]},{"id":7113,"url":"https:\/\/www.lilavert.com\/blog_lilavert\/humanimal-sculptures-installations-jane-alexander\/","url_meta":{"origin":9084,"position":3},"title":"Humanimal &#8211; Sculptures and installations Jane Alexander","author":"LilaVert I-I","date":"08\/06\/2014","format":"gallery","excerpt":"Humanimal - Sculptures and installations Jane Alexander. Born 1959 - South africa. \"L'univers plastique de Jane Alexander est m\u00e9lancolique, d\u00e9sabus\u00e9. La figure pleinement humaine y est quasiment absente, laissant place \u00e0 des cr\u00e9atures bestiales. Des monstres cr\u00e9\u00e9s et fa\u00e7onn\u00e9s par l'homme. Enferm\u00e9 chacun dans une perspective de plus en plus\u2026","rel":"","context":"Dans &quot;art&quot;","block_context":{"text":"art","link":"https:\/\/www.lilavert.com\/blog_lilavert\/category\/art\/"},"img":{"alt_text":"Jane Alexander Artist - Sculptures","src":"https:\/\/i0.wp.com\/www.lilavert.com\/blog_lilavert\/wp-content\/uploads\/2014\/06\/Jane-Alexander-Sculptures2.jpg?resize=350%2C200&ssl=1","width":350,"height":200},"classes":[]},{"id":7172,"url":"https:\/\/www.lilavert.com\/blog_lilavert\/remus-romulus-revisited-artist-liu-qiangs\/","url_meta":{"origin":9084,"position":4},"title":"Remus and Romulus revisited by artist Liu Qiang\u2019s","author":"LilaVert I-I","date":"19\/06\/2014","format":"gallery","excerpt":"Remus and Romulus revisited by artist Liu Qiang\u2019s. (China) Like a modern-day homage to the famous symbol of Rome, the statue of Remus and Romulus, artist Liu Qiang\u2019s powerful sculpture entitled \u201c29h59\u201959\u2033 commands a powerful presence at China\u2019s 798 Art District in Beijing. The exploitation of animals in modern agriculture\u2026","rel":"","context":"Dans &quot;Animaux&quot;","block_context":{"text":"Animaux","link":"https:\/\/www.lilavert.com\/blog_lilavert\/category\/animaux-2\/"},"img":{"alt_text":"revisited Romulus and Remus - Artist Liu Qiang - sculpture (China)","src":"https:\/\/i0.wp.com\/www.lilavert.com\/blog_lilavert\/wp-content\/uploads\/2014\/06\/Liu-Qiang-sculpture-1024x596.jpg?resize=350%2C200&ssl=1","width":350,"height":200,"srcset":"https:\/\/i0.wp.com\/www.lilavert.com\/blog_lilavert\/wp-content\/uploads\/2014\/06\/Liu-Qiang-sculpture-1024x596.jpg?resize=350%2C200&ssl=1 1x, https:\/\/i0.wp.com\/www.lilavert.com\/blog_lilavert\/wp-content\/uploads\/2014\/06\/Liu-Qiang-sculpture-1024x596.jpg?resize=525%2C300&ssl=1 1.5x, https:\/\/i0.wp.com\/www.lilavert.com\/blog_lilavert\/wp-content\/uploads\/2014\/06\/Liu-Qiang-sculpture-1024x596.jpg?resize=700%2C400&ssl=1 2x"},"classes":[]},{"id":5817,"url":"https:\/\/www.lilavert.com\/blog_lilavert\/wood-figuratif-sculptures-matthias-verginer\/","url_meta":{"origin":9084,"position":5},"title":"Wood figuratif sculptures of Matthias Verginer","author":"LilaVert I-I","date":"02\/02\/2014","format":"gallery","excerpt":"Wood figuratif sculptures of Matthias Verginer.\u00a0Lives and works in Ortisei (BZ), Northern Italy. Website","rel":"","context":"Dans &quot;art&quot;","block_context":{"text":"art","link":"https:\/\/www.lilavert.com\/blog_lilavert\/category\/art\/"},"img":{"alt_text":"","src":"","width":0,"height":0},"classes":[]}],"_links":{"self":[{"href":"https:\/\/www.lilavert.com\/blog_lilavert\/wp-json\/wp\/v2\/posts\/9084"}],"collection":[{"href":"https:\/\/www.lilavert.com\/blog_lilavert\/wp-json\/wp\/v2\/posts"}],"about":[{"href":"https:\/\/www.lilavert.com\/blog_lilavert\/wp-json\/wp\/v2\/types\/post"}],"author":[{"embeddable":true,"href":"https:\/\/www.lilavert.com\/blog_lilavert\/wp-json\/wp\/v2\/users\/1"}],"replies":[{"embeddable":true,"href":"https:\/\/www.lilavert.com\/blog_lilavert\/wp-json\/wp\/v2\/comments?post=9084"}],"version-history":[{"count":0,"href":"https:\/\/www.lilavert.com\/blog_lilavert\/wp-json\/wp\/v2\/posts\/9084\/revisions"}],"wp:attachment":[{"href":"https:\/\/www.lilavert.com\/blog_lilavert\/wp-json\/wp\/v2\/media?parent=9084"}],"wp:term":[{"taxonomy":"category","embeddable":true,"href":"https:\/\/www.lilavert.com\/blog_lilavert\/wp-json\/wp\/v2\/categories?post=9084"},{"taxonomy":"post_tag","embeddable":true,"href":"https:\/\/www.lilavert.com\/blog_lilavert\/wp-json\/wp\/v2\/tags?post=9084"}],"curies":[{"name":"wp","href":"https:\/\/api.w.org\/{rel}","templated":true}]}}