{"id":888,"date":"2012-11-20T20:03:30","date_gmt":"2012-11-20T20:03:30","guid":{"rendered":"https:\/\/www.lilavert.com\/blog_lilavert\/?p=888"},"modified":"2012-11-20T20:24:10","modified_gmt":"2012-11-20T20:24:10","slug":"anne-hebert-le-tombeau-des-rois-1953","status":"publish","type":"post","link":"https:\/\/www.lilavert.com\/blog_lilavert\/anne-hebert-le-tombeau-des-rois-1953\/","title":{"rendered":"Anne H\u00e9bert, Le Tombeau des rois, 1953"},"content":{"rendered":"<p>\u200eIl y a certainement quelqu&rsquo;un<br \/>\nQui m&rsquo;a tu\u00e9e<br \/>\nPuis s&rsquo;en est all\u00e9<br \/>\nSur la pointe des pieds<br \/>\nSans rompre sa danse parfaite<\/p>\n<p>A oubli\u00e9 de me coucher<br \/>\nM&rsquo;a laiss\u00e9e debout<br \/>\nToute li\u00e9e<br \/>\nSur le chemin<br \/>\nLe c\u0153ur dans son coffret ancien<br \/>\nLes prunelles pareilles<br \/>\n\u00c0 leur plus pure image d&rsquo;eau<\/p>\n<p>A oubli\u00e9 d&rsquo;effacer la beaut\u00e9 du monde<br \/>\nAutour de moi<br \/>\nA oubli\u00e9 de fermer mes yeux avides<br \/>\nEt permis leur passion perdue&#8230;&#8230;&#8230;&#8230;&#8230;&#8230;&#8230;&#8230;&#8230;&#8230;.<\/p>\n<p>(Anne H\u00e9bert, Le Tombeau des rois, 1953)<\/p>\n<div>lu sur :\u00a0<a title=\"Le tombeau des Rois, A. H\u00e9bert\" href=\"https:\/\/www.facebook.com\/edith.berthuit\" target=\"_blank\">https:\/\/www.facebook.com\/edith.berthuit<\/a><\/div>\n","protected":false},"excerpt":{"rendered":"<p>\u200eIl y a certainement quelqu&rsquo;un Qui m&rsquo;a tu\u00e9e Puis s&rsquo;en est all\u00e9 Sur la pointe des pieds Sans rompre sa<\/p>\n","protected":false},"author":1,"featured_media":0,"comment_status":"open","ping_status":"open","sticky":false,"template":"","format":"standard","meta":{"_monsterinsights_skip_tracking":false,"_monsterinsights_sitenote_active":false,"_monsterinsights_sitenote_note":"","_monsterinsights_sitenote_category":0,"jetpack_post_was_ever_published":false,"_jetpack_newsletter_access":"","_jetpack_newsletter_tier_id":0,"footnotes":""},"categories":[16],"tags":[],"jetpack_sharing_enabled":true,"jetpack_featured_media_url":"","jetpack_shortlink":"https:\/\/wp.me\/p6hYQX-ek","jetpack-related-posts":[{"id":4580,"url":"https:\/\/www.lilavert.com\/blog_lilavert\/le-fabuleux-vase-de-vix-the-most-attractive-princely-celts-site-vix-tresor\/","url_meta":{"origin":888,"position":0},"title":"Le fabuleux Vase de Vix &#8211; The most attractive princely Celt\u2019s site, Vix tresor","author":"LilaVert I-I","date":"30\/11\/2013","format":"gallery","excerpt":"Le fabuleux Vase de Vix - The most attractive princely Celt\u2019s site, Vix tresor C'est en Bourgogne au pied du Mont Lassois \u00e0 Vix [C\u00f4te d'Or] qu'en 1953, le plus beau site PRINCIER CELTES au monde est d\u00e9couvert...\u00a0D\u00e9couvrez toute la beaut\u00e9 de cette d\u00e9couverte, la richesse de ces fouilles qui\u2026","rel":"","context":"Dans &quot;News&quot;","block_context":{"text":"News","link":"https:\/\/www.lilavert.com\/blog_lilavert\/category\/news\/"},"img":{"alt_text":"site sur le vase de vix, site princier celtes","src":"https:\/\/i0.wp.com\/www.lilavert.com\/blog_lilavert\/wp-content\/uploads\/2013\/11\/site-sur-le-vase-de-vix-site-princier-celtes.png?resize=350%2C200&ssl=1","width":350,"height":200,"srcset":"https:\/\/i0.wp.com\/www.lilavert.com\/blog_lilavert\/wp-content\/uploads\/2013\/11\/site-sur-le-vase-de-vix-site-princier-celtes.png?resize=350%2C200&ssl=1 1x, https:\/\/i0.wp.com\/www.lilavert.com\/blog_lilavert\/wp-content\/uploads\/2013\/11\/site-sur-le-vase-de-vix-site-princier-celtes.png?resize=525%2C300&ssl=1 1.5x, https:\/\/i0.wp.com\/www.lilavert.com\/blog_lilavert\/wp-content\/uploads\/2013\/11\/site-sur-le-vase-de-vix-site-princier-celtes.png?resize=700%2C400&ssl=1 2x, https:\/\/i0.wp.com\/www.lilavert.com\/blog_lilavert\/wp-content\/uploads\/2013\/11\/site-sur-le-vase-de-vix-site-princier-celtes.png?resize=1050%2C600&ssl=1 3x"},"classes":[]},{"id":10585,"url":"https:\/\/www.lilavert.com\/blog_lilavert\/monica-mariniello-sculptures\/","url_meta":{"origin":888,"position":1},"title":"Monica Mariniello Sculptures","author":"LilaVert I-I","date":"06\/12\/2015","format":"gallery","excerpt":"Monica Mariniello Sculptures (France) \"Enfant, et m\u00eame apr\u00e8s, je passais de longs apr\u00e8s-midis \u00e0 me promener dans la campagne toscane, souvent sur des sites \u00e9trusques. Les traces de roues des chars inscrites dans la pierre des rues d\u2019une ville disparue \u00e0 jamais, les blocs immenses des murailles ext\u00e9rieures, les tombeaux\u2026","rel":"","context":"Dans &quot;art&quot;","block_context":{"text":"art","link":"https:\/\/www.lilavert.com\/blog_lilavert\/category\/art\/"},"img":{"alt_text":"Monica Mariniello - Sculptures \"\u00c3\u00aatres\"","src":"https:\/\/i0.wp.com\/www.lilavert.com\/blog_lilavert\/wp-content\/uploads\/2015\/12\/Monica-Mariniello-Sculptures-etres-635x1024.png?resize=350%2C200&ssl=1","width":350,"height":200,"srcset":"https:\/\/i0.wp.com\/www.lilavert.com\/blog_lilavert\/wp-content\/uploads\/2015\/12\/Monica-Mariniello-Sculptures-etres-635x1024.png?resize=350%2C200&ssl=1 1x, https:\/\/i0.wp.com\/www.lilavert.com\/blog_lilavert\/wp-content\/uploads\/2015\/12\/Monica-Mariniello-Sculptures-etres-635x1024.png?resize=525%2C300&ssl=1 1.5x"},"classes":[]},{"id":3252,"url":"https:\/\/www.lilavert.com\/blog_lilavert\/ma-vie-en-ton-pouvoir-que-jai-crue-infinie\/","url_meta":{"origin":888,"position":2},"title":"Ma vie en ton pouvoir.. Que j\u2019ai crue infinie","author":"LilaVert I-I","date":"14\/09\/2013","format":false,"excerpt":"Dans mon chagrin, rien n\u2019est en mouvement J\u2019attends, personne ne viendra Ni de jour, ni de nuit Ni jamais plus de ce qui fut moi-m\u00eame Ma bouche s\u2019est s\u00e9par\u00e9e de ta bouche Ma bouche s\u2019est s\u00e9par\u00e9e du plaisir Et du sens de l\u2019amour, et du sens de la vie Mes\u2026","rel":"","context":"Dans &quot;Artiste&quot;","block_context":{"text":"Artiste","link":"https:\/\/www.lilavert.com\/blog_lilavert\/category\/artiste-2\/"},"img":{"alt_text":"Prozac [Faience brune]- Sculpture \u00c2\u00a9LilaVert","src":"https:\/\/i0.wp.com\/www.lilavert.com\/blog_lilavert\/wp-content\/uploads\/2012\/08\/PICT0010.jpg?resize=350%2C200&ssl=1","width":350,"height":200,"srcset":"https:\/\/i0.wp.com\/www.lilavert.com\/blog_lilavert\/wp-content\/uploads\/2012\/08\/PICT0010.jpg?resize=350%2C200&ssl=1 1x, https:\/\/i0.wp.com\/www.lilavert.com\/blog_lilavert\/wp-content\/uploads\/2012\/08\/PICT0010.jpg?resize=525%2C300&ssl=1 1.5x, https:\/\/i0.wp.com\/www.lilavert.com\/blog_lilavert\/wp-content\/uploads\/2012\/08\/PICT0010.jpg?resize=700%2C400&ssl=1 2x"},"classes":[]},{"id":5376,"url":"https:\/\/www.lilavert.com\/blog_lilavert\/corsets-protheses-et-robes-colorees-de-frida-kahlo\/","url_meta":{"origin":888,"position":3},"title":"Corsets, proth\u00e8ses et robes color\u00e9es de Frida Kahlo","author":"LilaVert I-I","date":"15\/01\/2014","format":"image","excerpt":"Corsets, proth\u00e8ses et robes color\u00e9es de Frida Kahlo, plus connue pour ses peintures\u00a0surr\u00e9alistes. L'exposition de ses v\u00eatements, des accessoires orthop\u00e9diques et m\u00eame des proth\u00e8ses sont affich\u00e9s \u00e0 l'int\u00e9rieur de son ancienne maison \u00e0 Mexico et y pr\u00e9sente \u00e9galement\u00a0des creations - comme celles de Jean Paul Gaultier ou Givenchy - inspir\u00e9s\u2026","rel":"","context":"Dans &quot;art&quot;","block_context":{"text":"art","link":"https:\/\/www.lilavert.com\/blog_lilavert\/category\/art\/"},"img":{"alt_text":"","src":"https:\/\/i0.wp.com\/www.lilavert.com\/blog_lilavert\/wp-content\/uploads\/2014\/01\/Corsets-protheses-et-robes-colorees-de-Frida-Kahlo.jpg?resize=350%2C200&ssl=1","width":350,"height":200},"classes":[]},{"id":8660,"url":"https:\/\/www.lilavert.com\/blog_lilavert\/2eme-generation-apple-occasions-garanties-location-et-reparations-toutes-generations\/","url_meta":{"origin":888,"position":4},"title":"2eme Generation Apple, occasions garanties, location et r\u00e9parations toutes g\u00e9n\u00e9rations","author":"LilaVert I-I","date":"06\/01\/2015","format":false,"excerpt":"2eme Generation Apple, occasions garanties, location et r\u00e9parations toutes g\u00e9n\u00e9rations dans une ambiance conviviale et sans sur-facturation. Occasions \u00e0 prix abordables et garanties 6 mois. Que votre mac soit r\u00e9cent ou vieux, ils arrangent tout et sont vraiment tr\u00e8s sympas. Voil\u00e0, \u00e7a faisait un moment que je voulais leur faire\u2026","rel":"","context":"Dans &quot;News&quot;","block_context":{"text":"News","link":"https:\/\/www.lilavert.com\/blog_lilavert\/category\/news\/"},"img":{"alt_text":"2eme generation \u00c3\u00a0 villejuif - le magasin Apple humain et convivial","src":"https:\/\/i0.wp.com\/www.lilavert.com\/blog_lilavert\/wp-content\/uploads\/2015\/01\/2eme-generation-villejuif-768x1024.jpg?resize=350%2C200&ssl=1","width":350,"height":200,"srcset":"https:\/\/i0.wp.com\/www.lilavert.com\/blog_lilavert\/wp-content\/uploads\/2015\/01\/2eme-generation-villejuif-768x1024.jpg?resize=350%2C200&ssl=1 1x, https:\/\/i0.wp.com\/www.lilavert.com\/blog_lilavert\/wp-content\/uploads\/2015\/01\/2eme-generation-villejuif-768x1024.jpg?resize=525%2C300&ssl=1 1.5x, https:\/\/i0.wp.com\/www.lilavert.com\/blog_lilavert\/wp-content\/uploads\/2015\/01\/2eme-generation-villejuif-768x1024.jpg?resize=700%2C400&ssl=1 2x"},"classes":[]},{"id":4769,"url":"https:\/\/www.lilavert.com\/blog_lilavert\/auguste-derriere-fleuron-de-labsurde-et-du-jeu-de-mot-laid\/","url_meta":{"origin":888,"position":5},"title":"Auguste Derri\u00e8re, fleuron de l&rsquo;absurde et du jeu de mot laid","author":"LilaVert I-I","date":"07\/12\/2013","format":"gallery","excerpt":"Auguste Derri\u00e8re, fleuron de l'absurde et du jeu de mot laid. Les fourmis n'aiment pas le flamenco - Cul de... par AugusteDerriere Au d\u00e9but du XXe si\u00e8cle, Auguste Derri\u00e8re a sans aucun doute \u00e9t\u00e9 le fleuron de l'absurde et du jeu de mot laid. Il r\u00e9volutionna l\u2019art naissant de la\u2026","rel":"","context":"Dans &quot;Humour&quot;","block_context":{"text":"Humour","link":"https:\/\/www.lilavert.com\/blog_lilavert\/category\/humour-2\/"},"img":{"alt_text":"Auguste Derriere - Plaque metal vive les cones en vente sur leur boutique","src":"https:\/\/i0.wp.com\/www.lilavert.com\/blog_lilavert\/wp-content\/uploads\/2013\/12\/Auguste-Derriere-plaque-metal-vive-les-cones.jpg?resize=350%2C200&ssl=1","width":350,"height":200,"srcset":"https:\/\/i0.wp.com\/www.lilavert.com\/blog_lilavert\/wp-content\/uploads\/2013\/12\/Auguste-Derriere-plaque-metal-vive-les-cones.jpg?resize=350%2C200&ssl=1 1x, https:\/\/i0.wp.com\/www.lilavert.com\/blog_lilavert\/wp-content\/uploads\/2013\/12\/Auguste-Derriere-plaque-metal-vive-les-cones.jpg?resize=525%2C300&ssl=1 1.5x"},"classes":[]}],"_links":{"self":[{"href":"https:\/\/www.lilavert.com\/blog_lilavert\/wp-json\/wp\/v2\/posts\/888"}],"collection":[{"href":"https:\/\/www.lilavert.com\/blog_lilavert\/wp-json\/wp\/v2\/posts"}],"about":[{"href":"https:\/\/www.lilavert.com\/blog_lilavert\/wp-json\/wp\/v2\/types\/post"}],"author":[{"embeddable":true,"href":"https:\/\/www.lilavert.com\/blog_lilavert\/wp-json\/wp\/v2\/users\/1"}],"replies":[{"embeddable":true,"href":"https:\/\/www.lilavert.com\/blog_lilavert\/wp-json\/wp\/v2\/comments?post=888"}],"version-history":[{"count":0,"href":"https:\/\/www.lilavert.com\/blog_lilavert\/wp-json\/wp\/v2\/posts\/888\/revisions"}],"wp:attachment":[{"href":"https:\/\/www.lilavert.com\/blog_lilavert\/wp-json\/wp\/v2\/media?parent=888"}],"wp:term":[{"taxonomy":"category","embeddable":true,"href":"https:\/\/www.lilavert.com\/blog_lilavert\/wp-json\/wp\/v2\/categories?post=888"},{"taxonomy":"post_tag","embeddable":true,"href":"https:\/\/www.lilavert.com\/blog_lilavert\/wp-json\/wp\/v2\/tags?post=888"}],"curies":[{"name":"wp","href":"https:\/\/api.w.org\/{rel}","templated":true}]}}