{"id":8703,"date":"2015-01-15T20:31:35","date_gmt":"2015-01-15T20:31:35","guid":{"rendered":"https:\/\/www.lilavert.com\/blog_lilavert\/?p=8703"},"modified":"2015-01-15T20:31:35","modified_gmt":"2015-01-15T20:31:35","slug":"lavant-projet-de-la-loi-sur-la-creation-et-le-patrimoine-fait-peu-de-cas-des-artistes-plasticiens","status":"publish","type":"post","link":"https:\/\/www.lilavert.com\/blog_lilavert\/lavant-projet-de-la-loi-sur-la-creation-et-le-patrimoine-fait-peu-de-cas-des-artistes-plasticiens\/","title":{"rendered":"L\u2019avant-projet de la loi sur la cr\u00e9ation et le patrimoine fait peu de cas des artistes plasticiens"},"content":{"rendered":"<p><strong>L\u2019avant-projet de la loi sur la cr\u00e9ation et le patrimoine fait peu de cas des artistes plasticiens<\/strong>,<br \/>\nseule mesure concr\u00e8te : la possibilit\u00e9 de b\u00e9n\u00e9ficier du RSA.<\/p>\n<p><a href=\"https:\/\/www.lilavert.com\/blog_lilavert\/wp-content\/uploads\/2015\/01\/loi-art-plastique.jpg\"><img loading=\"lazy\" decoding=\"async\" class=\"size-full wp-image-8704 alignnone\" title=\"loi art plastique\" src=\"https:\/\/www.lilavert.com\/blog_lilavert\/wp-content\/uploads\/2015\/01\/loi-art-plastique.jpg\" alt=\"loi art plastique MDA\" width=\"460\" height=\"308\" srcset=\"https:\/\/www.lilavert.com\/blog_lilavert\/wp-content\/uploads\/2015\/01\/loi-art-plastique.jpg 460w, https:\/\/www.lilavert.com\/blog_lilavert\/wp-content\/uploads\/2015\/01\/loi-art-plastique-150x100.jpg 150w, https:\/\/www.lilavert.com\/blog_lilavert\/wp-content\/uploads\/2015\/01\/loi-art-plastique-300x200.jpg 300w, https:\/\/www.lilavert.com\/blog_lilavert\/wp-content\/uploads\/2015\/01\/loi-art-plastique-400x267.jpg 400w\" sizes=\"(max-width: 460px) 100vw, 460px\" \/><\/a><\/p>\n<p><strong>Projet de loi cr\u00e9ation \/\u00a0La loi sur la cr\u00e9ation oublie les arts plastiques<\/strong> &#8211; par Fournol Alexis &#8211;<br \/>\npubli\u00e9 dans<strong>\u00a0<a href=\"http:\/\/www.lejournaldesarts.fr\/jda\/archives\/docs_article\/125767\/la-loi-sur-la-creation-oublie-les-arts-plastiques.php\" target=\"_blank\">Le Journal des Arts<\/a><\/strong> n\u00b0 427 &#8211; 16 janvier 2015<\/p>\n<p>Le texte de l\u2019avant-projet de la loi sur la cr\u00e9ation et le patrimoine fait peu de cas des artistes plasticiens. Seule mesure concr\u00e8te : la possibilit\u00e9 de b\u00e9n\u00e9ficier du RSA. L\u2019article premier inscrit pourtant, non sans grandiloquence, la libert\u00e9 de cr\u00e9ation \u00ab au socle des libert\u00e9s fondamentales \u00bb. Sur le plan de l\u2019enseignement, un rapprochement se dessine entre l\u2019art et le spectacle vivant.<br \/>\nPARIS &#8211; Le texte de l\u2019avant-projet de loi relative \u00e0 la libert\u00e9 de cr\u00e9ation, \u00e0 l\u2019architecture et au patrimoine, qui doit passer devant le Conseil d\u2019\u00c9tat avant d\u2019\u00eatre pr\u00e9sent\u00e9 au premier semestre 2015 en Conseil des ministres, accorde bien peu d\u2019attention aux arts plastiques. Sur les quinze articles du volet relatif \u00e0 la libert\u00e9 de cr\u00e9ation et \u00e0 la cr\u00e9ation artistique, seuls trois d\u2019entre eux visent indirectement les artistes plasticiens. La volont\u00e9 d\u00e9clar\u00e9e de la ministre de la Culture, aupr\u00e8s de la commission des Affaires culturelles de l\u2019Assembl\u00e9e nationale en octobre 2014, de pr\u00e9senter un texte \u00ab ambitieux \u00bb fait peu de cas des arts plastiques. Pourtant, la ministre avait r\u00e9it\u00e9r\u00e9 dans un communiqu\u00e9 de novembre 2014 sa volont\u00e9 de soutenir la profession. \u00c0 lire ce communiqu\u00e9, le projet de loi \u00ab concernera l\u2019ensemble des enjeux de la culture, permettant ainsi \u00e0 la Nation de reconna\u00eetre ce qu\u2019elle doit aux artistes et \u00e0 leur libert\u00e9 de cr\u00e9ation et d\u2019am\u00e9liorer son soutien aux artistes \u00bb. La version actuelle de l\u2019avant-projet de loi ne s\u2019en fait nullement l\u2019\u00e9cho.<\/p>\n<p><strong>Grands principes<\/strong><br \/>\nR\u00e9sultat de la fusion de plusieurs textes, le pr\u00e9sent avant-projet combine de nombreuses dispositions pour lesquelles il est bien d\u00e9licat de d\u00e9gager une ligne directrice. Le d\u00e9sint\u00e9r\u00eat manifeste port\u00e9 aux arts plastiques appara\u00eet d\u2019autant plus flagrant au regard de l\u2019avant-projet de loi d\u2019orientation sur la cr\u00e9ation dans les domaines du spectacle vivant et des arts plastiques, dans sa version d\u2019octobre 2013, dont certaines dispositions sont n\u00e9anmoins reprises. Ainsi, la r\u00e9forme du r\u00e9gime de protection sociale des artistes auteurs, qui figurait pourtant dans le pr\u00e9c\u00e9dent avant-projet, a disparu. Il en est de m\u00eame pour les \u00ab objectifs des politiques publiques de soutien \u00e0 la cr\u00e9ation artistique dans les domaines du spectacle vivant et des arts plastiques \u00bb. Ceux-ci auraient d\u00fb donner lieu \u00e0 des missions sp\u00e9cifiques confi\u00e9es \u00e0 des acteurs publics li\u00e9s \u00e0 la cr\u00e9ation, \u00e0 de nouveaux partenariats avec les collectivit\u00e9s territoriales et \u00e0 une politique de soutien \u00e0 la cr\u00e9ation. De ces objectifs, il ne demeure d\u00e9sormais qu\u2019un article premier fort d\u00e9velopp\u00e9, un peu pompeux et d\u00e9pourvu de port\u00e9e normative. Morceau choisi : \u00ab La Nation prot\u00e8ge la libert\u00e9 de cr\u00e9ation artistique qui contribue \u00e0 la p\u00e9rennit\u00e9 du caract\u00e8re d\u00e9mocratique d\u2019une soci\u00e9t\u00e9 et \u00e0 la coh\u00e9sion sociale. Elle l\u2019inscrit au socle des libert\u00e9s fondamentales en ce qu\u2019elle participe \u00e0 l\u2019\u00e9mancipation de la personne ainsi qu\u2019au d\u00e9veloppement de la pens\u00e9e, des id\u00e9es, de la connaissance et du respect de la diversit\u00e9 des cultures. \u00bb<\/p>\n<p>La reconnaissance port\u00e9e par la nation aux artistes plasticiens se r\u00e9sume alors \u00e0 une seule proposition concr\u00e8te : la possibilit\u00e9 de b\u00e9n\u00e9ficier du revenu de solidarit\u00e9 active (RSA). \u00c0 condition toutefois que l\u2019artiste auteur, notamment d\u2019\u0153uvres graphiques, plastiques et photographiques, tire \u00ab de la vente et de l\u2019exploitation de ses \u0153uvres des revenus n\u2019exc\u00e9dant pas un montant fix\u00e9 par d\u00e9cret \u00bb, conform\u00e9ment au futur alin\u00e9a de l\u2019article L. 262-7 du code de l\u2019action sociale et des familles. D\u2019un montant maximal de 513,88 euros en 2015 pour une personne seule et sans enfant, ce revenu constituera certes un compl\u00e9ment parfois n\u00e9cessaire, auquel les artistes n\u2019avaient \u00e0 ce jour pas droit, mais ne peut fonder en lui-m\u00eame une r\u00e9elle politique de soutien \u00e0 la cr\u00e9ation artistique.<\/p>\n<p><strong>Convergence des \u00e9coles<\/strong><br \/>\nQuant au futur observatoire de la cr\u00e9ation artistique, celui-ci aura \u00ab pour mission d\u2019\u00e9clairer les acteurs \u00e9conomiques et les pouvoirs publics sur les \u00e9volutions sociologiques, \u00e9conomiques et sociales des secteurs du spectacle vivant, des arts plastiques et des industries culturelles \u00bb. Con\u00e7u \u00e0 l\u2019origine au seul b\u00e9n\u00e9fice du spectacle vivant et des arts plastiques, l\u2019ajout des \u00ab industries culturelles \u00bb interpelle, marquant assur\u00e9ment les pr\u00e9occupations actuelles de la ministre. Par ailleurs, le texte de 2013 pr\u00e9voyait la remise d\u2019un rapport d\u2019information tous les trois ans au Premier ministre et au Parlement sur l\u2019\u00e9volution du secteur de la cr\u00e9ation artistique et des politiques publiques en faveur du spectacle vivant et des arts plastiques. La disparition d\u2019un tel rapport ne manque pas d\u2019interroger sur la n\u00e9cessit\u00e9 et la pertinence d\u2019un nouvel observatoire au p\u00e9rim\u00e8tre d\u2019\u00e9tude \u00e9largi et aux pr\u00e9rogatives amoindries.<\/p>\n<p>Enfin, les grandes probl\u00e9matiques li\u00e9es \u00e0 l\u2019enseignement artistique sont r\u00e9duites a minima. Il est uniquement envisag\u00e9 \u00ab d\u2019organiser une convergence entre les \u00e9tablissements d\u2019enseignement sup\u00e9rieur des secteurs du spectacle vivant et des arts plastiques sup\u00e9rieurs en les regroupant sous une m\u00eame appellation \u00bb. Une ordonnance pr\u00e9cisant cette r\u00e9forme devra \u00eatre prise dans un d\u00e9lai d\u2019un an suivant la promulgation de la loi. Et la convention collective pour les arts plastiques, attendue depuis des ann\u00e9es, n\u2019est nullement mentionn\u00e9e. L\u2019ambition est donc report\u00e9e \u00e0 demain. Devant l\u2019Assembl\u00e9e nationale, l\u2019actuelle ministre \u00e9non\u00e7ait que la future loi \u00ab constitue un geste politique, affirmant le caract\u00e8re national de notre politique culturelle et permettant l\u2019adaptation d\u2019un certain nombre de principes fondateurs \u00bb. Si le geste politique est bien pr\u00e9sent, il valorise et soutient surtout les artistes-interpr\u00e8tes, le cin\u00e9ma et le spectacle vivant.<\/p>\n","protected":false},"excerpt":{"rendered":"<p>L\u2019avant-projet de la loi sur la cr\u00e9ation et le patrimoine fait peu de cas des artistes plasticiens, seule mesure concr\u00e8te<\/p>\n","protected":false},"author":1,"featured_media":0,"comment_status":"open","ping_status":"open","sticky":false,"template":"","format":"standard","meta":{"_monsterinsights_skip_tracking":false,"_monsterinsights_sitenote_active":false,"_monsterinsights_sitenote_note":"","_monsterinsights_sitenote_category":0,"jetpack_post_was_ever_published":false,"_jetpack_newsletter_access":"","_jetpack_newsletter_tier_id":0,"footnotes":""},"categories":[39,220,1332,3648,178,514,179,907],"tags":[3742,4003,44,3736,40,3739,22,37,232,3744,3743,103,3453,489,3741,3740,52,3737,3738,3745],"jetpack_sharing_enabled":true,"jetpack_featured_media_url":"","jetpack_shortlink":"https:\/\/wp.me\/p6hYQX-2gn","jetpack-related-posts":[{"id":5601,"url":"https:\/\/www.lilavert.com\/blog_lilavert\/esthetisme-absolu-dans-les-photographies-de-desiree-dolron\/","url_meta":{"origin":8703,"position":0},"title":"Esth\u00e9tisme absolu dans les photographies de Desiree Dolron","author":"LilaVert I-I","date":"26\/01\/2014","format":"gallery","excerpt":"Esth\u00e9tisme absolu dans les photographies de Desiree Dolron. Artiste N\u00e9erlandaise. Desiree Dolron, l\u2019une des figures les plus remarquables de la photographie n\u00e9erlandaise contemporaine, aspire \u00e0 une esth\u00e9tique de l\u2019absolu alliant myst\u00e8re, violence et perfection. Sa premi\u00e8re s\u00e9rie,\u00a0Exaltation, Images of Religion and Death\u00a0(1991-1999), consacr\u00e9e aux rituels religieux, va de la transe\u2026","rel":"","context":"Dans &quot;art&quot;","block_context":{"text":"art","link":"https:\/\/www.lilavert.com\/blog_lilavert\/category\/art\/"},"img":{"alt_text":"Desiree Dolron - ouvrage \/ Photographies","src":"https:\/\/i0.wp.com\/www.lilavert.com\/blog_lilavert\/wp-content\/uploads\/2014\/01\/Desiree-Dolron-ouvrage.jpg?resize=350%2C200&ssl=1","width":350,"height":200,"srcset":"https:\/\/i0.wp.com\/www.lilavert.com\/blog_lilavert\/wp-content\/uploads\/2014\/01\/Desiree-Dolron-ouvrage.jpg?resize=350%2C200&ssl=1 1x, https:\/\/i0.wp.com\/www.lilavert.com\/blog_lilavert\/wp-content\/uploads\/2014\/01\/Desiree-Dolron-ouvrage.jpg?resize=525%2C300&ssl=1 1.5x"},"classes":[]},{"id":10585,"url":"https:\/\/www.lilavert.com\/blog_lilavert\/monica-mariniello-sculptures\/","url_meta":{"origin":8703,"position":1},"title":"Monica Mariniello Sculptures","author":"LilaVert I-I","date":"06\/12\/2015","format":"gallery","excerpt":"Monica Mariniello Sculptures (France) \"Enfant, et m\u00eame apr\u00e8s, je passais de longs apr\u00e8s-midis \u00e0 me promener dans la campagne toscane, souvent sur des sites \u00e9trusques. Les traces de roues des chars inscrites dans la pierre des rues d\u2019une ville disparue \u00e0 jamais, les blocs immenses des murailles ext\u00e9rieures, les tombeaux\u2026","rel":"","context":"Dans &quot;art&quot;","block_context":{"text":"art","link":"https:\/\/www.lilavert.com\/blog_lilavert\/category\/art\/"},"img":{"alt_text":"Monica Mariniello - Sculptures \"\u00c3\u00aatres\"","src":"https:\/\/i0.wp.com\/www.lilavert.com\/blog_lilavert\/wp-content\/uploads\/2015\/12\/Monica-Mariniello-Sculptures-etres-635x1024.png?resize=350%2C200&ssl=1","width":350,"height":200,"srcset":"https:\/\/i0.wp.com\/www.lilavert.com\/blog_lilavert\/wp-content\/uploads\/2015\/12\/Monica-Mariniello-Sculptures-etres-635x1024.png?resize=350%2C200&ssl=1 1x, https:\/\/i0.wp.com\/www.lilavert.com\/blog_lilavert\/wp-content\/uploads\/2015\/12\/Monica-Mariniello-Sculptures-etres-635x1024.png?resize=525%2C300&ssl=1 1.5x"},"classes":[]},{"id":7803,"url":"https:\/\/www.lilavert.com\/blog_lilavert\/horses-sculptures-saone-de-stalh\/","url_meta":{"origin":8703,"position":2},"title":"Horses sculptures of Saone de Stalh","author":"LilaVert I-I","date":"21\/09\/2014","format":"gallery","excerpt":"Horses sculptures of Saone de Stalh.\u00a0(FR) n\u00e9e en 1984. Sculpteur-plasticienne, elle se consacre enti\u00e8rement \u00e0 un projet : la r\u00e9alisation de sculptures \u00e9questres monumentales. Les sculptures de cette jeune artiste trouvent leurs racines dans les hantises secr\u00e8tes o\u00f9 prennent vie les mouvements naturels \u00e0 l'animal. La langue de la mati\u00e8re\u2026","rel":"","context":"Dans &quot;Animaux&quot;","block_context":{"text":"Animaux","link":"https:\/\/www.lilavert.com\/blog_lilavert\/category\/animaux-2\/"},"img":{"alt_text":"","src":"","width":0,"height":0},"classes":[]},{"id":8734,"url":"https:\/\/www.lilavert.com\/blog_lilavert\/geraldine-georges-illustrations\/","url_meta":{"origin":8703,"position":3},"title":"G\u00e9raldine Georges Illustrations","author":"LilaVert I-I","date":"27\/01\/2015","format":"gallery","excerpt":"G\u00e9raldine Georges Illustrations,\u00a0Illustrator from Belgium, Bruxelles. After graduating from the Academy of Fine Arts in Brussels G\u00e9raldine worked as a graphic designer in various advertising agencies for 7 years. Towards the end of 2006, She started to work as a freelance illustrator. She did not felt like she was leaving\u2026","rel":"","context":"Dans &quot;art&quot;","block_context":{"text":"art","link":"https:\/\/www.lilavert.com\/blog_lilavert\/category\/art\/"},"img":{"alt_text":"G\u00c3\u00a9raldine Georges Illustrations","src":"https:\/\/i0.wp.com\/www.lilavert.com\/blog_lilavert\/wp-content\/uploads\/2015\/01\/G\u00c3\u00a9raldine-Georges-Illustrations1.jpg?resize=350%2C200&ssl=1","width":350,"height":200,"srcset":"https:\/\/i0.wp.com\/www.lilavert.com\/blog_lilavert\/wp-content\/uploads\/2015\/01\/G\u00c3\u00a9raldine-Georges-Illustrations1.jpg?resize=350%2C200&ssl=1 1x, https:\/\/i0.wp.com\/www.lilavert.com\/blog_lilavert\/wp-content\/uploads\/2015\/01\/G\u00c3\u00a9raldine-Georges-Illustrations1.jpg?resize=525%2C300&ssl=1 1.5x"},"classes":[]},{"id":5005,"url":"https:\/\/www.lilavert.com\/blog_lilavert\/rachel-convers-galerie-de-fines-animosites\/","url_meta":{"origin":8703,"position":4},"title":"Rachel CONVERS, galerie de Fines Animosit\u00e9s","author":"LilaVert I-I","date":"19\/12\/2013","format":"gallery","excerpt":"Rachel CONVERS, galerie de Fines Animosit\u00e9s. Alias le studio\u00a0IBRIDE,\u00a0trio compl\u00e9mentaire : Beno\u00eet Convers (designer), Rachel Convers (graphiste) et Carine Jannin (charg\u00e9e de l\u00b4\u00e9dition). le Shop Follow on FB","rel":"","context":"Dans &quot;Animaux&quot;","block_context":{"text":"Animaux","link":"https:\/\/www.lilavert.com\/blog_lilavert\/category\/animaux-2\/"},"img":{"alt_text":"","src":"","width":0,"height":0},"classes":[]},{"id":8909,"url":"https:\/\/www.lilavert.com\/blog_lilavert\/quoi-tas-pas-encore-signe-la-petition-contre-les-discriminations-administratives-des-designers-independants\/","url_meta":{"origin":8703,"position":5},"title":"Quoi ! t&rsquo;as pas encore sign\u00e9 la p\u00e9tition contre les discriminations administratives des designers ind\u00e9pendants ?","author":"LilaVert I-I","date":"24\/02\/2015","format":false,"excerpt":"Quoi ! t'as pas encore sign\u00e9 la p\u00e9tition contre les discriminations administratives des designers ind\u00e9pendants ? Extrait : Quelle valeur la France veut-elle donner \u00e0 ses designers ? Pourquoi aucune part de\u00a0cr\u00e9ation\u00a0n'est pas\u00a0de facto\u00a0reconnue au design ? Cette discipline, qui compte peu de salari\u00e9s, est pratiqu\u00e9e en soci\u00e9t\u00e9 et par\u2026","rel":"","context":"Dans &quot;Artiste&quot;","block_context":{"text":"Artiste","link":"https:\/\/www.lilavert.com\/blog_lilavert\/category\/artiste-2\/"},"img":{"alt_text":"AFD - P\u00e9tition droits designers","src":"https:\/\/i0.wp.com\/www.lilavert.com\/blog_lilavert\/wp-content\/uploads\/2015\/02\/AFD.png?resize=350%2C200&ssl=1","width":350,"height":200},"classes":[]}],"_links":{"self":[{"href":"https:\/\/www.lilavert.com\/blog_lilavert\/wp-json\/wp\/v2\/posts\/8703"}],"collection":[{"href":"https:\/\/www.lilavert.com\/blog_lilavert\/wp-json\/wp\/v2\/posts"}],"about":[{"href":"https:\/\/www.lilavert.com\/blog_lilavert\/wp-json\/wp\/v2\/types\/post"}],"author":[{"embeddable":true,"href":"https:\/\/www.lilavert.com\/blog_lilavert\/wp-json\/wp\/v2\/users\/1"}],"replies":[{"embeddable":true,"href":"https:\/\/www.lilavert.com\/blog_lilavert\/wp-json\/wp\/v2\/comments?post=8703"}],"version-history":[{"count":0,"href":"https:\/\/www.lilavert.com\/blog_lilavert\/wp-json\/wp\/v2\/posts\/8703\/revisions"}],"wp:attachment":[{"href":"https:\/\/www.lilavert.com\/blog_lilavert\/wp-json\/wp\/v2\/media?parent=8703"}],"wp:term":[{"taxonomy":"category","embeddable":true,"href":"https:\/\/www.lilavert.com\/blog_lilavert\/wp-json\/wp\/v2\/categories?post=8703"},{"taxonomy":"post_tag","embeddable":true,"href":"https:\/\/www.lilavert.com\/blog_lilavert\/wp-json\/wp\/v2\/tags?post=8703"}],"curies":[{"name":"wp","href":"https:\/\/api.w.org\/{rel}","templated":true}]}}