{"id":869,"date":"2013-04-15T23:15:33","date_gmt":"2013-04-15T23:15:33","guid":{"rendered":"https:\/\/www.lilavert.com\/blog_lilavert\/?p=869"},"modified":"2016-07-29T14:59:18","modified_gmt":"2016-07-29T14:59:18","slug":"entre-ron-mueck-et-patricia-piccinini-mon-coeur-balance","status":"publish","type":"post","link":"https:\/\/www.lilavert.com\/blog_lilavert\/entre-ron-mueck-et-patricia-piccinini-mon-coeur-balance\/","title":{"rendered":"Entre Ron Mueck et Patricia Piccinini, mon coeur balance&#8230;"},"content":{"rendered":"<p><strong>Entre Ron Mueck et Patricia Piccinini, mon coeur balance&#8230;<\/strong><\/p>\n<p>&nbsp;<\/p>\n<blockquote><p><strong>\/\/\/ Exposition RON MUECK<\/strong><br \/>\n<strong>Du 16 avril au 29 septembre 2013, la Fondation Cartier pour l\u2019art contemporain invite le sculpteur australien Ron Mueck \u00e0 pr\u00e9senter ses \u0153uvres \u00e9mouvantes et troublantes, marquant son grand retour institutionnel en Europe.<\/strong><br \/>\nApr\u00e8s le succ\u00e8s de 2005 \u00e0 la Fondation Cartier, cette nouvelle exposition personnelle est la plus compl\u00e8te et la plus actuelle de la production de l\u2019artiste. Elle d\u00e9voilera notamment, outre six \u0153uvres r\u00e9centes, trois sculptures r\u00e9alis\u00e9es sp\u00e9cialement pour l\u2019exposition. Ces \u0153uvres, r\u00e9v\u00e9l\u00e9es dans l\u2019intimit\u00e9 de leur cr\u00e9ation \u00e0 travers un film in\u00e9dit, r\u00e9affirment toute la modernit\u00e9 d\u2019un art \u00e0 fleur de peau, aussi puissant qu\u2019\u00e9vocateur.<\/p>\n<p><a title=\"Entre Ron Mueck et Patricia Piccinini, mon coeur balance\u2026\" href=\"https:\/\/www.lilavert.com\/blog_lilavert\/entre-ron-mueck-et-patricia-piccinini-mon-coeur-balance\/\"><img loading=\"lazy\" decoding=\"async\" class=\"alignleft wp-image-1539 size-full\" title=\"ron-mueck - Expo Paris 2013\" src=\"https:\/\/www.lilavert.com\/blog_lilavert\/wp-content\/uploads\/2012\/11\/ron-mueck1.jpg\" alt=\"\" width=\"659\" height=\"436\" srcset=\"https:\/\/www.lilavert.com\/blog_lilavert\/wp-content\/uploads\/2012\/11\/ron-mueck1.jpg 659w, https:\/\/www.lilavert.com\/blog_lilavert\/wp-content\/uploads\/2012\/11\/ron-mueck1-300x198.jpg 300w, https:\/\/www.lilavert.com\/blog_lilavert\/wp-content\/uploads\/2012\/11\/ron-mueck1-400x264.jpg 400w\" sizes=\"(max-width: 659px) 100vw, 659px\" \/><\/a><\/p>\n<p><a title=\"Entre Ron Mueck et Patricia Piccinini, mon coeur balance\u2026\" href=\"https:\/\/www.lilavert.com\/blog_lilavert\/entre-ron-mueck-et-patricia-piccinini-mon-coeur-balance\/\"><img loading=\"lazy\" decoding=\"async\" class=\"alignnone wp-image-1540 size-full\" title=\"Ron Mueck - Expo Paris 2013 - Fondation Cartier\" src=\"https:\/\/www.lilavert.com\/blog_lilavert\/wp-content\/uploads\/2012\/11\/ron-mueck2.jpg\" alt=\"\" width=\"659\" height=\"415\" srcset=\"https:\/\/www.lilavert.com\/blog_lilavert\/wp-content\/uploads\/2012\/11\/ron-mueck2.jpg 659w, https:\/\/www.lilavert.com\/blog_lilavert\/wp-content\/uploads\/2012\/11\/ron-mueck2-300x188.jpg 300w, https:\/\/www.lilavert.com\/blog_lilavert\/wp-content\/uploads\/2012\/11\/ron-mueck2-400x251.jpg 400w\" sizes=\"(max-width: 659px) 100vw, 659px\" \/><\/a><\/p><\/blockquote>\n<p>&#8230;&#8230;.<\/p>\n<p>Entre Ron Mueck et Patricia Piccinini, mon coeur balance&#8230;<br \/>\nTous les deux d&rsquo;origine australienne,\u00a0ils ont en commun de travailler la sculpture de maniere ultra-r\u00e9aliste : silicone, mat\u00e9riaux plastiques ou organiques &#8211; poils d\u2019humains ou d\u2019animaux&#8230;<br \/>\n<strong>Ron Mueck<\/strong> fait dans la d\u00e9mesure humaine, <strong>Patricia Piccinini<\/strong> travaille quant \u00e0 elle \u00e0 notre mutation&#8230;<br \/>\n<strong><a title=\"Patricia Piccinini, sculptures\" href=\"http:\/\/www.patriciapiccinini.net\" target=\"_blank\">Visitez le site de <strong>Patricia Piccinini<\/strong>.<\/a>\u00a0\/<\/strong><\/p>\n<p><strong>EXPO de Patricia Piccinini\u00a0: du\u00a0<\/strong>26 Apr 13 au 30 Juin 13,\u00a0<a title=\"expo Patricia Piccinini\" href=\"http:\/\/www.patriciapiccinini.net\/calendar\/67\" target=\"_blank\">Nature of the Beast<\/a>,\u00a0The New Art Gallery Walsall, ENGLAND.<\/p>\n<p>et d\u00e9couvrez <strong>Ron Mueck<\/strong> en video, la <strong>cr\u00e9ation de la sculpture Born<\/strong> :<br \/>\n<iframe loading=\"lazy\" src=\"https:\/\/www.youtube.com\/embed\/8d-Yub0lu7Q\" width=\"420\" height=\"315\" frameborder=\"0\" allowfullscreen=\"allowfullscreen\"><\/iframe><\/p>\n<ul>\n<li><a title=\"RonMueck wikipedia\" href=\"http:\/\/fr.wikipedia.org\/wiki\/Ron_Mueck\" target=\"_blank\">sa <strong>BIO<\/strong> sur Wiki<\/a><\/li>\n<\/ul>\n<h2>Visitez aussi ma page<br \/>\n<a title=\"Sculpteur hyper Realiste\" href=\"https:\/\/www.lilavert.com\/blog_lilavert\/gallerie-1\/sculptures-hyperrealistes\/\">\u00ab\u00a0Sculpteurs addict\u00a0\u00bb d\u00e9di\u00e9e \u00e0 tous les Sculpteurs hyper-r\u00e9alistes contemporains<\/a>\u00ab\u00a0<\/h2>\n<p><a title=\"Entre Ron Mueck et Patricia Piccinini, mon coeur balance\u2026\" href=\"https:\/\/www.lilavert.com\/blog_lilavert\/entre-ron-mueck-et-patricia-piccinini-mon-coeur-balance\/\"><img loading=\"lazy\" decoding=\"async\" class=\"alignleft wp-image-878 size-full\" title=\"bodyguard - piccinini\" src=\"https:\/\/www.lilavert.com\/blog_lilavert\/wp-content\/uploads\/2012\/11\/bodyguard-piccinini.jpg\" alt=\"bodyguard - piccinini\" width=\"487\" height=\"650\" srcset=\"https:\/\/www.lilavert.com\/blog_lilavert\/wp-content\/uploads\/2012\/11\/bodyguard-piccinini.jpg 487w, https:\/\/www.lilavert.com\/blog_lilavert\/wp-content\/uploads\/2012\/11\/bodyguard-piccinini-224x300.jpg 224w, https:\/\/www.lilavert.com\/blog_lilavert\/wp-content\/uploads\/2012\/11\/bodyguard-piccinini-400x533.jpg 400w\" sizes=\"(max-width: 487px) 100vw, 487px\" \/><\/a><\/p>\n","protected":false},"excerpt":{"rendered":"<p>Entre Ron Mueck et Patricia Piccinini, mon coeur balance&#8230; &nbsp; \/\/\/ Exposition RON MUECK Du 16 avril au 29 septembre<\/p>\n","protected":false},"author":1,"featured_media":0,"comment_status":"open","ping_status":"open","sticky":false,"template":"","format":"gallery","meta":{"_monsterinsights_skip_tracking":false,"_monsterinsights_sitenote_active":false,"_monsterinsights_sitenote_note":"","_monsterinsights_sitenote_category":0,"jetpack_post_was_ever_published":false,"_jetpack_newsletter_access":"","_jetpack_newsletter_tier_id":0,"footnotes":""},"categories":[39,220,1332,16,179],"tags":[4003,382,82,44,40,132,22,144,37,1397,324,381,131,134,480,1619,130,129,1648,466,25,20,627,51,133,598],"jetpack_sharing_enabled":true,"jetpack_featured_media_url":"","jetpack_shortlink":"https:\/\/wp.me\/p6hYQX-e1","jetpack-related-posts":[{"id":2051,"url":"https:\/\/www.lilavert.com\/blog_lilavert\/artistes-sculpteurs-hyperrealistes-contemporains\/","url_meta":{"origin":869,"position":0},"title":"Artistes sculpteurs hyperrealistes contemporains","author":"LilaVert I-I","date":"30\/04\/2013","format":false,"excerpt":"SCULPTURES ADDICT. MOUVANCE HYPER-R\u00c9ALISTE CONTEMPORAINE. A l'occasion de l'exposition Ron MUECK \u00e0 la Fondation Cartier, 2013, retrouvez tous les sculpteurs\u00a0hyperRealistes contemporains sur ma page \"SCULPTURES ADDICT\" >> Xooang Choi,\u00a0Patricia Piccini, Ron Mueck,\u00a0Tip Toland,\u00a0et aussi Sam Jinks, Evan Penny, Jamie Salmon, Mu Boyan,\u00a0Liu Xue\u2026","rel":"","context":"Dans &quot;Artiste&quot;","block_context":{"text":"Artiste","link":"https:\/\/www.lilavert.com\/blog_lilavert\/category\/artiste-2\/"},"img":{"alt_text":"","src":"https:\/\/i0.wp.com\/www.lilavert.com\/blog_lilavert\/wp-content\/uploads\/2013\/04\/Capture-d\u00e2\u0080\u0099\u00c3\u00a9cran-2013-04-30-\u00c3\u00a0-17.27.05.png?resize=350%2C200&ssl=1","width":350,"height":200,"srcset":"https:\/\/i0.wp.com\/www.lilavert.com\/blog_lilavert\/wp-content\/uploads\/2013\/04\/Capture-d\u00e2\u0080\u0099\u00c3\u00a9cran-2013-04-30-\u00c3\u00a0-17.27.05.png?resize=350%2C200&ssl=1 1x, https:\/\/i0.wp.com\/www.lilavert.com\/blog_lilavert\/wp-content\/uploads\/2013\/04\/Capture-d\u00e2\u0080\u0099\u00c3\u00a9cran-2013-04-30-\u00c3\u00a0-17.27.05.png?resize=525%2C300&ssl=1 1.5x, https:\/\/i0.wp.com\/www.lilavert.com\/blog_lilavert\/wp-content\/uploads\/2013\/04\/Capture-d\u00e2\u0080\u0099\u00c3\u00a9cran-2013-04-30-\u00c3\u00a0-17.27.05.png?resize=700%2C400&ssl=1 2x, https:\/\/i0.wp.com\/www.lilavert.com\/blog_lilavert\/wp-content\/uploads\/2013\/04\/Capture-d\u00e2\u0080\u0099\u00c3\u00a9cran-2013-04-30-\u00c3\u00a0-17.27.05.png?resize=1050%2C600&ssl=1 3x, https:\/\/i0.wp.com\/www.lilavert.com\/blog_lilavert\/wp-content\/uploads\/2013\/04\/Capture-d\u00e2\u0080\u0099\u00c3\u00a9cran-2013-04-30-\u00c3\u00a0-17.27.05.png?resize=1400%2C800&ssl=1 4x"},"classes":[]},{"id":2005,"url":"https:\/\/www.lilavert.com\/blog_lilavert\/making-off-de-lexpo-ron-mueck-a-la-fondation-cartier-paris-2013\/","url_meta":{"origin":869,"position":1},"title":"Making off de l&rsquo;expo Ron Mueck \u00e0 la Fondation Cartier &#8211; Paris 2013","author":"LilaVert I-I","date":"21\/04\/2013","format":"video","excerpt":"Making off de l'expo Ron Mueck \u00e0 la Fondation Cartier - Paris 2013 et la cr\u00e9ation acc\u00e9l\u00e9r\u00e9e de \"A girl\" \/ 2006 par Ron Mueck : http:\/\/youtu.be\/8d-Yub0lu7Q VOIR AUSSI MA PAGE DANS\u00a0\u201cSCULPTEUR ADDICT SUR LES SCULPTEURS HYPER-R\u00c9ALISTE\u201c","rel":"","context":"Dans &quot;Artiste&quot;","block_context":{"text":"Artiste","link":"https:\/\/www.lilavert.com\/blog_lilavert\/category\/artiste-2\/"},"img":{"alt_text":"","src":"","width":0,"height":0},"classes":[]},{"id":1694,"url":"https:\/\/www.lilavert.com\/blog_lilavert\/still-life-ron-mueck-at-work-short-edition-exposition-ron-mueck-fondation-cartier-2013\/","url_meta":{"origin":869,"position":2},"title":"Still Life: Ron Mueck at Work &#8211; Short Edition. Exposition Ron Mueck, Fondation Cartier, 2013.","author":"LilaVert I-I","date":"24\/04\/2013","format":"video","excerpt":"Still Life : Ron Mueck at Work - Short Edition. Exposition Ron Mueck, Fondation Cartier, 2013. Fondation Cartier pour l'art contemporain IN\u00c9DIT : \"STILL LIFE : RON MUECK AT WORK\" Pr\u00e9sent\u00e9 en exclusivit\u00e9 dans l'exposition Ron Mueck. Ouverture le 16 avril 2013 \u00e0 la Fondation Cartier pour l'art contemporain. D\u00e9couvrez\u2026","rel":"","context":"Dans &quot;Artiste&quot;","block_context":{"text":"Artiste","link":"https:\/\/www.lilavert.com\/blog_lilavert\/category\/artiste-2\/"},"img":{"alt_text":"sculpture Ron mueck, fondation Cartier 2013","src":"https:\/\/i0.wp.com\/www.lilavert.com\/blog_lilavert\/wp-content\/uploads\/2013\/04\/sculpture-Ron-mueck-fondation-Cartier-2013.jpg?resize=350%2C200&ssl=1","width":350,"height":200,"srcset":"https:\/\/i0.wp.com\/www.lilavert.com\/blog_lilavert\/wp-content\/uploads\/2013\/04\/sculpture-Ron-mueck-fondation-Cartier-2013.jpg?resize=350%2C200&ssl=1 1x, https:\/\/i0.wp.com\/www.lilavert.com\/blog_lilavert\/wp-content\/uploads\/2013\/04\/sculpture-Ron-mueck-fondation-Cartier-2013.jpg?resize=525%2C300&ssl=1 1.5x, https:\/\/i0.wp.com\/www.lilavert.com\/blog_lilavert\/wp-content\/uploads\/2013\/04\/sculpture-Ron-mueck-fondation-Cartier-2013.jpg?resize=700%2C400&ssl=1 2x, https:\/\/i0.wp.com\/www.lilavert.com\/blog_lilavert\/wp-content\/uploads\/2013\/04\/sculpture-Ron-mueck-fondation-Cartier-2013.jpg?resize=1050%2C600&ssl=1 3x"},"classes":[]},{"id":5572,"url":"https:\/\/www.lilavert.com\/blog_lilavert\/sculptures-hyperrealiste-de-tony-matelli\/","url_meta":{"origin":869,"position":3},"title":"Sculptures hyperR\u00e9aliste de Tony Matelli","author":"LilaVert I-I","date":"25\/01\/2014","format":"gallery","excerpt":"Sculptures hyperR\u00e9aliste de Tony Matelli.\u00a0Born 1971 Chicago -\u00a0Lives and works in New York. \u00a0Website","rel":"","context":"Dans &quot;art&quot;","block_context":{"text":"art","link":"https:\/\/www.lilavert.com\/blog_lilavert\/category\/art\/"},"img":{"alt_text":"Tony Matelli - sculpture hyperrealiste - Old Enemy, New Victim1, 2006","src":"https:\/\/i0.wp.com\/www.lilavert.com\/blog_lilavert\/wp-content\/uploads\/2014\/01\/Tony-Matelli-sculpture-hyperrealiste-Old-Enemy-New-Victim1-2006.jpg?resize=350%2C200&ssl=1","width":350,"height":200,"srcset":"https:\/\/i0.wp.com\/www.lilavert.com\/blog_lilavert\/wp-content\/uploads\/2014\/01\/Tony-Matelli-sculpture-hyperrealiste-Old-Enemy-New-Victim1-2006.jpg?resize=350%2C200&ssl=1 1x, https:\/\/i0.wp.com\/www.lilavert.com\/blog_lilavert\/wp-content\/uploads\/2014\/01\/Tony-Matelli-sculpture-hyperrealiste-Old-Enemy-New-Victim1-2006.jpg?resize=525%2C300&ssl=1 1.5x, https:\/\/i0.wp.com\/www.lilavert.com\/blog_lilavert\/wp-content\/uploads\/2014\/01\/Tony-Matelli-sculpture-hyperrealiste-Old-Enemy-New-Victim1-2006.jpg?resize=700%2C400&ssl=1 2x"},"classes":[]},{"id":2070,"url":"https:\/\/www.lilavert.com\/blog_lilavert\/lisa-lichtenfels-dans-la-mouvance-des-sculptures-hyperrealistes\/","url_meta":{"origin":869,"position":4},"title":"Lisa Lichtenfels dans la mouvance des sculptures hyperrealistes","author":"LilaVert I-I","date":"03\/05\/2013","format":"gallery","excerpt":"Lisa Lichtenfels dans la mouvance des sculptures hyperrealistes, Origine : Etats-Unis D\u00e9couvrez ses oeuvres ! VOIR AUSSI MA PAGE DANS\u00a0\u201cSCULPTEUR ADDICT\u201d SUR LES SCULPTEURS HYPER-R\u00c9ALISTE","rel":"","context":"Dans &quot;Artiste&quot;","block_context":{"text":"Artiste","link":"https:\/\/www.lilavert.com\/blog_lilavert\/category\/artiste-2\/"},"img":{"alt_text":"","src":"https:\/\/i0.wp.com\/www.lilavert.com\/blog_lilavert\/wp-content\/uploads\/2013\/05\/Lisa-Lichtenfels5.jpg?resize=350%2C200&ssl=1","width":350,"height":200},"classes":[]},{"id":1452,"url":"https:\/\/www.lilavert.com\/blog_lilavert\/samuel-salcedo-ou-la-risibilite-humaine\/","url_meta":{"origin":869,"position":5},"title":"Samuel Salcedo ou la risibilit\u00e9 humaine","author":"LilaVert I-I","date":"22\/02\/2013","format":"gallery","excerpt":"Samuel Salcedo ou la risibilit\u00e9 humaine\u00a0est n\u00e9 en 1975 \u00e0 Barcelone en Espagne. Il est dans la lign\u00e9e des sculpteurs hyper-r\u00e9aliste tels que Ron Mueck ou Patricia Piccinini. Ses sculptures d\u00e9notent d'une certaine d\u00e9rision de l'humain, o\u00f9 se m\u00e8le farces et \u00e9motions. \u00a0Website \u00a0 #NORMANDIE Jardins d'Etretat : Gouttes de\u2026","rel":"","context":"Dans &quot;art&quot;","block_context":{"text":"art","link":"https:\/\/www.lilavert.com\/blog_lilavert\/category\/art\/"},"img":{"alt_text":"Sculpteur Samuel Salcedo.com","src":"https:\/\/i0.wp.com\/www.lilavert.com\/blog_lilavert\/wp-content\/uploads\/2013\/02\/salcedo-idol1.jpg?resize=350%2C200&ssl=1","width":350,"height":200,"srcset":"https:\/\/i0.wp.com\/www.lilavert.com\/blog_lilavert\/wp-content\/uploads\/2013\/02\/salcedo-idol1.jpg?resize=350%2C200&ssl=1 1x, https:\/\/i0.wp.com\/www.lilavert.com\/blog_lilavert\/wp-content\/uploads\/2013\/02\/salcedo-idol1.jpg?resize=525%2C300&ssl=1 1.5x"},"classes":[]}],"_links":{"self":[{"href":"https:\/\/www.lilavert.com\/blog_lilavert\/wp-json\/wp\/v2\/posts\/869"}],"collection":[{"href":"https:\/\/www.lilavert.com\/blog_lilavert\/wp-json\/wp\/v2\/posts"}],"about":[{"href":"https:\/\/www.lilavert.com\/blog_lilavert\/wp-json\/wp\/v2\/types\/post"}],"author":[{"embeddable":true,"href":"https:\/\/www.lilavert.com\/blog_lilavert\/wp-json\/wp\/v2\/users\/1"}],"replies":[{"embeddable":true,"href":"https:\/\/www.lilavert.com\/blog_lilavert\/wp-json\/wp\/v2\/comments?post=869"}],"version-history":[{"count":0,"href":"https:\/\/www.lilavert.com\/blog_lilavert\/wp-json\/wp\/v2\/posts\/869\/revisions"}],"wp:attachment":[{"href":"https:\/\/www.lilavert.com\/blog_lilavert\/wp-json\/wp\/v2\/media?parent=869"}],"wp:term":[{"taxonomy":"category","embeddable":true,"href":"https:\/\/www.lilavert.com\/blog_lilavert\/wp-json\/wp\/v2\/categories?post=869"},{"taxonomy":"post_tag","embeddable":true,"href":"https:\/\/www.lilavert.com\/blog_lilavert\/wp-json\/wp\/v2\/tags?post=869"}],"curies":[{"name":"wp","href":"https:\/\/api.w.org\/{rel}","templated":true}]}}