{"id":8684,"date":"2015-01-08T20:45:08","date_gmt":"2015-01-08T20:45:08","guid":{"rendered":"https:\/\/www.lilavert.com\/blog_lilavert\/?p=8684"},"modified":"2015-01-08T20:47:21","modified_gmt":"2015-01-08T20:47:21","slug":"mouvement-je-suis-charlie-et-grossiere-erreur-de-com-des-3suisses","status":"publish","type":"post","link":"https:\/\/www.lilavert.com\/blog_lilavert\/mouvement-je-suis-charlie-et-grossiere-erreur-de-com-des-3suisses\/","title":{"rendered":"Mouvement \u00ab\u00a0Je suis Charlie\u00a0\u00bb et Grossiere erreur de com des 3suisses"},"content":{"rendered":"<p><strong>Mouvement \u00ab\u00a0Je suis Charlie\u00a0\u00bb et Grossiere erreur de communication des 3suisses<\/strong> post\u00e9e sur leur <strong><a title=\"Mouvement &quot;Je suis Charlie&quot; et Grossiere erreur de com des 3suisses\" href=\"https:\/\/www.facebook.com\/3suisses\" target=\"_blank\">profil facebook<\/a>.<\/strong><br \/>\nUne erreur de com en mixant d&rsquo;une dr\u00f4le de mani\u00e8re leur identit\u00e9 \u00e0 celle du mouvement de solidarit\u00e9 naturelle et spontan\u00e9 contre l&rsquo;attentat subit le 7 janvier 2015 par le journal\u00a0<strong>Charlie Hebdo<\/strong>.<\/p>\n<p><a href=\"https:\/\/www.lilavert.com\/blog_lilavert\/wp-content\/uploads\/2015\/01\/3suisses-je-suis-charlie.jpg\"><img loading=\"lazy\" decoding=\"async\" class=\"size-large wp-image-8685 alignnone\" title=\"3suisses - je suis charlie \/ Grossiere communication\" src=\"https:\/\/www.lilavert.com\/blog_lilavert\/wp-content\/uploads\/2015\/01\/3suisses-je-suis-charlie-1024x535.jpg\" alt=\"3suisses - je suis charlie \/ Grossiere communication\" width=\"800\" height=\"417\" srcset=\"https:\/\/www.lilavert.com\/blog_lilavert\/wp-content\/uploads\/2015\/01\/3suisses-je-suis-charlie-1024x535.jpg 1024w, https:\/\/www.lilavert.com\/blog_lilavert\/wp-content\/uploads\/2015\/01\/3suisses-je-suis-charlie-150x78.jpg 150w, https:\/\/www.lilavert.com\/blog_lilavert\/wp-content\/uploads\/2015\/01\/3suisses-je-suis-charlie-300x156.jpg 300w, https:\/\/www.lilavert.com\/blog_lilavert\/wp-content\/uploads\/2015\/01\/3suisses-je-suis-charlie-400x209.jpg 400w, https:\/\/www.lilavert.com\/blog_lilavert\/wp-content\/uploads\/2015\/01\/3suisses-je-suis-charlie.jpg 1200w\" sizes=\"(max-width: 800px) 100vw, 800px\" \/><\/a><\/p>\n<p><strong>La r\u00e9ponse ne s&rsquo;est pas fait attendre de la part des internautes<\/strong>, choqu\u00e9s et offusqu\u00e9s par la r\u00e9cup\u00e9ration commerciale.<\/p>\n<div id=\"attachment_8686\" style=\"width: 810px\" class=\"wp-caption alignnone\"><a href=\"https:\/\/www.lilavert.com\/blog_lilavert\/wp-content\/uploads\/2015\/01\/3suisses-opportunistes-je-suis-charlie.jpg\"><img loading=\"lazy\" decoding=\"async\" aria-describedby=\"caption-attachment-8686\" class=\"size-large wp-image-8686\" title=\"3suisses opportunistes - je suis charlie \u00a9Nicolas Dhaene\" src=\"https:\/\/www.lilavert.com\/blog_lilavert\/wp-content\/uploads\/2015\/01\/3suisses-opportunistes-je-suis-charlie-1024x533.jpg\" alt=\"3suisses opportunistes - je suis charlie \u00a9Nicolas Dhaene\" width=\"800\" height=\"416\" srcset=\"https:\/\/www.lilavert.com\/blog_lilavert\/wp-content\/uploads\/2015\/01\/3suisses-opportunistes-je-suis-charlie-1024x533.jpg 1024w, https:\/\/www.lilavert.com\/blog_lilavert\/wp-content\/uploads\/2015\/01\/3suisses-opportunistes-je-suis-charlie-150x78.jpg 150w, https:\/\/www.lilavert.com\/blog_lilavert\/wp-content\/uploads\/2015\/01\/3suisses-opportunistes-je-suis-charlie-300x156.jpg 300w, https:\/\/www.lilavert.com\/blog_lilavert\/wp-content\/uploads\/2015\/01\/3suisses-opportunistes-je-suis-charlie-400x208.jpg 400w, https:\/\/www.lilavert.com\/blog_lilavert\/wp-content\/uploads\/2015\/01\/3suisses-opportunistes-je-suis-charlie.jpg 1198w\" sizes=\"(max-width: 800px) 100vw, 800px\" \/><\/a><\/p>\n<p id=\"caption-attachment-8686\" class=\"wp-caption-text\">3suisses opportunistes &#8211; je suis charlie \u00a9Nicolas Dhaene<\/p>\n<\/div>\n<div id=\"attachment_8689\" style=\"width: 702px\" class=\"wp-caption alignnone\"><a href=\"https:\/\/www.lilavert.com\/blog_lilavert\/wp-content\/uploads\/2015\/01\/3suisses-je-fuis-je-suis-charlie.jpg\"><img loading=\"lazy\" decoding=\"async\" aria-describedby=\"caption-attachment-8689\" class=\"size-full wp-image-8689\" title=\"3suisses - je fuis - je suis charlie \u00a9Sonia Ziane\" src=\"https:\/\/www.lilavert.com\/blog_lilavert\/wp-content\/uploads\/2015\/01\/3suisses-je-fuis-je-suis-charlie.jpg\" alt=\"3suisses - je fuis - je suis charlie \u00a9Sonia Ziane\" width=\"692\" height=\"415\" srcset=\"https:\/\/www.lilavert.com\/blog_lilavert\/wp-content\/uploads\/2015\/01\/3suisses-je-fuis-je-suis-charlie.jpg 692w, https:\/\/www.lilavert.com\/blog_lilavert\/wp-content\/uploads\/2015\/01\/3suisses-je-fuis-je-suis-charlie-150x89.jpg 150w, https:\/\/www.lilavert.com\/blog_lilavert\/wp-content\/uploads\/2015\/01\/3suisses-je-fuis-je-suis-charlie-300x179.jpg 300w, https:\/\/www.lilavert.com\/blog_lilavert\/wp-content\/uploads\/2015\/01\/3suisses-je-fuis-je-suis-charlie-400x239.jpg 400w\" sizes=\"(max-width: 692px) 100vw, 692px\" \/><\/a><\/p>\n<p id=\"caption-attachment-8689\" class=\"wp-caption-text\">3suisses &#8211; je fuis &#8211; je suis charlie \u00a9Sonia Ziane<\/p>\n<\/div>\n<div id=\"attachment_8688\" style=\"width: 810px\" class=\"wp-caption alignnone\"><a href=\"https:\/\/www.lilavert.com\/blog_lilavert\/wp-content\/uploads\/2015\/01\/3suisses-A-gerber-je-suis-charlie.jpg\"><img loading=\"lazy\" decoding=\"async\" aria-describedby=\"caption-attachment-8688\" class=\"size-large wp-image-8688\" title=\"3suisses - A gerber - je suis charlie \/ \u00a9Thibaut Boitelle\" src=\"https:\/\/www.lilavert.com\/blog_lilavert\/wp-content\/uploads\/2015\/01\/3suisses-A-gerber-je-suis-charlie-1024x533.jpg\" alt=\"3suisses - A gerber - je suis charlie \/ \u00a9Thibaut Boitelle\" width=\"800\" height=\"416\" srcset=\"https:\/\/www.lilavert.com\/blog_lilavert\/wp-content\/uploads\/2015\/01\/3suisses-A-gerber-je-suis-charlie-1024x533.jpg 1024w, https:\/\/www.lilavert.com\/blog_lilavert\/wp-content\/uploads\/2015\/01\/3suisses-A-gerber-je-suis-charlie-150x78.jpg 150w, https:\/\/www.lilavert.com\/blog_lilavert\/wp-content\/uploads\/2015\/01\/3suisses-A-gerber-je-suis-charlie-300x156.jpg 300w, https:\/\/www.lilavert.com\/blog_lilavert\/wp-content\/uploads\/2015\/01\/3suisses-A-gerber-je-suis-charlie-400x208.jpg 400w, https:\/\/www.lilavert.com\/blog_lilavert\/wp-content\/uploads\/2015\/01\/3suisses-A-gerber-je-suis-charlie.jpg 1198w\" sizes=\"(max-width: 800px) 100vw, 800px\" \/><\/a><\/p>\n<p id=\"caption-attachment-8688\" class=\"wp-caption-text\">3suisses &#8211; A gerber &#8211; je suis charlie \/ \u00a9Thibaut Boitelle<\/p>\n<\/div>\n<p>Les \u00ab\u00a0<strong>3Suisses\u00a0\u00bb se sont excus\u00e9s<\/strong> se justifiant de leur\u00a0<strong>engagement citoyen<\/strong> en signe de<strong> solidarit\u00e9<\/strong>\u00a0\u00e0 la <strong>libert\u00e9 d&rsquo;expression<\/strong>.<\/p>\n<p><em>\u00ab\u00a0Depuis ce matin vous \u00eates nombreux \u00e0 r\u00e9agir sur la mani\u00e8re dont nous avons exprim\u00e9 notre solidarit\u00e9 face aux terribles \u00e9v\u00e8nements d\u2019hier. Notre intention \u00e9tait de prendre part au mouvement de solidarit\u00e9 sans pr\u00e9c\u00e9dent qui mobilise les Fran\u00e7ais.<\/em><br \/>\n<em>Nous regrettons d\u2019avoir heurt\u00e9 ou choqu\u00e9 en ces moments d\u2019intense \u00e9motion. Jamais nous n\u2019avons voulu en faire une quelconque d\u00e9marche commerciale ; que cela ait pu \u00eatre interpr\u00e9t\u00e9 de la sorte dans un tel contexte a profond\u00e9ment pein\u00e9 nos \u00e9quipes dont l\u2019\u00e9motion \u00e9tait d\u00e9j\u00e0 forte. Oui, aujourd\u2019hui nous sommes tous Charlie .<\/em><br \/>\n<em>Comme plusieurs de nos amis sur Facebook nous l&rsquo;ont recommand\u00e9 nous optons d\u00e9sormais pour l&#8217;emploi du visuel commun\u00e9ment utilis\u00e9 sur les r\u00e9seaux sociaux.\u00a0\u00bb<\/em><\/p>\n<p><a href=\"https:\/\/www.lilavert.com\/blog_lilavert\/wp-content\/uploads\/2015\/01\/je-suis-Charlie.jpg\"><img loading=\"lazy\" decoding=\"async\" class=\"size-full wp-image-8690 alignnone\" title=\"je suis Charlie - Charlie hebdo, mouvement citoyen de solidarit\u00e9\" src=\"https:\/\/www.lilavert.com\/blog_lilavert\/wp-content\/uploads\/2015\/01\/je-suis-Charlie.jpg\" alt=\"je suis Charlie - Charlie hebdo, mouvement citoyen de solidarit\u00e9\" width=\"965\" height=\"526\" srcset=\"https:\/\/www.lilavert.com\/blog_lilavert\/wp-content\/uploads\/2015\/01\/je-suis-Charlie.jpg 965w, https:\/\/www.lilavert.com\/blog_lilavert\/wp-content\/uploads\/2015\/01\/je-suis-Charlie-150x81.jpg 150w, https:\/\/www.lilavert.com\/blog_lilavert\/wp-content\/uploads\/2015\/01\/je-suis-Charlie-300x163.jpg 300w, https:\/\/www.lilavert.com\/blog_lilavert\/wp-content\/uploads\/2015\/01\/je-suis-Charlie-400x218.jpg 400w, https:\/\/www.lilavert.com\/blog_lilavert\/wp-content\/uploads\/2015\/01\/je-suis-Charlie-800x436.jpg 800w\" sizes=\"(max-width: 965px) 100vw, 965px\" \/><\/a><\/p>\n<p>&nbsp;<\/p>\n","protected":false},"excerpt":{"rendered":"<p>Mouvement \u00ab\u00a0Je suis Charlie\u00a0\u00bb et Grossiere erreur de communication des 3suisses post\u00e9e sur leur profil facebook. Une erreur de com<\/p>\n","protected":false},"author":1,"featured_media":0,"comment_status":"open","ping_status":"open","sticky":false,"template":"","format":"standard","meta":{"_monsterinsights_skip_tracking":false,"_monsterinsights_sitenote_active":false,"_monsterinsights_sitenote_note":"","_monsterinsights_sitenote_category":0,"jetpack_post_was_ever_published":false,"_jetpack_newsletter_access":"","_jetpack_newsletter_tier_id":0,"footnotes":""},"categories":[647,215,3648,16,514,907],"tags":[3718,3724,646,3721,3725,3720,641,49,336,103,3453,3719,3726,3723,449,511,3727,3722,3728],"jetpack_sharing_enabled":true,"jetpack_featured_media_url":"","jetpack_shortlink":"https:\/\/wp.me\/p6hYQX-2g4","jetpack-related-posts":[{"id":3114,"url":"https:\/\/www.lilavert.com\/blog_lilavert\/natural-et-sensuelle-photographie-de-charles-grogg\/","url_meta":{"origin":8684,"position":0},"title":"Natural et sensuelle photographie de Charles Grogg","author":"LilaVert I-I","date":"10\/09\/2013","format":"gallery","excerpt":"Charles Grogg est un photographe am\u00e9ricain (n\u00e9 en 1966) qui travaille des sujets comme les natures mortes, botanique, ou imagerie naturelle. Il attire l'attention sur leurs d\u00e9tails intrins\u00e8quement sensuels et marie le monde visible \u00e0 un d\u00e9sir audacieux de formes parfaites. Natural et sensuelle photographie de Charles Grogg :\u00a0Visitez son\u2026","rel":"","context":"Dans &quot;Artiste&quot;","block_context":{"text":"Artiste","link":"https:\/\/www.lilavert.com\/blog_lilavert\/category\/artiste-2\/"},"img":{"alt_text":"","src":"","width":0,"height":0},"classes":[]},{"id":8188,"url":"https:\/\/www.lilavert.com\/blog_lilavert\/world-charles-avery\/","url_meta":{"origin":8684,"position":1},"title":"World of Charles Avery","author":"LilaVert I-I","date":"07\/11\/2014","format":"gallery","excerpt":"World of Charles Avery\u00a0\/\u00a0(born 1973) is a Scottish artist from\u00a0Oban. He currently lives and works in London. Since 2004, he has devoted his practice to the perpetual description of an imaginary island. Through drawings, sculptures and texts. Avery describes the topology, cosmology and inhabitants of this fictional territory, from the\u2026","rel":"","context":"Dans &quot;art&quot;","block_context":{"text":"art","link":"https:\/\/www.lilavert.com\/blog_lilavert\/category\/art\/"},"img":{"alt_text":"","src":"https:\/\/i0.wp.com\/www.lilavert.com\/blog_lilavert\/wp-content\/uploads\/2014\/11\/Charles-Avery-sculptures-tree-200x300.jpg?resize=350%2C200&ssl=1","width":350,"height":200},"classes":[]},{"id":2320,"url":"https:\/\/www.lilavert.com\/blog_lilavert\/la-blague-du-jour-genre-je-suis-une-agence-minable-et-jexploite\/","url_meta":{"origin":8684,"position":2},"title":"La blague du jour, genre je suis une agence minable et j&rsquo;exploite","author":"LilaVert I-I","date":"16\/06\/2013","format":false,"excerpt":"La blague du jour, genre je suis une agence minable et j'exploite. On ne sait jamais, mais avec des tarifs pareils faut pas viser le haut de gamme... Suffit de voir les travaux r\u00e9alis\u00e9s sur leur site. Dommage je ne peux pas citer. \u00a0","rel":"","context":"Dans &quot;Exploitation&quot;","block_context":{"text":"Exploitation","link":"https:\/\/www.lilavert.com\/blog_lilavert\/category\/exploitation-2\/"},"img":{"alt_text":"","src":"https:\/\/i0.wp.com\/www.lilavert.com\/blog_lilavert\/wp-content\/uploads\/2013\/06\/graphiste-exploitation.jpg?resize=350%2C200&ssl=1","width":350,"height":200},"classes":[]},{"id":8914,"url":"https:\/\/www.lilavert.com\/blog_lilavert\/psychology-colors-un-petit-rappel-emotionnel\/","url_meta":{"origin":8684,"position":3},"title":"Psychology of colors, un petit rappel \u00e9motionnel","author":"LilaVert I-I","date":"25\/02\/2015","format":false,"excerpt":"Psychology of colors, un petit rappel \u00e9motionnel de la signification des couleurs. Voir aussi :\u00a0psychologie-of-colors-for-designer\/","rel":"","context":"Dans &quot;Creation&quot;","block_context":{"text":"Creation","link":"https:\/\/www.lilavert.com\/blog_lilavert\/category\/creation-2\/"},"img":{"alt_text":"psychology-colors - signification couleurs","src":"https:\/\/i0.wp.com\/www.lilavert.com\/blog_lilavert\/wp-content\/uploads\/2015\/02\/psychology-colors-460x1024.jpg?resize=350%2C200&ssl=1","width":350,"height":200},"classes":[]},{"id":10393,"url":"https:\/\/www.lilavert.com\/blog_lilavert\/creer-une-charte-graphique\/","url_meta":{"origin":8684,"position":4},"title":"Creer une charte graphique","author":"LilaVert I-I","date":"25\/10\/2015","format":false,"excerpt":"Infographie - Base de r\u00e9flexion pour cr\u00e9er une charte graphique. Polices, logo, couleurs\u2026 Via squid-impact","rel":"","context":"Dans &quot;Creation&quot;","block_context":{"text":"Creation","link":"https:\/\/www.lilavert.com\/blog_lilavert\/category\/creation-2\/"},"img":{"alt_text":"","src":"https:\/\/i0.wp.com\/www.lilavert.com\/blog_lilavert\/wp-content\/uploads\/2015\/10\/creer-une-charte-graphique.jpg?resize=350%2C200&ssl=1","width":350,"height":200,"srcset":"https:\/\/i0.wp.com\/www.lilavert.com\/blog_lilavert\/wp-content\/uploads\/2015\/10\/creer-une-charte-graphique.jpg?resize=350%2C200&ssl=1 1x, https:\/\/i0.wp.com\/www.lilavert.com\/blog_lilavert\/wp-content\/uploads\/2015\/10\/creer-une-charte-graphique.jpg?resize=525%2C300&ssl=1 1.5x, https:\/\/i0.wp.com\/www.lilavert.com\/blog_lilavert\/wp-content\/uploads\/2015\/10\/creer-une-charte-graphique.jpg?resize=700%2C400&ssl=1 2x"},"classes":[]},{"id":9336,"url":"https:\/\/www.lilavert.com\/blog_lilavert\/listen-to-your-heart-beautiful-graphic-ads\/","url_meta":{"origin":8684,"position":5},"title":"Listen to your heart &#8211; Beautiful graphic ADS","author":"LilaVert I-I","date":"08\/05\/2015","format":false,"excerpt":"Listen to your heart - Beautiful graphic ADS, for\u00a0AMICOMED blood pressure service. Advertising Agency:\u00a0DLVBBDO, Milan, Italy Executive Creative Directors:\u00a0Stefania Siani,\u00a0Federico Pepe Source :\u00a0adsoftheworld.com \u00a0","rel":"","context":"Dans &quot;graphisme&quot;","block_context":{"text":"graphisme","link":"https:\/\/www.lilavert.com\/blog_lilavert\/category\/graphisme\/"},"img":{"alt_text":"Listen to your heart - Advertising","src":"https:\/\/i0.wp.com\/www.lilavert.com\/blog_lilavert\/wp-content\/uploads\/2015\/05\/listen-to-your-heart-682x1024.jpg?resize=350%2C200&ssl=1","width":350,"height":200,"srcset":"https:\/\/i0.wp.com\/www.lilavert.com\/blog_lilavert\/wp-content\/uploads\/2015\/05\/listen-to-your-heart-682x1024.jpg?resize=350%2C200&ssl=1 1x, https:\/\/i0.wp.com\/www.lilavert.com\/blog_lilavert\/wp-content\/uploads\/2015\/05\/listen-to-your-heart-682x1024.jpg?resize=525%2C300&ssl=1 1.5x"},"classes":[]}],"_links":{"self":[{"href":"https:\/\/www.lilavert.com\/blog_lilavert\/wp-json\/wp\/v2\/posts\/8684"}],"collection":[{"href":"https:\/\/www.lilavert.com\/blog_lilavert\/wp-json\/wp\/v2\/posts"}],"about":[{"href":"https:\/\/www.lilavert.com\/blog_lilavert\/wp-json\/wp\/v2\/types\/post"}],"author":[{"embeddable":true,"href":"https:\/\/www.lilavert.com\/blog_lilavert\/wp-json\/wp\/v2\/users\/1"}],"replies":[{"embeddable":true,"href":"https:\/\/www.lilavert.com\/blog_lilavert\/wp-json\/wp\/v2\/comments?post=8684"}],"version-history":[{"count":0,"href":"https:\/\/www.lilavert.com\/blog_lilavert\/wp-json\/wp\/v2\/posts\/8684\/revisions"}],"wp:attachment":[{"href":"https:\/\/www.lilavert.com\/blog_lilavert\/wp-json\/wp\/v2\/media?parent=8684"}],"wp:term":[{"taxonomy":"category","embeddable":true,"href":"https:\/\/www.lilavert.com\/blog_lilavert\/wp-json\/wp\/v2\/categories?post=8684"},{"taxonomy":"post_tag","embeddable":true,"href":"https:\/\/www.lilavert.com\/blog_lilavert\/wp-json\/wp\/v2\/tags?post=8684"}],"curies":[{"name":"wp","href":"https:\/\/api.w.org\/{rel}","templated":true}]}}