{"id":8606,"date":"2014-12-30T14:08:20","date_gmt":"2014-12-30T14:08:20","guid":{"rendered":"https:\/\/www.lilavert.com\/blog_lilavert\/?p=8606"},"modified":"2014-12-30T14:22:57","modified_gmt":"2014-12-30T14:22:57","slug":"mont-cervin-360","status":"publish","type":"post","link":"https:\/\/www.lilavert.com\/blog_lilavert\/mont-cervin-360\/","title":{"rendered":"Mont Cervin \u00e0 360\u00b0"},"content":{"rendered":"<p><strong>Mont Cervin \u00e0 360\u00b0 \u00a0<\/strong>Magnifique !!<\/p>\n<p><a href=\"https:\/\/www.lilavert.com\/blog_lilavert\/wp-content\/uploads\/2014\/12\/Mont-cervin-360\u00b0.png\"><img loading=\"lazy\" decoding=\"async\" class=\"size-large wp-image-8613 alignnone\" title=\"Mont cervin 360\u00b0\" src=\"https:\/\/www.lilavert.com\/blog_lilavert\/wp-content\/uploads\/2014\/12\/Mont-cervin-360\u00b0-1024x644.png\" alt=\"Mont cervin 360\u00b0\" width=\"800\" height=\"503\" srcset=\"https:\/\/www.lilavert.com\/blog_lilavert\/wp-content\/uploads\/2014\/12\/Mont-cervin-360\u00b0-1024x644.png 1024w, https:\/\/www.lilavert.com\/blog_lilavert\/wp-content\/uploads\/2014\/12\/Mont-cervin-360\u00b0-150x94.png 150w, https:\/\/www.lilavert.com\/blog_lilavert\/wp-content\/uploads\/2014\/12\/Mont-cervin-360\u00b0-300x188.png 300w, https:\/\/www.lilavert.com\/blog_lilavert\/wp-content\/uploads\/2014\/12\/Mont-cervin-360\u00b0-400x251.png 400w, https:\/\/www.lilavert.com\/blog_lilavert\/wp-content\/uploads\/2014\/12\/Mont-cervin-360\u00b0-800x503.png 800w, https:\/\/www.lilavert.com\/blog_lilavert\/wp-content\/uploads\/2014\/12\/Mont-cervin-360\u00b0.png 1793w\" sizes=\"(max-width: 800px) 100vw, 800px\" \/><\/a><\/p>\n<p><strong><br \/>\nLe Cervin<\/strong> (Grand&rsquo;B\u00e8ca en arpitan, Cervino en italien, Matterhorn en allemand) est un sommet alpin de 4 478 m\u00e8tres d&rsquo;altitude, situ\u00e9 sur la fronti\u00e8re italo-suisse, entre le canton du Valais et la vall\u00e9e d&rsquo;Aoste. Le Cervin est la montagne la plus connue de Suisse, notamment pour l&rsquo;aspect pyramidal qu&rsquo;elle offre depuis le village de Zermatt, dans la partie al\u00e9manique du canton du Valais. L&rsquo;ascension de la face nord fut consid\u00e9r\u00e9e comme le dernier des grands exploits de l&rsquo;alpinisme dans les Alpes, avec celle de l&rsquo;Eiger et celle des Grandes Jorasses qui forment ensemble les trois grandes faces nord des Alpes. (Source : <a title=\"Le Cervin\" href=\"http:\/\/fr.wikipedia.org\/wiki\/Cervin\" target=\"_blank\">wikipedia<\/a>)<\/p>\n<p><em>(cliquez sur le pleine \u00e9cran ou sur le lien en dessous de l&rsquo;image)<\/em><\/p>\n<p><iframe loading=\"lazy\" src=\"https:\/\/maps.google.com\/maps?layer=c&amp;panoid=qNIWsrfBPukAAAQYLE57cg&amp;ie=UTF8&amp;source=embed&amp;output=svembed&amp;cbp=13%2C313.99689341237126%2C%2C0%2C31.310611366309075\" frameborder=\"0\" marginwidth=\"0\" marginheight=\"0\" scrolling=\"no\" width=\"560\" height=\"315\"><\/iframe><\/p>\n<div><small><a style=\"color: #0000ff; text-align: left;\" href=\"https:\/\/www.google.com\/maps\/views\/u\/0\/\">Views<\/a>: <a style=\"color: #0000ff; text-align: left;\" href=\"https:\/\/www.google.com\/maps\/views\/u\/0\/view\/106642761680605709217\/gphoto\/6059377056707294562\">Matterhorn. 1000 aerial panoramas from around the world byAirPano.com<\/a> de <a style=\"color: #0000ff; text-align: left;\" href=\"https:\/\/www.google.com\/maps\/views\/u\/0\/profile\/106642761680605709217\">AirPano com<\/a><\/small><\/div>\n","protected":false},"excerpt":{"rendered":"<p>Mont Cervin \u00e0 360\u00b0 \u00a0Magnifique !! Le Cervin (Grand&rsquo;B\u00e8ca en arpitan, Cervino en italien, Matterhorn en allemand) est un sommet<\/p>\n","protected":false},"author":1,"featured_media":0,"comment_status":"open","ping_status":"open","sticky":false,"template":"","format":"standard","meta":{"_monsterinsights_skip_tracking":false,"_monsterinsights_sitenote_active":false,"_monsterinsights_sitenote_note":"","_monsterinsights_sitenote_category":0,"jetpack_post_was_ever_published":false,"_jetpack_newsletter_access":"","_jetpack_newsletter_tier_id":0,"footnotes":""},"categories":[700,699,16],"tags":[3682,3685,3684,229,1547,1727,3680,860,861,3681,3686,1919,3683],"jetpack_sharing_enabled":true,"jetpack_featured_media_url":"","jetpack_shortlink":"https:\/\/wp.me\/p6hYQX-2eO","jetpack-related-posts":[{"id":12707,"url":"https:\/\/www.lilavert.com\/blog_lilavert\/jean-dubuffet\/","url_meta":{"origin":8606,"position":0},"title":"Jean Dubuffet","author":"LilaVert I-I","date":"20\/05\/2017","format":"gallery","excerpt":"Jean Dubuffet -\u00a0(Le Havre,\u00a01901 -\u00a01985), peintre\u00a0&\u00a0sculpteur. Premier th\u00e9oricien d'un style d'art auquel il a donn\u00e9 le nom d'\u00ab\u00a0art brut\u00a0\u00bb, des productions de marginaux ou de malades mentaux\u00a0: peintures, sculptures, calligraphies, dont il reconna\u00eet s'\u00eatre lui-m\u00eame largement inspir\u00e9. 2016 - A l'occasion de\u00a0l'exposition \u00ab M\u00e9tamorphoses du paysage \u00bb, la Fondation Beyeler\u2026","rel":"","context":"Dans &quot;art&quot;","block_context":{"text":"art","link":"https:\/\/www.lilavert.com\/blog_lilavert\/category\/art\/"},"img":{"alt_text":"Jean Dubuffet - Sculptures","src":"https:\/\/i0.wp.com\/www.lilavert.com\/blog_lilavert\/wp-content\/uploads\/2017\/05\/Jean-Dubuffet-Sculptures.jpg?resize=350%2C200&ssl=1","width":350,"height":200,"srcset":"https:\/\/i0.wp.com\/www.lilavert.com\/blog_lilavert\/wp-content\/uploads\/2017\/05\/Jean-Dubuffet-Sculptures.jpg?resize=350%2C200&ssl=1 1x, https:\/\/i0.wp.com\/www.lilavert.com\/blog_lilavert\/wp-content\/uploads\/2017\/05\/Jean-Dubuffet-Sculptures.jpg?resize=525%2C300&ssl=1 1.5x"},"classes":[]},{"id":2705,"url":"https:\/\/www.lilavert.com\/blog_lilavert\/flamby-et-valerie-sont-dans-un-bateau\/","url_meta":{"origin":8606,"position":1},"title":"Flamby et Valerie sont dans un bateau&#8230;","author":"LilaVert I-I","date":"03\/08\/2013","format":"link","excerpt":"Flamby et Valerie sont dans un bateau... Source :\u00a0http:\/\/revolte.exprimetoi.com\/t1555-valerie-trierweiler-convoquee-en-correctionnelle-pour-detournements-de-fonds-publics#6427 Val\u00e9rie Trierweiler sera convoqu\u00e9e au Tribunal de grande Instance de Paris \u00e0 la rentr\u00e9e prochaine.\u00a0Roger LE LOIRE, doyen des juges d'instruction du P\u00f4le financier, d\u00e9cidera ou non, de sa mise en examen pour d\u00e9tournements de fonds publics.Contrairement \u00e0\u00a0la premi\u00e8re plainte du\u2026","rel":"","context":"Dans &quot;Exploitation&quot;","block_context":{"text":"Exploitation","link":"https:\/\/www.lilavert.com\/blog_lilavert\/category\/exploitation-2\/"},"img":{"alt_text":"","src":"","width":0,"height":0},"classes":[]},{"id":3234,"url":"https:\/\/www.lilavert.com\/blog_lilavert\/people-religion-cocorosie-2-heures-plus-tard\/","url_meta":{"origin":8606,"position":2},"title":"Some people have religion, we have Cocorosie. 2 heures plus tard&#8230;","author":"LilaVert I-I","date":"14\/09\/2013","format":"video","excerpt":"Elles me font grave voler ces deux nanas... et si t'as deux heures \u00e0 tuer... CocoRosie aux Bouffes du Nord 1. Child Bride 2. End of Time 3. Harmless Monster 4. Tearz for Animals 5. After the Afterlife 6. Gravediggress 7. Ana Lama 8. Villain 9. Far Away 10. Undertaker\u2026","rel":"","context":"Dans &quot;Artiste&quot;","block_context":{"text":"Artiste","link":"https:\/\/www.lilavert.com\/blog_lilavert\/category\/artiste-2\/"},"img":{"alt_text":"","src":"https:\/\/i0.wp.com\/www.lilavert.com\/blog_lilavert\/wp-content\/uploads\/2013\/09\/CocoRosie-Live-aux-Bouffes-du-Nord.png?resize=350%2C200&ssl=1","width":350,"height":200,"srcset":"https:\/\/i0.wp.com\/www.lilavert.com\/blog_lilavert\/wp-content\/uploads\/2013\/09\/CocoRosie-Live-aux-Bouffes-du-Nord.png?resize=350%2C200&ssl=1 1x, https:\/\/i0.wp.com\/www.lilavert.com\/blog_lilavert\/wp-content\/uploads\/2013\/09\/CocoRosie-Live-aux-Bouffes-du-Nord.png?resize=525%2C300&ssl=1 1.5x, https:\/\/i0.wp.com\/www.lilavert.com\/blog_lilavert\/wp-content\/uploads\/2013\/09\/CocoRosie-Live-aux-Bouffes-du-Nord.png?resize=700%2C400&ssl=1 2x"},"classes":[]},{"id":6847,"url":"https:\/\/www.lilavert.com\/blog_lilavert\/wanelo-want-need-love\/","url_meta":{"origin":8606,"position":3},"title":"WaNeLo because I WAnt, I NEed, I LOve !","author":"LilaVert I-I","date":"25\/05\/2014","format":false,"excerpt":"WaNeLo because \"I WAnt, I NEed, I LOve !\". La plateforme \"social-shopping\" qui monte, qui monte... Ce site a \u00e9t\u00e9 fond\u00e9 par Deena Varshavskaya\u00a0en 2012\u00a0et est bas\u00e9 \u00e0 San Francisco. Wanelo a plus de 300 000 magasins allant des boutiques ind\u00e9pendantes aux grandes marques et des milliers de nouveaux produits\u2026","rel":"","context":"Dans &quot;News&quot;","block_context":{"text":"News","link":"https:\/\/www.lilavert.com\/blog_lilavert\/category\/news\/"},"img":{"alt_text":"wanelo-interface \u00e9pur\u00e9 \u00e0 la pinterest","src":"https:\/\/i0.wp.com\/www.lilavert.com\/blog_lilavert\/wp-content\/uploads\/2014\/05\/wanelo-interface.jpg?resize=350%2C200&ssl=1","width":350,"height":200,"srcset":"https:\/\/i0.wp.com\/www.lilavert.com\/blog_lilavert\/wp-content\/uploads\/2014\/05\/wanelo-interface.jpg?resize=350%2C200&ssl=1 1x, https:\/\/i0.wp.com\/www.lilavert.com\/blog_lilavert\/wp-content\/uploads\/2014\/05\/wanelo-interface.jpg?resize=525%2C300&ssl=1 1.5x, https:\/\/i0.wp.com\/www.lilavert.com\/blog_lilavert\/wp-content\/uploads\/2014\/05\/wanelo-interface.jpg?resize=700%2C400&ssl=1 2x"},"classes":[]},{"id":2359,"url":"https:\/\/www.lilavert.com\/blog_lilavert\/taxidermie-art\/","url_meta":{"origin":8606,"position":4},"title":"Taxidermie ART ?","author":"LilaVert I-I","date":"26\/06\/2013","format":"gallery","excerpt":"Taxidermie ART ?...\u00a0est l'art de donner l'apparence du vivant \u00e0 des animaux\u00a0morts. Le principe de la taxidermie consiste \u00e0 construire une structure ou squelette (en m\u00e9tal ou en bois) sur laquelle on reconstitue les formes de l'animal. Cette reconstitution se faisait initialement en\u00a0paille, d'o\u00f9 le terme d'empaillage\u00a0pour d\u00e9signer l'op\u00e9ration. On\u2026","rel":"","context":"Dans &quot;Animaux&quot;","block_context":{"text":"Animaux","link":"https:\/\/www.lilavert.com\/blog_lilavert\/category\/animaux-2\/"},"img":{"alt_text":"","src":"https:\/\/i0.wp.com\/www.lilavert.com\/blog_lilavert\/wp-content\/uploads\/2013\/06\/The-Promise-of-Money-2003-Damien-Hirst.jpg?resize=350%2C200&ssl=1","width":350,"height":200,"srcset":"https:\/\/i0.wp.com\/www.lilavert.com\/blog_lilavert\/wp-content\/uploads\/2013\/06\/The-Promise-of-Money-2003-Damien-Hirst.jpg?resize=350%2C200&ssl=1 1x, https:\/\/i0.wp.com\/www.lilavert.com\/blog_lilavert\/wp-content\/uploads\/2013\/06\/The-Promise-of-Money-2003-Damien-Hirst.jpg?resize=525%2C300&ssl=1 1.5x, https:\/\/i0.wp.com\/www.lilavert.com\/blog_lilavert\/wp-content\/uploads\/2013\/06\/The-Promise-of-Money-2003-Damien-Hirst.jpg?resize=700%2C400&ssl=1 2x"},"classes":[]},{"id":3169,"url":"https:\/\/www.lilavert.com\/blog_lilavert\/fukushima-400-000-tonnes-deau-radioactive-un-volume-qui-ne-cesse-daugmenter\/","url_meta":{"origin":8606,"position":5},"title":"Fukushima : 400.000 tonnes d\u2019eau radioactive, un volume qui ne cesse d&rsquo;augmenter","author":"LilaVert I-I","date":"14\/09\/2013","format":"video","excerpt":"Fukushima : 400.000 tonnes d\u2019eau radioactive, un volume qui ne cesse d'augmenter la Cor\u00e9e du sud, \u00e0 juste titre en interdit maintenant l'importation... Aujourd'hui,\u00a0400.000 tonnes et dans 1 an ? 2, 3 ? \/\/\/ La Cor\u00e9e du sud a d\u00e9cid\u00e9, vendredi 6 septembre, d\u2019interdire l\u2019importation des produits de la mer\u2026","rel":"","context":"Dans &quot;Animaux&quot;","block_context":{"text":"Animaux","link":"https:\/\/www.lilavert.com\/blog_lilavert\/category\/animaux-2\/"},"img":{"alt_text":"","src":"https:\/\/i0.wp.com\/www.lilavert.com\/blog_lilavert\/wp-content\/uploads\/2013\/09\/peche-japon-fukushima.jpg?resize=350%2C200&ssl=1","width":350,"height":200,"srcset":"https:\/\/i0.wp.com\/www.lilavert.com\/blog_lilavert\/wp-content\/uploads\/2013\/09\/peche-japon-fukushima.jpg?resize=350%2C200&ssl=1 1x, https:\/\/i0.wp.com\/www.lilavert.com\/blog_lilavert\/wp-content\/uploads\/2013\/09\/peche-japon-fukushima.jpg?resize=525%2C300&ssl=1 1.5x"},"classes":[]}],"_links":{"self":[{"href":"https:\/\/www.lilavert.com\/blog_lilavert\/wp-json\/wp\/v2\/posts\/8606"}],"collection":[{"href":"https:\/\/www.lilavert.com\/blog_lilavert\/wp-json\/wp\/v2\/posts"}],"about":[{"href":"https:\/\/www.lilavert.com\/blog_lilavert\/wp-json\/wp\/v2\/types\/post"}],"author":[{"embeddable":true,"href":"https:\/\/www.lilavert.com\/blog_lilavert\/wp-json\/wp\/v2\/users\/1"}],"replies":[{"embeddable":true,"href":"https:\/\/www.lilavert.com\/blog_lilavert\/wp-json\/wp\/v2\/comments?post=8606"}],"version-history":[{"count":0,"href":"https:\/\/www.lilavert.com\/blog_lilavert\/wp-json\/wp\/v2\/posts\/8606\/revisions"}],"wp:attachment":[{"href":"https:\/\/www.lilavert.com\/blog_lilavert\/wp-json\/wp\/v2\/media?parent=8606"}],"wp:term":[{"taxonomy":"category","embeddable":true,"href":"https:\/\/www.lilavert.com\/blog_lilavert\/wp-json\/wp\/v2\/categories?post=8606"},{"taxonomy":"post_tag","embeddable":true,"href":"https:\/\/www.lilavert.com\/blog_lilavert\/wp-json\/wp\/v2\/tags?post=8606"}],"curies":[{"name":"wp","href":"https:\/\/api.w.org\/{rel}","templated":true}]}}