{"id":856,"date":"2012-11-15T15:29:21","date_gmt":"2012-11-15T15:29:21","guid":{"rendered":"https:\/\/www.lilavert.com\/blog_lilavert\/?p=856"},"modified":"2015-11-13T16:32:34","modified_gmt":"2015-11-13T16:32:34","slug":"lircec-lorganisme-de-retraite-complementaire-relie-a-la-mda","status":"publish","type":"post","link":"https:\/\/www.lilavert.com\/blog_lilavert\/lircec-lorganisme-de-retraite-complementaire-relie-a-la-mda\/","title":{"rendered":"l&rsquo;IRCEC (l&rsquo;organisme de retraite compl\u00e9mentaire reli\u00e9 \u00e0 la MDA)"},"content":{"rendered":"<p>L&rsquo;<strong>IRCEC<\/strong> (l&rsquo;organisme de retraite compl\u00e9mentaire reli\u00e9 \u00e0 la MDA) &#8211; envoie des relances et autres poursuites \u00e0 certains artistes qui n&rsquo;ont pas de droits ouverts, et ce, malgr\u00e9 les consignes donn\u00e9es par le Minist\u00e8re.<br \/>\n<strong>Donc, si vous \u00eates dans la proc\u00e9dure, consultez le lien du Snap qui traite de l&rsquo;info :\u00a0<\/strong><br \/>\n<a href=\"http:\/\/snap-actions.posterous.com\/tag\/ircec\" target=\"_blank\" rel=\"nofollow nofollow\">http:\/\/snap-actions.posterous.com\/tag\/ircec<\/a><\/p>\n<p>&nbsp;<\/p>\n<p><img loading=\"lazy\" decoding=\"async\" class=\"aligncenter size-full wp-image-857\" title=\"snap CGT\" src=\"https:\/\/www.lilavert.com\/blog_lilavert\/wp-content\/uploads\/2012\/11\/scaled500.jpg\" alt=\"\" width=\"500\" height=\"117\" srcset=\"https:\/\/www.lilavert.com\/blog_lilavert\/wp-content\/uploads\/2012\/11\/scaled500.jpg 500w, https:\/\/www.lilavert.com\/blog_lilavert\/wp-content\/uploads\/2012\/11\/scaled500-300x70.jpg 300w, https:\/\/www.lilavert.com\/blog_lilavert\/wp-content\/uploads\/2012\/11\/scaled500-400x93.jpg 400w\" sizes=\"(max-width: 500px) 100vw, 500px\" \/><\/p>\n","protected":false},"excerpt":{"rendered":"<p>L&rsquo;IRCEC (l&rsquo;organisme de retraite compl\u00e9mentaire reli\u00e9 \u00e0 la MDA) &#8211; envoie des relances et autres poursuites \u00e0 certains artistes qui<\/p>\n","protected":false},"author":1,"featured_media":0,"comment_status":"open","ping_status":"open","sticky":false,"template":"","format":"standard","meta":{"_monsterinsights_skip_tracking":false,"_monsterinsights_sitenote_active":false,"_monsterinsights_sitenote_note":"","_monsterinsights_sitenote_category":0,"jetpack_post_was_ever_published":false,"_jetpack_newsletter_access":"","_jetpack_newsletter_tier_id":0,"footnotes":""},"categories":[16],"tags":[3509,103,3453,4061,3741,3740,4064,4062,4063],"jetpack_sharing_enabled":true,"jetpack_featured_media_url":"","jetpack_shortlink":"https:\/\/wp.me\/p6hYQX-dO","jetpack-related-posts":[{"id":8734,"url":"https:\/\/www.lilavert.com\/blog_lilavert\/geraldine-georges-illustrations\/","url_meta":{"origin":856,"position":0},"title":"G\u00e9raldine Georges Illustrations","author":"LilaVert I-I","date":"27\/01\/2015","format":"gallery","excerpt":"G\u00e9raldine Georges Illustrations,\u00a0Illustrator from Belgium, Bruxelles. After graduating from the Academy of Fine Arts in Brussels G\u00e9raldine worked as a graphic designer in various advertising agencies for 7 years. Towards the end of 2006, She started to work as a freelance illustrator. She did not felt like she was leaving\u2026","rel":"","context":"Dans &quot;art&quot;","block_context":{"text":"art","link":"https:\/\/www.lilavert.com\/blog_lilavert\/category\/art\/"},"img":{"alt_text":"G\u00c3\u00a9raldine Georges Illustrations","src":"https:\/\/i0.wp.com\/www.lilavert.com\/blog_lilavert\/wp-content\/uploads\/2015\/01\/G\u00c3\u00a9raldine-Georges-Illustrations1.jpg?resize=350%2C200&ssl=1","width":350,"height":200,"srcset":"https:\/\/i0.wp.com\/www.lilavert.com\/blog_lilavert\/wp-content\/uploads\/2015\/01\/G\u00c3\u00a9raldine-Georges-Illustrations1.jpg?resize=350%2C200&ssl=1 1x, https:\/\/i0.wp.com\/www.lilavert.com\/blog_lilavert\/wp-content\/uploads\/2015\/01\/G\u00c3\u00a9raldine-Georges-Illustrations1.jpg?resize=525%2C300&ssl=1 1.5x"},"classes":[]},{"id":8212,"url":"https:\/\/www.lilavert.com\/blog_lilavert\/guide-de-la-commande-de-design-graphique\/","url_meta":{"origin":856,"position":1},"title":"Guide de \u00a0\u00bb La commande de design graphique \u00ab\u00a0","author":"LilaVert I-I","date":"07\/11\/2014","format":false,"excerpt":"Guide de \" La commande de design graphique \" \u00e0 l'initiative de l'AFD et du CNAP, pour accompagner les commanditaires priv\u00e9s et publics dans leurs commandes aux\u00a0designers\u00a0graphiques et valoriser ainsi \u00a0de meilleures pratiques. \u00c9dit\u00e9 par le CNAP dans sa collection des \u00ab\u00a0Guides de l\u2019art contemporain\u00a0\u00bb, ce nouvel opus propose d\u2019aborder\u2026","rel":"","context":"Dans &quot;Creation&quot;","block_context":{"text":"Creation","link":"https:\/\/www.lilavert.com\/blog_lilavert\/category\/creation-2\/"},"img":{"alt_text":"guide commande graphique","src":"https:\/\/i0.wp.com\/www.lilavert.com\/blog_lilavert\/wp-content\/uploads\/2014\/11\/guidecommandegraphique_couvweb-2.jpg?resize=350%2C200&ssl=1","width":350,"height":200,"srcset":"https:\/\/i0.wp.com\/www.lilavert.com\/blog_lilavert\/wp-content\/uploads\/2014\/11\/guidecommandegraphique_couvweb-2.jpg?resize=350%2C200&ssl=1 1x, https:\/\/i0.wp.com\/www.lilavert.com\/blog_lilavert\/wp-content\/uploads\/2014\/11\/guidecommandegraphique_couvweb-2.jpg?resize=525%2C300&ssl=1 1.5x"},"classes":[]},{"id":13646,"url":"https:\/\/www.lilavert.com\/blog_lilavert\/big-snow-free-font\/","url_meta":{"origin":856,"position":2},"title":"Big Snow Free Font","author":"LilaVert I-I","date":"15\/11\/2018","format":false,"excerpt":"Big Snow Free Font de syaf rizal, download sur Behance, cliquez sur l'image","rel":"","context":"Dans &quot;Creation&quot;","block_context":{"text":"Creation","link":"https:\/\/www.lilavert.com\/blog_lilavert\/category\/creation-2\/"},"img":{"alt_text":"","src":"https:\/\/i0.wp.com\/www.lilavert.com\/blog_lilavert\/wp-content\/uploads\/2018\/11\/Big-Snow-Free-Font.jpg?resize=350%2C200&ssl=1","width":350,"height":200,"srcset":"https:\/\/i0.wp.com\/www.lilavert.com\/blog_lilavert\/wp-content\/uploads\/2018\/11\/Big-Snow-Free-Font.jpg?resize=350%2C200&ssl=1 1x, https:\/\/i0.wp.com\/www.lilavert.com\/blog_lilavert\/wp-content\/uploads\/2018\/11\/Big-Snow-Free-Font.jpg?resize=525%2C300&ssl=1 1.5x, https:\/\/i0.wp.com\/www.lilavert.com\/blog_lilavert\/wp-content\/uploads\/2018\/11\/Big-Snow-Free-Font.jpg?resize=700%2C400&ssl=1 2x, https:\/\/i0.wp.com\/www.lilavert.com\/blog_lilavert\/wp-content\/uploads\/2018\/11\/Big-Snow-Free-Font.jpg?resize=1050%2C600&ssl=1 3x, https:\/\/i0.wp.com\/www.lilavert.com\/blog_lilavert\/wp-content\/uploads\/2018\/11\/Big-Snow-Free-Font.jpg?resize=1400%2C800&ssl=1 4x"},"classes":[]},{"id":13636,"url":"https:\/\/www.lilavert.com\/blog_lilavert\/photoshop-2019-remplissage-dapres-le-contenu\/","url_meta":{"origin":856,"position":3},"title":"Photoshop 2019 : remplissage d&rsquo;apr\u00e8s le contenu","author":"LilaVert I-I","date":"20\/10\/2018","format":"image","excerpt":"Tuto : Nouvelle fonctionnalit\u00e9 Photoshop 2019 : remplissage d'apr\u00e8s le contenu avec l'outil lasso ou le\u00a0Rectangle de s\u00e9lection. S\u00e9lectionnez la partie d'image que vous souhaitez voir disparaitre. Utilisez les outils de s\u00e9lection Lasso ou Rectangle de s\u00e9lection. J'ai test\u00e9 avec contour \u00e0 0 px et progressif \u00e0 20 px. Il\u2026","rel":"","context":"Dans &quot;Creation&quot;","block_context":{"text":"Creation","link":"https:\/\/www.lilavert.com\/blog_lilavert\/category\/creation-2\/"},"img":{"alt_text":"","src":"https:\/\/i0.wp.com\/www.lilavert.com\/blog_lilavert\/wp-content\/uploads\/2018\/10\/remplissage-dapres-contenu-lasso.jpg?resize=350%2C200&ssl=1","width":350,"height":200,"srcset":"https:\/\/i0.wp.com\/www.lilavert.com\/blog_lilavert\/wp-content\/uploads\/2018\/10\/remplissage-dapres-contenu-lasso.jpg?resize=350%2C200&ssl=1 1x, https:\/\/i0.wp.com\/www.lilavert.com\/blog_lilavert\/wp-content\/uploads\/2018\/10\/remplissage-dapres-contenu-lasso.jpg?resize=525%2C300&ssl=1 1.5x, https:\/\/i0.wp.com\/www.lilavert.com\/blog_lilavert\/wp-content\/uploads\/2018\/10\/remplissage-dapres-contenu-lasso.jpg?resize=700%2C400&ssl=1 2x, https:\/\/i0.wp.com\/www.lilavert.com\/blog_lilavert\/wp-content\/uploads\/2018\/10\/remplissage-dapres-contenu-lasso.jpg?resize=1050%2C600&ssl=1 3x"},"classes":[]},{"id":10530,"url":"https:\/\/www.lilavert.com\/blog_lilavert\/apprendre-les-courbes-de-beziers\/","url_meta":{"origin":856,"position":4},"title":"Apprendre les courbes de B\u00e9ziers","author":"LilaVert I-I","date":"25\/11\/2015","format":false,"excerpt":"Apprendre les courbes de B\u00e9ziers de mani\u00e8re ludique, ou\u00a0re-d\u00e9couvrir des astuces pour ceux plus avertis. The beziers game \u00a0","rel":"","context":"Dans &quot;Creation&quot;","block_context":{"text":"Creation","link":"https:\/\/www.lilavert.com\/blog_lilavert\/category\/creation-2\/"},"img":{"alt_text":"","src":"https:\/\/i0.wp.com\/www.lilavert.com\/blog_lilavert\/wp-content\/uploads\/2015\/11\/Apprendre-les-courbes-de-Beziers.jpg?resize=350%2C200&ssl=1","width":350,"height":200,"srcset":"https:\/\/i0.wp.com\/www.lilavert.com\/blog_lilavert\/wp-content\/uploads\/2015\/11\/Apprendre-les-courbes-de-Beziers.jpg?resize=350%2C200&ssl=1 1x, https:\/\/i0.wp.com\/www.lilavert.com\/blog_lilavert\/wp-content\/uploads\/2015\/11\/Apprendre-les-courbes-de-Beziers.jpg?resize=525%2C300&ssl=1 1.5x, https:\/\/i0.wp.com\/www.lilavert.com\/blog_lilavert\/wp-content\/uploads\/2015\/11\/Apprendre-les-courbes-de-Beziers.jpg?resize=700%2C400&ssl=1 2x"},"classes":[]},{"id":8909,"url":"https:\/\/www.lilavert.com\/blog_lilavert\/quoi-tas-pas-encore-signe-la-petition-contre-les-discriminations-administratives-des-designers-independants\/","url_meta":{"origin":856,"position":5},"title":"Quoi ! t&rsquo;as pas encore sign\u00e9 la p\u00e9tition contre les discriminations administratives des designers ind\u00e9pendants ?","author":"LilaVert I-I","date":"24\/02\/2015","format":false,"excerpt":"Quoi ! t'as pas encore sign\u00e9 la p\u00e9tition contre les discriminations administratives des designers ind\u00e9pendants ? Extrait : Quelle valeur la France veut-elle donner \u00e0 ses designers ? Pourquoi aucune part de\u00a0cr\u00e9ation\u00a0n'est pas\u00a0de facto\u00a0reconnue au design ? Cette discipline, qui compte peu de salari\u00e9s, est pratiqu\u00e9e en soci\u00e9t\u00e9 et par\u2026","rel":"","context":"Dans &quot;Artiste&quot;","block_context":{"text":"Artiste","link":"https:\/\/www.lilavert.com\/blog_lilavert\/category\/artiste-2\/"},"img":{"alt_text":"AFD - P\u00e9tition droits designers","src":"https:\/\/i0.wp.com\/www.lilavert.com\/blog_lilavert\/wp-content\/uploads\/2015\/02\/AFD.png?resize=350%2C200&ssl=1","width":350,"height":200},"classes":[]}],"_links":{"self":[{"href":"https:\/\/www.lilavert.com\/blog_lilavert\/wp-json\/wp\/v2\/posts\/856"}],"collection":[{"href":"https:\/\/www.lilavert.com\/blog_lilavert\/wp-json\/wp\/v2\/posts"}],"about":[{"href":"https:\/\/www.lilavert.com\/blog_lilavert\/wp-json\/wp\/v2\/types\/post"}],"author":[{"embeddable":true,"href":"https:\/\/www.lilavert.com\/blog_lilavert\/wp-json\/wp\/v2\/users\/1"}],"replies":[{"embeddable":true,"href":"https:\/\/www.lilavert.com\/blog_lilavert\/wp-json\/wp\/v2\/comments?post=856"}],"version-history":[{"count":0,"href":"https:\/\/www.lilavert.com\/blog_lilavert\/wp-json\/wp\/v2\/posts\/856\/revisions"}],"wp:attachment":[{"href":"https:\/\/www.lilavert.com\/blog_lilavert\/wp-json\/wp\/v2\/media?parent=856"}],"wp:term":[{"taxonomy":"category","embeddable":true,"href":"https:\/\/www.lilavert.com\/blog_lilavert\/wp-json\/wp\/v2\/categories?post=856"},{"taxonomy":"post_tag","embeddable":true,"href":"https:\/\/www.lilavert.com\/blog_lilavert\/wp-json\/wp\/v2\/tags?post=856"}],"curies":[{"name":"wp","href":"https:\/\/api.w.org\/{rel}","templated":true}]}}