{"id":842,"date":"2012-11-02T18:18:56","date_gmt":"2012-11-02T18:18:56","guid":{"rendered":"https:\/\/www.lilavert.com\/blog_lilavert\/?p=842"},"modified":"2016-10-29T12:26:13","modified_gmt":"2016-10-29T12:26:13","slug":"le-lancer-de-chats-de-lartiste-jan-fabre-belgique","status":"publish","type":"post","link":"https:\/\/www.lilavert.com\/blog_lilavert\/le-lancer-de-chats-de-lartiste-jan-fabre-belgique\/","title":{"rendered":"Le \u00ablancer de chats\u00bb de l\u2019artiste Jan Fabre, Belgique"},"content":{"rendered":"<p>O\u00f9 comment atteindre le <a title=\"&quot;lancer de chat&quot; de Jan Fabre belgique\" href=\"http:\/\/www.lavoixdunord.fr\/france-monde\/un-lancer-de-chats-de-l-artiste-jan-fabre-cree-la-ia0b0n800893#.UJP35-2aIvE.facebook\" target=\"_blank\">summum de la connerie humaine<\/a>&#8230;<br \/>\nmais on n&rsquo;est plus \u00e0 \u00e7a pr\u00e8s.<\/p>\n<p><iframe loading=\"lazy\" src=\"https:\/\/player.ina.fr\/player\/embed\/4825568001008\/1\/1b0bd203fbcd702f9bc9b10ac3d0fc21\/560\/315\/1\" width=\"560\" height=\"315\" frameborder=\"0\" marginwidth=\"0\" marginheight=\"0\" scrolling=\"no\"><\/iframe><\/p>\n<p style=\"text-align: left;\">Le plasticien flamand Jan Fabre, adepte de la provocation, est au coeur d\u2019une pol\u00e9mique \u00e0 la suite d\u2019une performance montrant un \u00ablancer de chats\u00bb dans l\u2019H\u00f4tel de ville d\u2019Anvers (nord de la Belgique), qui lui a valu d\u2019\u00eatre physiquement agress\u00e9.<\/p>\n<div>\n<p>C\u2019est la vid\u00e9o d\u2019une performance de l\u2019artiste, dans laquelle on voit plusieurs personnes en train de lancer des chats en l\u2019air, dont certains retombent lourdement sur les marches de l\u2019H\u00f4tel de ville, qui a suscit\u00e9 la pol\u00e9mique, rapportent vendredi des m\u00e9dias belges. Jan Fabre s\u2019est excus\u00e9 publiquement. \u00abJe regrette vivement que ces chats soient mal retomb\u00e9s. Je veux m\u2019excuser aupr\u00e8s des amis des chats. Ce n\u2019\u00e9tait pas mon intention de blesser ou faire mal aux chats. Les chats vont bien\u00bb, a-t-il dit \u00e0 la\u00a0 t\u00e9l\u00e9vision publique n\u00e9erlandophone VRT. Mais il a aussi minimis\u00e9 l\u2019incident. \u00abJ\u2019ai l\u2019impression qu\u2019on a voulu faire du sensationnalisme et que c\u2019est exag\u00e9r\u00e9\u00bb, a-t-il dit dans une interview diffus\u00e9e par la RTBF, l\u2019\u00e9quivalent francophone de la VRT.<\/p>\n<div>La municipalit\u00e9 d\u2019Anvers avait autoris\u00e9 le tournage dans l\u2019H\u00f4tel de ville d\u2019un film fran\u00e7ais consacr\u00e9 \u00e0 la carri\u00e8re de Jan Fabre, sans savoir que le lancer de chats serait au programme, explique la RTBF sur son site internet. Elle rapporte que l\u2019\u00e9chevin (adjoint au maire) charg\u00e9 du bien-\u00eatre animal, Luc Bungeneers, a d\u00e9pos\u00e9 plainte, de m\u00eame que l\u2019association de d\u00e9fense des animaux Ga\u00efa. L\u2019affaire a pris un tour politique inattendu: c\u2019est en effet la municipalit\u00e9 socialiste sortante qui a autoris\u00e9 le tournage, et l\u2019\u00e9lu qui a port\u00e9 plainte est membre du parti nationaliste flamand N-VA, vainqueur des \u00e9lections communales d\u2019octobre.<\/div>\n<p>Jan Fabre a \u00e9t\u00e9 agress\u00e9 physiquement \u00e0 la suite de la diffusion de cette vid\u00e9o, et est sous protection polici\u00e8re. \u00abJ\u2019ai d\u00fb courir pour sauver ma vie\u00bb, a-t-il t\u00e9moign\u00e9, disant dormir \u00abdepuis trois, quatre jours \u00e0 des adresses diff\u00e9rentes\u00bb. Internationalement reconnu, l\u2019artiste a fait de la provocation son fonds de commerce. Il a d\u00e9j\u00e0 cr\u00e9\u00e9 une performance montrant un concours de masturbation. Il avait acquis une certaine notori\u00e9t\u00e9 en France en 2005 au festival d\u2019Avignon avec des pi\u00e8ces \u00e9voquant le sang et l\u2019urine. Il a depuis \u00e9t\u00e9 \u00abartiste invit\u00e9\u00bb au Louvre. Il expose actuellement une s\u00e9rie d\u2019autoportraits int\u00e9gr\u00e9s dans les salles de sculpture classique du mus\u00e9e des Beaux-arts de Bruxelles.<\/p>\n<p>Source : <strong>La Voix Du Nord<\/strong><\/p>\n<\/div>\n","protected":false},"excerpt":{"rendered":"<p>O\u00f9 comment atteindre le summum de la connerie humaine&#8230; mais on n&rsquo;est plus \u00e0 \u00e7a pr\u00e8s. Le plasticien flamand Jan<\/p>\n","protected":false},"author":1,"featured_media":12032,"comment_status":"open","ping_status":"open","sticky":false,"template":"","format":"image","meta":{"_monsterinsights_skip_tracking":false,"_monsterinsights_sitenote_active":false,"_monsterinsights_sitenote_note":"","_monsterinsights_sitenote_category":0,"jetpack_post_was_ever_published":false,"_jetpack_newsletter_access":"","_jetpack_newsletter_tier_id":0,"footnotes":""},"categories":[220,16],"tags":[44,96,124,121,122,123,125],"jetpack_sharing_enabled":true,"jetpack_featured_media_url":"https:\/\/www.lilavert.com\/blog_lilavert\/wp-content\/uploads\/2012\/11\/Lancer-artistique-de-chats-Jan-Fabre.jpg","jetpack_shortlink":"https:\/\/wp.me\/p6hYQX-dA","jetpack-related-posts":[{"id":7113,"url":"https:\/\/www.lilavert.com\/blog_lilavert\/humanimal-sculptures-installations-jane-alexander\/","url_meta":{"origin":842,"position":0},"title":"Humanimal &#8211; Sculptures and installations Jane Alexander","author":"LilaVert I-I","date":"08\/06\/2014","format":"gallery","excerpt":"Humanimal - Sculptures and installations Jane Alexander. Born 1959 - South africa. \"L'univers plastique de Jane Alexander est m\u00e9lancolique, d\u00e9sabus\u00e9. La figure pleinement humaine y est quasiment absente, laissant place \u00e0 des cr\u00e9atures bestiales. Des monstres cr\u00e9\u00e9s et fa\u00e7onn\u00e9s par l'homme. Enferm\u00e9 chacun dans une perspective de plus en plus\u2026","rel":"","context":"Dans &quot;art&quot;","block_context":{"text":"art","link":"https:\/\/www.lilavert.com\/blog_lilavert\/category\/art\/"},"img":{"alt_text":"Jane Alexander Artist - Sculptures","src":"https:\/\/i0.wp.com\/www.lilavert.com\/blog_lilavert\/wp-content\/uploads\/2014\/06\/Jane-Alexander-Sculptures2.jpg?resize=350%2C200&ssl=1","width":350,"height":200},"classes":[]},{"id":5299,"url":"https:\/\/www.lilavert.com\/blog_lilavert\/sculptures-de-herman-muys\/","url_meta":{"origin":842,"position":1},"title":"Sculptures de Herman Muys","author":"LilaVert I-I","date":"12\/01\/2014","format":"gallery","excerpt":"La fantaisie dans les sculptures de Herman Muys para\u00eet in\u00e9puisable, sa cr\u00e9ativit\u00e9 vaste et illimit\u00e9e. Il \u00e9volue constamment aux confins du r\u00eave et de la r\u00e9alit\u00e9. Ses oeuvres des d\u00e9buts respirent une ambiance hallucinante : des \u00eatres mi-hommes, mi-b\u00eates nous \u00e9pient, avec parfois une expression d\u00e9moniaque. On dirait des figures\u2026","rel":"","context":"Dans &quot;art&quot;","block_context":{"text":"art","link":"https:\/\/www.lilavert.com\/blog_lilavert\/category\/art\/"},"img":{"alt_text":"Herman Muys - Troon - 2008 \/ sculptures","src":"https:\/\/i0.wp.com\/www.lilavert.com\/blog_lilavert\/wp-content\/uploads\/2014\/01\/Herman-Muys-Troon-2008-.jpg?resize=350%2C200&ssl=1","width":350,"height":200,"srcset":"https:\/\/i0.wp.com\/www.lilavert.com\/blog_lilavert\/wp-content\/uploads\/2014\/01\/Herman-Muys-Troon-2008-.jpg?resize=350%2C200&ssl=1 1x, https:\/\/i0.wp.com\/www.lilavert.com\/blog_lilavert\/wp-content\/uploads\/2014\/01\/Herman-Muys-Troon-2008-.jpg?resize=525%2C300&ssl=1 1.5x"},"classes":[]},{"id":12724,"url":"https:\/\/www.lilavert.com\/blog_lilavert\/fred-einaudi\/","url_meta":{"origin":842,"position":2},"title":"Fred Einaudi","author":"LilaVert I-I","date":"26\/05\/2017","format":"gallery","excerpt":"Fred Einaudi (San Francisco) Le travail de Fred Einaudi est plein de contrastes, m\u00e9lange de\u00a0r\u00e9el et d'irr\u00e9el, d'innocence de l'\u00a0enfance et de la\u00a0mort... Cruel et satirique. Ses artistes pr\u00e9f\u00e9r\u00e9s\u00a0sont Henri Rousseau, Van Gogh, Hans Memling, Van Eyck et Jan Von Franz Bayros\u00a0, et parmi les artistes vivants\u00a0Richard Estes et Alex\u2026","rel":"","context":"Dans &quot;art&quot;","block_context":{"text":"art","link":"https:\/\/www.lilavert.com\/blog_lilavert\/category\/art\/"},"img":{"alt_text":"Fred Einaudi - oil paintings","src":"https:\/\/i0.wp.com\/www.lilavert.com\/blog_lilavert\/wp-content\/uploads\/2017\/05\/Fred-Einaudi-oil-paintings2.jpg?resize=350%2C200&ssl=1","width":350,"height":200,"srcset":"https:\/\/i0.wp.com\/www.lilavert.com\/blog_lilavert\/wp-content\/uploads\/2017\/05\/Fred-Einaudi-oil-paintings2.jpg?resize=350%2C200&ssl=1 1x, https:\/\/i0.wp.com\/www.lilavert.com\/blog_lilavert\/wp-content\/uploads\/2017\/05\/Fred-Einaudi-oil-paintings2.jpg?resize=525%2C300&ssl=1 1.5x, https:\/\/i0.wp.com\/www.lilavert.com\/blog_lilavert\/wp-content\/uploads\/2017\/05\/Fred-Einaudi-oil-paintings2.jpg?resize=700%2C400&ssl=1 2x"},"classes":[]},{"id":4550,"url":"https:\/\/www.lilavert.com\/blog_lilavert\/ambiance-jan-machata-photography\/","url_meta":{"origin":842,"position":3},"title":"Ambiance by Jan Machata &#8211; Photography","author":"LilaVert I-I","date":"29\/11\/2013","format":"gallery","excerpt":"Ambiance by Jan Machata - Photography (Czech Republic) on 5oopx on FB on deviantart","rel":"","context":"Dans &quot;Nature&quot;","block_context":{"text":"Nature","link":"https:\/\/www.lilavert.com\/blog_lilavert\/category\/nature-2\/"},"img":{"alt_text":"Jan Machata - Photography - forest ambiance","src":"https:\/\/i0.wp.com\/www.lilavert.com\/blog_lilavert\/wp-content\/uploads\/2013\/11\/Jan-Machata-Photography.jpg?resize=350%2C200&ssl=1","width":350,"height":200,"srcset":"https:\/\/i0.wp.com\/www.lilavert.com\/blog_lilavert\/wp-content\/uploads\/2013\/11\/Jan-Machata-Photography.jpg?resize=350%2C200&ssl=1 1x, https:\/\/i0.wp.com\/www.lilavert.com\/blog_lilavert\/wp-content\/uploads\/2013\/11\/Jan-Machata-Photography.jpg?resize=525%2C300&ssl=1 1.5x, https:\/\/i0.wp.com\/www.lilavert.com\/blog_lilavert\/wp-content\/uploads\/2013\/11\/Jan-Machata-Photography.jpg?resize=700%2C400&ssl=1 2x"},"classes":[]},{"id":11715,"url":"https:\/\/www.lilavert.com\/blog_lilavert\/anti-racism-activist-jane-elliott\/","url_meta":{"origin":842,"position":4},"title":"Anti-Racism Activist \u00ab\u00a0Jane Elliott\u00a0\u00bb","author":"LilaVert I-I","date":"21\/07\/2016","format":"video","excerpt":"Anti-Racism Activist \"Jane Elliott\" Speaks On The Psychology Of Racism.","rel":"","context":"Dans &quot;News&quot;","block_context":{"text":"News","link":"https:\/\/www.lilavert.com\/blog_lilavert\/category\/news\/"},"img":{"alt_text":"","src":"https:\/\/i0.wp.com\/www.lilavert.com\/blog_lilavert\/wp-content\/uploads\/2016\/07\/anti-racism.png?resize=350%2C200&ssl=1","width":350,"height":200,"srcset":"https:\/\/i0.wp.com\/www.lilavert.com\/blog_lilavert\/wp-content\/uploads\/2016\/07\/anti-racism.png?resize=350%2C200&ssl=1 1x, https:\/\/i0.wp.com\/www.lilavert.com\/blog_lilavert\/wp-content\/uploads\/2016\/07\/anti-racism.png?resize=525%2C300&ssl=1 1.5x, https:\/\/i0.wp.com\/www.lilavert.com\/blog_lilavert\/wp-content\/uploads\/2016\/07\/anti-racism.png?resize=700%2C400&ssl=1 2x"},"classes":[]},{"id":11636,"url":"https:\/\/www.lilavert.com\/blog_lilavert\/patrick-villas-sculpteur-animalier\/","url_meta":{"origin":842,"position":5},"title":"Patrick Villas &#8211; Sculpteur animalier","author":"LilaVert I-I","date":"01\/07\/2016","format":"gallery","excerpt":"Patrick Villas - Sculpteur animalier (b. 1961 \/ Belgique, vit en France), travaille le bronze, mixed media ou le papier en sculpture et peint. Patrick Villas is a contemporary sculptor, working in bronze, mixed media or paper. His art consists of human and animal sculptures, portraits and drawings or painting\u2026","rel":"","context":"Dans &quot;Animaux&quot;","block_context":{"text":"Animaux","link":"https:\/\/www.lilavert.com\/blog_lilavert\/category\/animaux-2\/"},"img":{"alt_text":"Patrick Villas - Sculptures - Cheetah m\u00c3\u00a2le - Bronze - 66 x 128 x 28 cm","src":"https:\/\/i0.wp.com\/www.lilavert.com\/blog_lilavert\/wp-content\/uploads\/2016\/07\/Patrick-Villas-Sculptures-Cheetah-m\u00c3\u00a2le-Bronze-66-x-128-x-28-cm.jpg?resize=350%2C200&ssl=1","width":350,"height":200,"srcset":"https:\/\/i0.wp.com\/www.lilavert.com\/blog_lilavert\/wp-content\/uploads\/2016\/07\/Patrick-Villas-Sculptures-Cheetah-m\u00c3\u00a2le-Bronze-66-x-128-x-28-cm.jpg?resize=350%2C200&ssl=1 1x, https:\/\/i0.wp.com\/www.lilavert.com\/blog_lilavert\/wp-content\/uploads\/2016\/07\/Patrick-Villas-Sculptures-Cheetah-m\u00c3\u00a2le-Bronze-66-x-128-x-28-cm.jpg?resize=525%2C300&ssl=1 1.5x, https:\/\/i0.wp.com\/www.lilavert.com\/blog_lilavert\/wp-content\/uploads\/2016\/07\/Patrick-Villas-Sculptures-Cheetah-m\u00c3\u00a2le-Bronze-66-x-128-x-28-cm.jpg?resize=700%2C400&ssl=1 2x, https:\/\/i0.wp.com\/www.lilavert.com\/blog_lilavert\/wp-content\/uploads\/2016\/07\/Patrick-Villas-Sculptures-Cheetah-m\u00c3\u00a2le-Bronze-66-x-128-x-28-cm.jpg?resize=1050%2C600&ssl=1 3x, https:\/\/i0.wp.com\/www.lilavert.com\/blog_lilavert\/wp-content\/uploads\/2016\/07\/Patrick-Villas-Sculptures-Cheetah-m\u00c3\u00a2le-Bronze-66-x-128-x-28-cm.jpg?resize=1400%2C800&ssl=1 4x"},"classes":[]}],"_links":{"self":[{"href":"https:\/\/www.lilavert.com\/blog_lilavert\/wp-json\/wp\/v2\/posts\/842"}],"collection":[{"href":"https:\/\/www.lilavert.com\/blog_lilavert\/wp-json\/wp\/v2\/posts"}],"about":[{"href":"https:\/\/www.lilavert.com\/blog_lilavert\/wp-json\/wp\/v2\/types\/post"}],"author":[{"embeddable":true,"href":"https:\/\/www.lilavert.com\/blog_lilavert\/wp-json\/wp\/v2\/users\/1"}],"replies":[{"embeddable":true,"href":"https:\/\/www.lilavert.com\/blog_lilavert\/wp-json\/wp\/v2\/comments?post=842"}],"version-history":[{"count":0,"href":"https:\/\/www.lilavert.com\/blog_lilavert\/wp-json\/wp\/v2\/posts\/842\/revisions"}],"wp:featuredmedia":[{"embeddable":true,"href":"https:\/\/www.lilavert.com\/blog_lilavert\/wp-json\/wp\/v2\/media\/12032"}],"wp:attachment":[{"href":"https:\/\/www.lilavert.com\/blog_lilavert\/wp-json\/wp\/v2\/media?parent=842"}],"wp:term":[{"taxonomy":"category","embeddable":true,"href":"https:\/\/www.lilavert.com\/blog_lilavert\/wp-json\/wp\/v2\/categories?post=842"},{"taxonomy":"post_tag","embeddable":true,"href":"https:\/\/www.lilavert.com\/blog_lilavert\/wp-json\/wp\/v2\/tags?post=842"}],"curies":[{"name":"wp","href":"https:\/\/api.w.org\/{rel}","templated":true}]}}