{"id":8285,"date":"2014-11-22T14:53:54","date_gmt":"2014-11-22T14:53:54","guid":{"rendered":"https:\/\/www.lilavert.com\/blog_lilavert\/?p=8285"},"modified":"2014-11-22T14:53:54","modified_gmt":"2014-11-22T14:53:54","slug":"nathalie-deshairs-peintures","status":"publish","type":"post","link":"https:\/\/www.lilavert.com\/blog_lilavert\/nathalie-deshairs-peintures\/","title":{"rendered":"Nathalie DESHAIRS &#8211; Peintures"},"content":{"rendered":"<h3>Nathalie DESHAIRS &#8211; Peintures<\/h3>\n<div id=\"attachment_8286\" style=\"width: 239px\" class=\"wp-caption alignnone\"><a href=\"https:\/\/www.lilavert.com\/blog_lilavert\/wp-content\/uploads\/2014\/11\/nathalie-deshairs-peinture-le-cygne-noir.jpg\"><img loading=\"lazy\" decoding=\"async\" aria-describedby=\"caption-attachment-8286\" class=\"size-medium wp-image-8286 \" title=\"nathalie deshairs - Peinture &quot;le cygne noir&quot;\" src=\"https:\/\/www.lilavert.com\/blog_lilavert\/wp-content\/uploads\/2014\/11\/nathalie-deshairs-peinture-le-cygne-noir-229x300.jpg\" alt=\"nathalie deshairs - Peinture &quot;le cygne noir&quot;\" width=\"229\" height=\"300\" srcset=\"https:\/\/www.lilavert.com\/blog_lilavert\/wp-content\/uploads\/2014\/11\/nathalie-deshairs-peinture-le-cygne-noir-229x300.jpg 229w, https:\/\/www.lilavert.com\/blog_lilavert\/wp-content\/uploads\/2014\/11\/nathalie-deshairs-peinture-le-cygne-noir-114x150.jpg 114w, https:\/\/www.lilavert.com\/blog_lilavert\/wp-content\/uploads\/2014\/11\/nathalie-deshairs-peinture-le-cygne-noir-400x523.jpg 400w, https:\/\/www.lilavert.com\/blog_lilavert\/wp-content\/uploads\/2014\/11\/nathalie-deshairs-peinture-le-cygne-noir-300x392.jpg 300w, https:\/\/www.lilavert.com\/blog_lilavert\/wp-content\/uploads\/2014\/11\/nathalie-deshairs-peinture-le-cygne-noir.jpg 542w\" sizes=\"(max-width: 229px) 100vw, 229px\" \/><\/a><\/p>\n<p id=\"caption-attachment-8286\" class=\"wp-caption-text\">Nathalie Deshairs &#8211; Peinture \u00ab\u00a0le cygne noir\u00a0\u00bb<\/p>\n<\/div>\n<p><strong>EXPO<\/strong><br \/>\njusqu&rsquo;au 13 d\u00e9cembre\u00a0:\u00a0<strong><a href=\"http:\/\/www.meltingartgallery.com\/\" target=\"_blank\" data-hovercard=\"\/ajax\/hovercard\/page.php?id=165745033625675\">Melting Art Gallery<\/a><\/strong>\u00a0 34 rue de la Halle &#8211; 59000 Lille, France<\/p>\n<p><strong>Nathalie Deshairs<\/strong>\u00a0est n\u00e9e en 1964 \u00e0 Grenoble. Elle vit et travaille \u00e0 Menton. Apr\u00e8s avoir \u00e9tudi\u00e9 \u00e0 l\u2019\u00e9cole des Beaux-arts d\u2019Aix-en-Provence et enseign\u00e9 \u00e0 l\u2019\u00e9cole d\u2019Art Plastiques de Menton, elle se consacre exclusivement \u00e0 son art depuis 2004.<\/p>\n<p>\u00ab Il y a dans les tableaux de\u00a0<strong>Nathalie Deshairs<\/strong>\u00a0le commencement de quelque chose qui va prendre forme sous nos yeux et dont on ne sait rien encore sinon qu&rsquo;il baigne dans une torpeur monochrome ouverte \u00e0 toutes les \u00e9volutions. Le mouvement personnifi\u00e9, via une technique sans faille, encre de Chine et pierre noire. Tout l&rsquo;art de l&rsquo;artiste est ici de donner l&rsquo;illusion du geste, de d\u00e9couvrir le corps, ses fronti\u00e8res, sa plastique dans un espace uni. Des courbes s&rsquo;entrelacent, se chevauchent, se confrontent, donnant \u00e0 l&rsquo;ensemble du dessin une respiration saisissante. La superposition de tonalit\u00e9s translucides, quelques taches, quelques coulures, apportent la profondeur, l&rsquo;\u00e9vanescence. Le corps humain flotte dans l&rsquo;espace, c&rsquo;est l&rsquo;esprit qui se lib\u00e8re de toutes les contraintes, qui s&rsquo;affranchit de la pesanteur. Et cet art est difficile, que l&rsquo;on ne s&rsquo;y trompe pas, nul repentir n&rsquo;y \u00e9tant permis\u2026 Art difficile, car pour atteindre \u00e0 tant de l\u00e9g\u00e8ret\u00e9, il faut de toute \u00e9vidence avoir c\u00f4toy\u00e9 la gravit\u00e9 du monde. Une peinture de nuances et de finesses en laquelle il faut se laisser absorber\u00a0\u00bb<br \/>\n<em>Ludovic Duhamel, Miroir de l&rsquo;Art, juillet 2010<\/em> (source : <a href=\"http:\/\/aralya.fr\/news\/nathalie-deshairs\" target=\"_blank\">aralya<\/a>)<\/p>\n","protected":false},"excerpt":{"rendered":"<p>Nathalie DESHAIRS &#8211; Peintures EXPO jusqu&rsquo;au 13 d\u00e9cembre\u00a0:\u00a0Melting Art Gallery\u00a0 34 rue de la Halle &#8211; 59000 Lille, France Nathalie<\/p>\n","protected":false},"author":1,"featured_media":0,"comment_status":"open","ping_status":"open","sticky":false,"template":"","format":"gallery","meta":{"_monsterinsights_skip_tracking":false,"_monsterinsights_sitenote_active":false,"_monsterinsights_sitenote_note":"","_monsterinsights_sitenote_category":0,"jetpack_post_was_ever_published":false,"_jetpack_newsletter_access":"","_jetpack_newsletter_tier_id":0,"footnotes":""},"categories":[39,220,1332,16,216],"tags":[784,4003,82,40,579,3540,45,445,324,3539,229,3543,3538,3542,2701,2829,3541,1321,738],"jetpack_sharing_enabled":true,"jetpack_featured_media_url":"","jetpack_shortlink":"https:\/\/wp.me\/p6hYQX-29D","jetpack-related-posts":[{"id":481,"url":"https:\/\/www.lilavert.com\/blog_lilavert\/les-sculptures-de-nathalie-gauglin\/","url_meta":{"origin":8285,"position":0},"title":"Les sculptures de Nathalie Gauglin","author":"LilaVert I-I","date":"16\/07\/2013","format":"gallery","excerpt":"Les sculptures de Nathalie Gauglin.\u00a0Bourr\u00e9es d'\u00e9motions... Les personnages de Nathalie Gauglin, ces \u00eatres de terre aux visages lunaires et pensifs, aux regards interrogatifs, nous lib\u00e8rent de nos \u00e9motions primaires. Une \u00e9motion que l\u2019on emm\u00e8ne avec soi, qui se r\u00e9v\u00e8le en nous. D\u2019une m\u00eame famille, comme les branches d\u2019un seul arbre,\u2026","rel":"","context":"Dans &quot;art&quot;","block_context":{"text":"art","link":"https:\/\/www.lilavert.com\/blog_lilavert\/category\/art\/"},"img":{"alt_text":"EXPO au grand Palais de Lille - Nathalie Gauglin - sculptures","src":"https:\/\/i0.wp.com\/www.lilavert.com\/blog_lilavert\/wp-content\/uploads\/2013\/07\/EXPO-au-grand-Palais-de-Lille.jpg?resize=350%2C200&ssl=1","width":350,"height":200,"srcset":"https:\/\/i0.wp.com\/www.lilavert.com\/blog_lilavert\/wp-content\/uploads\/2013\/07\/EXPO-au-grand-Palais-de-Lille.jpg?resize=350%2C200&ssl=1 1x, https:\/\/i0.wp.com\/www.lilavert.com\/blog_lilavert\/wp-content\/uploads\/2013\/07\/EXPO-au-grand-Palais-de-Lille.jpg?resize=525%2C300&ssl=1 1.5x, https:\/\/i0.wp.com\/www.lilavert.com\/blog_lilavert\/wp-content\/uploads\/2013\/07\/EXPO-au-grand-Palais-de-Lille.jpg?resize=700%2C400&ssl=1 2x"},"classes":[]},{"id":10791,"url":"https:\/\/www.lilavert.com\/blog_lilavert\/les-peintures-de-florian-eymann\/","url_meta":{"origin":8285,"position":1},"title":"Les peintures de Florian Eymann","author":"LilaVert I-I","date":"22\/01\/2016","format":"gallery","excerpt":"Les peintures de Florian Eymann - huile sur toile (1980 - France) EXPO\u00a0:\u00a0Les Fileuses\u00a071, rue Saint Honor\u00e9, 75001 Paris - du 12 f\u00e9vrier au 4 mars 2016 Je suis un autodidacte de 34 ans. Je peins depuis 8 ans. J'aime apprendre par moi m\u00eame (Auparavant, j'ai appris seul, la guitare,\u2026","rel":"","context":"Dans &quot;art&quot;","block_context":{"text":"art","link":"https:\/\/www.lilavert.com\/blog_lilavert\/category\/art\/"},"img":{"alt_text":"","src":"https:\/\/i0.wp.com\/www.lilavert.com\/blog_lilavert\/wp-content\/uploads\/2016\/01\/Florian-Eymann-huile-sur-toile2-1024x725.jpg?resize=350%2C200&ssl=1","width":350,"height":200,"srcset":"https:\/\/i0.wp.com\/www.lilavert.com\/blog_lilavert\/wp-content\/uploads\/2016\/01\/Florian-Eymann-huile-sur-toile2-1024x725.jpg?resize=350%2C200&ssl=1 1x, https:\/\/i0.wp.com\/www.lilavert.com\/blog_lilavert\/wp-content\/uploads\/2016\/01\/Florian-Eymann-huile-sur-toile2-1024x725.jpg?resize=525%2C300&ssl=1 1.5x, https:\/\/i0.wp.com\/www.lilavert.com\/blog_lilavert\/wp-content\/uploads\/2016\/01\/Florian-Eymann-huile-sur-toile2-1024x725.jpg?resize=700%2C400&ssl=1 2x"},"classes":[]},{"id":594,"url":"https:\/\/www.lilavert.com\/blog_lilavert\/antoine-josse-sculptures\/","url_meta":{"origin":8285,"position":2},"title":"Antoine Josse, Sculptures","author":"LilaVert I-I","date":"15\/05\/2013","format":"gallery","excerpt":"Antoine Josse, Sculptures.\u00a0Magnifique sculptures et peintures de Antoine Josse. Facebook Myspace","rel":"","context":"Dans &quot;art&quot;","block_context":{"text":"art","link":"https:\/\/www.lilavert.com\/blog_lilavert\/category\/art\/"},"img":{"alt_text":"","src":"https:\/\/i0.wp.com\/www.lilavert.com\/blog_lilavert\/wp-content\/uploads\/2012\/08\/josse2.jpg?resize=350%2C200&ssl=1","width":350,"height":200},"classes":[]},{"id":7783,"url":"https:\/\/www.lilavert.com\/blog_lilavert\/lunivers-poetique-de-veronique-paquereau\/","url_meta":{"origin":8285,"position":3},"title":"L&rsquo;univers po\u00e9tique de V\u00e9ronique Paquereau","author":"LilaVert I-I","date":"21\/09\/2014","format":"gallery","excerpt":"L'univers po\u00e9tique de V\u00e9ronique Paquereau, \u00e0 suivre et \u00e0 d\u00e9couvrir \u00e0 la Galerie Albane, Nantes. et sur Facebook","rel":"","context":"Dans &quot;art&quot;","block_context":{"text":"art","link":"https:\/\/www.lilavert.com\/blog_lilavert\/category\/art\/"},"img":{"alt_text":"","src":"","width":0,"height":0},"classes":[]},{"id":6365,"url":"https:\/\/www.lilavert.com\/blog_lilavert\/neo-pop-artist-dan-colen\/","url_meta":{"origin":8285,"position":4},"title":"Neo-Pop artist Dan Colen","author":"LilaVert I-I","date":"10\/03\/2014","format":"gallery","excerpt":"Neo-Pop artist Dan Colen\u00a0(American, b.1979) is a multimedia creator who has made quite a name for himself with his unique painted sculptures, gum paintings, and installations. Visitez ma galerie d\u00e9di\u00e9e aux artistes HyperRealistes ! EnregistrerEnregistrer EnregistrerEnregistrer","rel":"","context":"Dans &quot;art&quot;","block_context":{"text":"art","link":"https:\/\/www.lilavert.com\/blog_lilavert\/category\/art\/"},"img":{"alt_text":"Dan Colen - 100 000 USD","src":"https:\/\/i0.wp.com\/www.lilavert.com\/blog_lilavert\/wp-content\/uploads\/2014\/03\/Dan-Colen-100-000-USD.jpg?resize=350%2C200&ssl=1","width":350,"height":200},"classes":[]},{"id":1120,"url":"https:\/\/www.lilavert.com\/blog_lilavert\/antoine-colin-artiste-peintre-et-quel-style-superbe-decouverte\/","url_meta":{"origin":8285,"position":5},"title":"Antoine Colin &#8211; Artiste peintre \/ et quel style \/ Superbe d\u00e9couverte","author":"LilaVert I-I","date":"05\/01\/2013","format":"gallery","excerpt":"Antoine Colin - Artiste peintre \/ et quel style \/ Superbe d\u00e9couverte N\u00e9 en 1977 dans le Nord, diplom\u00e9 en 2000 de l'\u00c9cole Sup\u00e9rieure d'Art de Cambrai\u00a0(DNAT-Design Graphique et Dipl\u00f4me National d'Arts Plastiques). En 2011, il retrouve enfin les outils et supports qui lui permettent de s'exprimer plus librement\u00a0\u00e0 travers\u2026","rel":"","context":"Dans &quot;art&quot;","block_context":{"text":"art","link":"https:\/\/www.lilavert.com\/blog_lilavert\/category\/art\/"},"img":{"alt_text":"la_chambre - Antoine Colin - Artiste peintre","src":"https:\/\/i0.wp.com\/www.lilavert.com\/blog_lilavert\/wp-content\/uploads\/2013\/01\/la_chambre.jpg?resize=350%2C200&ssl=1","width":350,"height":200,"srcset":"https:\/\/i0.wp.com\/www.lilavert.com\/blog_lilavert\/wp-content\/uploads\/2013\/01\/la_chambre.jpg?resize=350%2C200&ssl=1 1x, https:\/\/i0.wp.com\/www.lilavert.com\/blog_lilavert\/wp-content\/uploads\/2013\/01\/la_chambre.jpg?resize=525%2C300&ssl=1 1.5x, https:\/\/i0.wp.com\/www.lilavert.com\/blog_lilavert\/wp-content\/uploads\/2013\/01\/la_chambre.jpg?resize=700%2C400&ssl=1 2x, https:\/\/i0.wp.com\/www.lilavert.com\/blog_lilavert\/wp-content\/uploads\/2013\/01\/la_chambre.jpg?resize=1050%2C600&ssl=1 3x, https:\/\/i0.wp.com\/www.lilavert.com\/blog_lilavert\/wp-content\/uploads\/2013\/01\/la_chambre.jpg?resize=1400%2C800&ssl=1 4x"},"classes":[]}],"_links":{"self":[{"href":"https:\/\/www.lilavert.com\/blog_lilavert\/wp-json\/wp\/v2\/posts\/8285"}],"collection":[{"href":"https:\/\/www.lilavert.com\/blog_lilavert\/wp-json\/wp\/v2\/posts"}],"about":[{"href":"https:\/\/www.lilavert.com\/blog_lilavert\/wp-json\/wp\/v2\/types\/post"}],"author":[{"embeddable":true,"href":"https:\/\/www.lilavert.com\/blog_lilavert\/wp-json\/wp\/v2\/users\/1"}],"replies":[{"embeddable":true,"href":"https:\/\/www.lilavert.com\/blog_lilavert\/wp-json\/wp\/v2\/comments?post=8285"}],"version-history":[{"count":0,"href":"https:\/\/www.lilavert.com\/blog_lilavert\/wp-json\/wp\/v2\/posts\/8285\/revisions"}],"wp:attachment":[{"href":"https:\/\/www.lilavert.com\/blog_lilavert\/wp-json\/wp\/v2\/media?parent=8285"}],"wp:term":[{"taxonomy":"category","embeddable":true,"href":"https:\/\/www.lilavert.com\/blog_lilavert\/wp-json\/wp\/v2\/categories?post=8285"},{"taxonomy":"post_tag","embeddable":true,"href":"https:\/\/www.lilavert.com\/blog_lilavert\/wp-json\/wp\/v2\/tags?post=8285"}],"curies":[{"name":"wp","href":"https:\/\/api.w.org\/{rel}","templated":true}]}}