{"id":806,"date":"2012-10-19T09:18:47","date_gmt":"2012-10-19T09:18:47","guid":{"rendered":"https:\/\/www.lilavert.com\/blog_lilavert\/?p=806"},"modified":"2012-10-19T09:19:33","modified_gmt":"2012-10-19T09:19:33","slug":"diffusion-du-film-tous-cobayes-de-jp-jaud-a-lyon","status":"publish","type":"post","link":"https:\/\/www.lilavert.com\/blog_lilavert\/diffusion-du-film-tous-cobayes-de-jp-jaud-a-lyon\/","title":{"rendered":"Diffusion du film \u00ab\u00a0Tous Cobayes\u00a0\u00bb de JP JAUD \u00e0 Lyon"},"content":{"rendered":"<p>le 24 Octobre 2012 au <a title=\"tous cobayes lyon\" href=\"http:\/\/www.cinema-comoedia.com\/index.pl?page=fiche_film.shtml&amp;id_film=2698\" target=\"_blank\">cin\u00e9ma COMOEDIA<\/a> (13 av Berthelot, 69007) \u00e0 20h00\u00a0<strong>\u00a0en pr\u00e9sence du r\u00e9alisateur Jean-Paul JAUD.<br \/>\nFrance &#8211; Documentaire &#8211; 1h55 &#8211; 2012. Tous Cobayes &gt;&gt;&gt; <a title=\"tous cobayes site\" href=\"http:\/\/touscobayes.tumblr.com\/\" target=\"_blank\">le site<\/a>.<\/strong><\/p>\n<blockquote><p>Sommes-nous tous des cobayes ?<br \/>\nComment se fait-il que les OGM agricoles soient dans les champs et dans les assiettes alors qu\u2019ils n\u2019ont \u00e9t\u00e9 test\u00e9s que pendant trois mois sur des rats ? Comment se fait-il que l&rsquo;\u00e9nergie nucl\u00e9aire soit toujours l\u2019\u00e9nergie du futur alors que les hommes ont v\u00e9cu Tchernobyl et Fukushima ? Les conclusions seraient-elles accablantes?<br \/>\nPour son troisi\u00e8me film, Jean-Paul Jaud a donn\u00e9 la parole aux agriculteurs japonais de Fukushima, S\u00e9n\u00e9galais ou Fran\u00e7ais, aux scientifiques, aux politiques ou aux militants. Autant de personnes qui s\u2019expriment librement sur ces deux probl\u00e9matiques majeures, les OGM et le nucl\u00e9aire.<\/p>\n<div id=\"attachment_807\" style=\"width: 1002px\" class=\"wp-caption aligncenter\"><a href=\"https:\/\/www.lilavert.com\/blog_lilavert\/wp-content\/uploads\/2012\/10\/tous-cobayes.jpg\"><img loading=\"lazy\" decoding=\"async\" aria-describedby=\"caption-attachment-807\" class=\"size-full wp-image-807\" title=\"tous-cobayes\" src=\"https:\/\/www.lilavert.com\/blog_lilavert\/wp-content\/uploads\/2012\/10\/tous-cobayes.jpg\" alt=\"\" width=\"992\" height=\"745\" srcset=\"https:\/\/www.lilavert.com\/blog_lilavert\/wp-content\/uploads\/2012\/10\/tous-cobayes.jpg 992w, https:\/\/www.lilavert.com\/blog_lilavert\/wp-content\/uploads\/2012\/10\/tous-cobayes-300x225.jpg 300w, https:\/\/www.lilavert.com\/blog_lilavert\/wp-content\/uploads\/2012\/10\/tous-cobayes-180x135.jpg 180w, https:\/\/www.lilavert.com\/blog_lilavert\/wp-content\/uploads\/2012\/10\/tous-cobayes-400x300.jpg 400w, https:\/\/www.lilavert.com\/blog_lilavert\/wp-content\/uploads\/2012\/10\/tous-cobayes-380x285.jpg 380w, https:\/\/www.lilavert.com\/blog_lilavert\/wp-content\/uploads\/2012\/10\/tous-cobayes-800x601.jpg 800w\" sizes=\"(max-width: 992px) 100vw, 992px\" \/><\/a><\/p>\n<p id=\"caption-attachment-807\" class=\"wp-caption-text\">Tous cobayes film documentaire de\u00a0<strong>Jean-Paul JAUD<\/strong><\/p>\n<\/div>\n<p>&nbsp;<\/p><\/blockquote>\n","protected":false},"excerpt":{"rendered":"<p>le 24 Octobre 2012 au cin\u00e9ma COMOEDIA (13 av Berthelot, 69007) \u00e0 20h00\u00a0\u00a0en pr\u00e9sence du r\u00e9alisateur Jean-Paul JAUD. France &#8211;<\/p>\n","protected":false},"author":1,"featured_media":0,"comment_status":"open","ping_status":"open","sticky":false,"template":"","format":"image","meta":{"_monsterinsights_skip_tracking":false,"_monsterinsights_sitenote_active":false,"_monsterinsights_sitenote_note":"","_monsterinsights_sitenote_category":0,"jetpack_post_was_ever_published":false,"_jetpack_newsletter_access":"","_jetpack_newsletter_tier_id":0,"footnotes":""},"categories":[16],"tags":[109,110,108,111],"jetpack_sharing_enabled":true,"jetpack_featured_media_url":"","jetpack_shortlink":"https:\/\/wp.me\/p6hYQX-d0","jetpack-related-posts":[{"id":3169,"url":"https:\/\/www.lilavert.com\/blog_lilavert\/fukushima-400-000-tonnes-deau-radioactive-un-volume-qui-ne-cesse-daugmenter\/","url_meta":{"origin":806,"position":0},"title":"Fukushima : 400.000 tonnes d\u2019eau radioactive, un volume qui ne cesse d&rsquo;augmenter","author":"LilaVert I-I","date":"14\/09\/2013","format":"video","excerpt":"Fukushima : 400.000 tonnes d\u2019eau radioactive, un volume qui ne cesse d'augmenter la Cor\u00e9e du sud, \u00e0 juste titre en interdit maintenant l'importation... Aujourd'hui,\u00a0400.000 tonnes et dans 1 an ? 2, 3 ? \/\/\/ La Cor\u00e9e du sud a d\u00e9cid\u00e9, vendredi 6 septembre, d\u2019interdire l\u2019importation des produits de la mer\u2026","rel":"","context":"Dans &quot;Animaux&quot;","block_context":{"text":"Animaux","link":"https:\/\/www.lilavert.com\/blog_lilavert\/category\/animaux-2\/"},"img":{"alt_text":"","src":"https:\/\/i0.wp.com\/www.lilavert.com\/blog_lilavert\/wp-content\/uploads\/2013\/09\/peche-japon-fukushima.jpg?resize=350%2C200&ssl=1","width":350,"height":200,"srcset":"https:\/\/i0.wp.com\/www.lilavert.com\/blog_lilavert\/wp-content\/uploads\/2013\/09\/peche-japon-fukushima.jpg?resize=350%2C200&ssl=1 1x, https:\/\/i0.wp.com\/www.lilavert.com\/blog_lilavert\/wp-content\/uploads\/2013\/09\/peche-japon-fukushima.jpg?resize=525%2C300&ssl=1 1.5x"},"classes":[]},{"id":847,"url":"https:\/\/www.lilavert.com\/blog_lilavert\/guide-des-produits-avec-ou-sans-ogm-by-greenpeace\/","url_meta":{"origin":806,"position":1},"title":"Guide des produits avec ou sans OGM by Greenpeace","author":"LilaVert I-I","date":"08\/11\/2012","format":"image","excerpt":"Pour fournir aux citoyens une information transparente, Greenpeace \u00e9dite, depuis 1998, un Guide des produits avec ou sans OGM, le voici :\u00a0http:\/\/guide-ogm.greenpeace.fr\/guide Un moyen simple de ne pas consommer des produits dont la fabrication peut avoir fait intervenir des OGM. En effet, il classe les marques (environ 80 000 produits\u2026","rel":"","context":"Dans &quot;News&quot;","block_context":{"text":"News","link":"https:\/\/www.lilavert.com\/blog_lilavert\/category\/news\/"},"img":{"alt_text":"","src":"https:\/\/i0.wp.com\/www.lilavert.com\/blog_lilavert\/wp-content\/uploads\/2012\/11\/ogm_guide-produits.png?resize=350%2C200&ssl=1","width":350,"height":200},"classes":[]},{"id":5113,"url":"https:\/\/www.lilavert.com\/blog_lilavert\/fukushima-radiation-hits-san-francisco\/","url_meta":{"origin":806,"position":2},"title":"Fukushima radiation hits San Francisco","author":"LilaVert I-I","date":"30\/12\/2013","format":"video","excerpt":"Fukushima radiation hits San Francisco. Vid\u00e9o prise \u00e0 Pacifica State Beach (Surfers Beach), California. >> Source :\u00a0topinfopost.com\/2013\/12\/26\/fukushima-radiation-hits-san-francisco\u00a0 >>\u00a0TOUS les thons rouge captur\u00e9s en Californie sont radioactifs Related post\u00a0for fukushima historic","rel":"","context":"Dans &quot;Environnement&quot;","block_context":{"text":"Environnement","link":"https:\/\/www.lilavert.com\/blog_lilavert\/category\/environnement-2\/"},"img":{"alt_text":"Fukushima radiation hits San Francisco","src":"https:\/\/i0.wp.com\/www.lilavert.com\/blog_lilavert\/wp-content\/uploads\/2013\/12\/Fukushima-radiation-hits-San-Francisco.jpeg?resize=350%2C200&ssl=1","width":350,"height":200},"classes":[]},{"id":977,"url":"https:\/\/www.lilavert.com\/blog_lilavert\/nos-enfants-nous-accuseront\/","url_meta":{"origin":806,"position":3},"title":"Nos enfants nous accuseront","author":"LilaVert I-I","date":"22\/12\/2012","format":"video","excerpt":"Datant de 2008, Nos enfants nous accuseront\u00a0de Jean-Paul Jaud \u00e0 partager toujours et encore... La courageuse initiative d\u2019une municipalit\u00e9 du Gard qui d\u00e9cide d\u2019introduire le bio dans la cantine scolaire du village. Le r\u00e9alisateur brosse un portrait sans concession sur la trag\u00e9die environnementale qui guette les jeunes g\u00e9n\u00e9rations : empoisonnement\u2026","rel":"","context":"Dans &quot;News&quot;","block_context":{"text":"News","link":"https:\/\/www.lilavert.com\/blog_lilavert\/category\/news\/"},"img":{"alt_text":"","src":"https:\/\/i0.wp.com\/www.lilavert.com\/blog_lilavert\/wp-content\/uploads\/2012\/12\/nos_enfants_nous_accuseront.jpg?resize=350%2C200&ssl=1","width":350,"height":200,"srcset":"https:\/\/i0.wp.com\/www.lilavert.com\/blog_lilavert\/wp-content\/uploads\/2012\/12\/nos_enfants_nous_accuseront.jpg?resize=350%2C200&ssl=1 1x, https:\/\/i0.wp.com\/www.lilavert.com\/blog_lilavert\/wp-content\/uploads\/2012\/12\/nos_enfants_nous_accuseront.jpg?resize=525%2C300&ssl=1 1.5x, https:\/\/i0.wp.com\/www.lilavert.com\/blog_lilavert\/wp-content\/uploads\/2012\/12\/nos_enfants_nous_accuseront.jpg?resize=700%2C400&ssl=1 2x"},"classes":[]},{"id":5376,"url":"https:\/\/www.lilavert.com\/blog_lilavert\/corsets-protheses-et-robes-colorees-de-frida-kahlo\/","url_meta":{"origin":806,"position":4},"title":"Corsets, proth\u00e8ses et robes color\u00e9es de Frida Kahlo","author":"LilaVert I-I","date":"15\/01\/2014","format":"image","excerpt":"Corsets, proth\u00e8ses et robes color\u00e9es de Frida Kahlo, plus connue pour ses peintures\u00a0surr\u00e9alistes. L'exposition de ses v\u00eatements, des accessoires orthop\u00e9diques et m\u00eame des proth\u00e8ses sont affich\u00e9s \u00e0 l'int\u00e9rieur de son ancienne maison \u00e0 Mexico et y pr\u00e9sente \u00e9galement\u00a0des creations - comme celles de Jean Paul Gaultier ou Givenchy - inspir\u00e9s\u2026","rel":"","context":"Dans &quot;art&quot;","block_context":{"text":"art","link":"https:\/\/www.lilavert.com\/blog_lilavert\/category\/art\/"},"img":{"alt_text":"","src":"https:\/\/i0.wp.com\/www.lilavert.com\/blog_lilavert\/wp-content\/uploads\/2014\/01\/Corsets-protheses-et-robes-colorees-de-Frida-Kahlo.jpg?resize=350%2C200&ssl=1","width":350,"height":200},"classes":[]},{"id":6098,"url":"https:\/\/www.lilavert.com\/blog_lilavert\/peotic-scary-world-paul-toupet\/","url_meta":{"origin":806,"position":5},"title":"Poetic scary world with Paul Toupet","author":"LilaVert I-I","date":"15\/02\/2014","format":"gallery","excerpt":"Poetic scary world with Paul Toupet...\u00a0(France) - born\u00a01979 Paul Toupet is a designer who was born in 1979 in Paris. Trained at the famous Penninghen art school and at the Workshop of Fine-Arts of Glaci\u00e8re in Paris, Paul Toupet has worked on the theme of human representation since 1996.Since May\u2026","rel":"","context":"Dans &quot;art&quot;","block_context":{"text":"art","link":"https:\/\/www.lilavert.com\/blog_lilavert\/category\/art\/"},"img":{"alt_text":"Paul Toupet - sculptures","src":"https:\/\/i0.wp.com\/www.lilavert.com\/blog_lilavert\/wp-content\/uploads\/2014\/02\/Paul-Toupet-sculptures.jpg?resize=350%2C200&ssl=1","width":350,"height":200,"srcset":"https:\/\/i0.wp.com\/www.lilavert.com\/blog_lilavert\/wp-content\/uploads\/2014\/02\/Paul-Toupet-sculptures.jpg?resize=350%2C200&ssl=1 1x, https:\/\/i0.wp.com\/www.lilavert.com\/blog_lilavert\/wp-content\/uploads\/2014\/02\/Paul-Toupet-sculptures.jpg?resize=525%2C300&ssl=1 1.5x"},"classes":[]}],"_links":{"self":[{"href":"https:\/\/www.lilavert.com\/blog_lilavert\/wp-json\/wp\/v2\/posts\/806"}],"collection":[{"href":"https:\/\/www.lilavert.com\/blog_lilavert\/wp-json\/wp\/v2\/posts"}],"about":[{"href":"https:\/\/www.lilavert.com\/blog_lilavert\/wp-json\/wp\/v2\/types\/post"}],"author":[{"embeddable":true,"href":"https:\/\/www.lilavert.com\/blog_lilavert\/wp-json\/wp\/v2\/users\/1"}],"replies":[{"embeddable":true,"href":"https:\/\/www.lilavert.com\/blog_lilavert\/wp-json\/wp\/v2\/comments?post=806"}],"version-history":[{"count":0,"href":"https:\/\/www.lilavert.com\/blog_lilavert\/wp-json\/wp\/v2\/posts\/806\/revisions"}],"wp:attachment":[{"href":"https:\/\/www.lilavert.com\/blog_lilavert\/wp-json\/wp\/v2\/media?parent=806"}],"wp:term":[{"taxonomy":"category","embeddable":true,"href":"https:\/\/www.lilavert.com\/blog_lilavert\/wp-json\/wp\/v2\/categories?post=806"},{"taxonomy":"post_tag","embeddable":true,"href":"https:\/\/www.lilavert.com\/blog_lilavert\/wp-json\/wp\/v2\/tags?post=806"}],"curies":[{"name":"wp","href":"https:\/\/api.w.org\/{rel}","templated":true}]}}