{"id":7993,"date":"2014-10-05T15:41:52","date_gmt":"2014-10-05T15:41:52","guid":{"rendered":"https:\/\/www.lilavert.com\/blog_lilavert\/?p=7993"},"modified":"2014-10-05T15:41:52","modified_gmt":"2014-10-05T15:41:52","slug":"ken-robinson-le-systeme-educatif-tue-la-creativite","status":"publish","type":"post","link":"https:\/\/www.lilavert.com\/blog_lilavert\/ken-robinson-le-systeme-educatif-tue-la-creativite\/","title":{"rendered":"Ken Robinson: Le syst\u00e8me \u00e9ducatif tue la cr\u00e9ativit\u00e9"},"content":{"rendered":"<p><strong>Ken Robinson: Le syst\u00e8me \u00e9ducatif tue la cr\u00e9ativit\u00e9<\/strong>. Orateur et expert en \u00e9ducation internationalement reconnu, il explique d\u2019une fa\u00e7on fascinante ses id\u00e9es, sa vision de la cr\u00e9ativit\u00e9 et la mani\u00e8re dont nous devrions repenser l\u2019\u00e9ducation.<\/p>\n","protected":false},"excerpt":{"rendered":"<p>Ken Robinson: Le syst\u00e8me \u00e9ducatif tue la cr\u00e9ativit\u00e9. Orateur et expert en \u00e9ducation internationalement reconnu, il explique d\u2019une fa\u00e7on fascinante<\/p>\n","protected":false},"author":1,"featured_media":0,"comment_status":"open","ping_status":"open","sticky":false,"template":"","format":"video","meta":{"_monsterinsights_skip_tracking":false,"_monsterinsights_sitenote_active":false,"_monsterinsights_sitenote_note":"","_monsterinsights_sitenote_category":0,"jetpack_post_was_ever_published":false,"_jetpack_newsletter_access":"","_jetpack_newsletter_tier_id":0,"footnotes":""},"categories":[1332,16,919,907,47],"tags":[3421,3420,3418,610,3423,3424,3417,3419,3422],"jetpack_sharing_enabled":true,"jetpack_featured_media_url":"","jetpack_shortlink":"https:\/\/wp.me\/p6hYQX-24V","jetpack-related-posts":[{"id":8617,"url":"https:\/\/www.lilavert.com\/blog_lilavert\/le-manifeste-de-la-nouvelle-creativite\/","url_meta":{"origin":7993,"position":0},"title":"Le Manifeste de la Nouvelle cr\u00e9ativit\u00e9","author":"LilaVert I-I","date":"30\/12\/2014","format":false,"excerpt":"Le Manifeste de la Nouvelle cr\u00e9ativit\u00e9\u00a0 Pour son troisi\u00e8me think tank, la d\u00e9l\u00e9gation Customer Marketing de l\u2019AACC s\u2019interroge\u00a0sur la nature et le fonctionnement du processus cr\u00e9atif au sein de la relation client et publie son troisi\u00e8me livre blanc\u00a0\u00ab\u00a0Le Manifeste de la nouvelle cr\u00e9ativit\u00e9\u00a0\u00bb. Deux grands enseignements sont \u00e0 tirer du\u2026","rel":"","context":"Dans &quot;Artiste&quot;","block_context":{"text":"Artiste","link":"https:\/\/www.lilavert.com\/blog_lilavert\/category\/artiste-2\/"},"img":{"alt_text":"Le Manifeste de la Nouvelle creativite","src":"https:\/\/i0.wp.com\/www.lilavert.com\/blog_lilavert\/wp-content\/uploads\/2014\/12\/Le-Manifeste-de-la-Nouvelle-creativite.png?resize=350%2C200&ssl=1","width":350,"height":200,"srcset":"https:\/\/i0.wp.com\/www.lilavert.com\/blog_lilavert\/wp-content\/uploads\/2014\/12\/Le-Manifeste-de-la-Nouvelle-creativite.png?resize=350%2C200&ssl=1 1x, https:\/\/i0.wp.com\/www.lilavert.com\/blog_lilavert\/wp-content\/uploads\/2014\/12\/Le-Manifeste-de-la-Nouvelle-creativite.png?resize=525%2C300&ssl=1 1.5x, https:\/\/i0.wp.com\/www.lilavert.com\/blog_lilavert\/wp-content\/uploads\/2014\/12\/Le-Manifeste-de-la-Nouvelle-creativite.png?resize=700%2C400&ssl=1 2x"},"classes":[]},{"id":1627,"url":"https:\/\/www.lilavert.com\/blog_lilavert\/une-ecole-gratuite-et-accessible-pour-former-de-futurs-programmeurs-selon-xavier-niel\/","url_meta":{"origin":7993,"position":1},"title":"Une \u00e9cole gratuite et accessible pour former de futurs programmeurs selon Xavier Niel !","author":"LilaVert I-I","date":"27\/03\/2013","format":false,"excerpt":"Une \u00e9cole gratuite et accessible pour former de futurs programmeurs selon Xavier Niel ! Apres Luc Besson et son Universit\u00e9 du Cin\u00e9ma \u00e0 St Denis, gratuite et accessible \u00e0 tous sur \"simples motivations\", Xavier Niel cr\u00e9\u00e9 lui aussi son universit\u00e9 \"Ecole 42\" sp\u00e9cial programmeur, gratuite et aussi accessible \u00e0 tous\u2026","rel":"","context":"Dans &quot;News&quot;","block_context":{"text":"News","link":"https:\/\/www.lilavert.com\/blog_lilavert\/category\/news\/"},"img":{"alt_text":"","src":"https:\/\/i0.wp.com\/www.lilavert.com\/blog_lilavert\/wp-content\/uploads\/2013\/03\/1-chairman-and-main-shareholder-xavier-niel-of-french-broadband-internet-provider-iliad-attends-the-2007-annual-results-news-conference-in-paris_390.jpg?resize=350%2C200&ssl=1","width":350,"height":200},"classes":[]},{"id":1487,"url":"https:\/\/www.lilavert.com\/blog_lilavert\/left-liberez-vous-de-vos-trauma-ou-autres-emotions-negatives\/","url_meta":{"origin":7993,"position":2},"title":"L&rsquo;EFT, lib\u00e9rez-vous de vos trauma ou autres \u00e9motions n\u00e9gatives","author":"LilaVert I-I","date":"26\/08\/2013","format":"gallery","excerpt":"L\u2019EFT permet d\u2019att\u00e9nuer les douleurs physiques et \u00e9motionnelles de mani\u00e8re rapide sans prendre de m\u00e9dicaments et sans perdre son temps chez un psy ou autre... De nombreux th\u00e9rapeutes qui travaillent \u00e0 la fois sur l\u2019esprit et le corps utilisent l\u2019EFT avec des r\u00e9sultats exceptionnels. Il y a dix ans, les\u2026","rel":"","context":"Dans &quot;News&quot;","block_context":{"text":"News","link":"https:\/\/www.lilavert.com\/blog_lilavert\/category\/news\/"},"img":{"alt_text":"","src":"","width":0,"height":0},"classes":[]},{"id":6451,"url":"https:\/\/www.lilavert.com\/blog_lilavert\/surrealistic-fine-art-of-juri-jakovenko\/","url_meta":{"origin":7993,"position":3},"title":"Surrealistic Fine ART of Juri Jakovenko","author":"LilaVert I-I","date":"16\/03\/2014","format":"gallery","excerpt":"Surrealistic Fine ART of Juri Jakovenko, born in Belarus in 1965. In 1992 he graduated from the Academy of Art in Minsk. Since 1994 he is member of Belarus Art Union and in 2001 he began teaching at the Academy of Art in Minsk. The biography of Juri Jakovenko reflects\u2026","rel":"","context":"Dans &quot;Artiste&quot;","block_context":{"text":"Artiste","link":"https:\/\/www.lilavert.com\/blog_lilavert\/category\/artiste-2\/"},"img":{"alt_text":"Juri Jakovenko - Illustrations aquarelle","src":"https:\/\/i0.wp.com\/www.lilavert.com\/blog_lilavert\/wp-content\/uploads\/2014\/03\/Juri-Jakovenko-Illustrations-aquarelle13-984x1024.jpg?resize=350%2C200&ssl=1","width":350,"height":200,"srcset":"https:\/\/i0.wp.com\/www.lilavert.com\/blog_lilavert\/wp-content\/uploads\/2014\/03\/Juri-Jakovenko-Illustrations-aquarelle13-984x1024.jpg?resize=350%2C200&ssl=1 1x, https:\/\/i0.wp.com\/www.lilavert.com\/blog_lilavert\/wp-content\/uploads\/2014\/03\/Juri-Jakovenko-Illustrations-aquarelle13-984x1024.jpg?resize=525%2C300&ssl=1 1.5x, https:\/\/i0.wp.com\/www.lilavert.com\/blog_lilavert\/wp-content\/uploads\/2014\/03\/Juri-Jakovenko-Illustrations-aquarelle13-984x1024.jpg?resize=700%2C400&ssl=1 2x"},"classes":[]},{"id":2128,"url":"https:\/\/www.lilavert.com\/blog_lilavert\/luminaire-arbre-de-hilden-diaz\/","url_meta":{"origin":7993,"position":4},"title":"Luminaire arbre de Hilden Diaz","author":"LilaVert I-I","date":"15\/05\/2013","format":"video","excerpt":"Luminaire arbre de Hilden Diaz Light sculpture pour une magnifique ambiance int\u00e9rieure ! Forms in\u00a0Nature The Light sculpture Forms in Nature resembles Darwinist Ernst Haeckel\u2019s drawings . Using a simple action, such as intensifying the brightness at the center of the artwork, the light transforms the space and adds character,\u2026","rel":"","context":"Dans &quot;Artiste&quot;","block_context":{"text":"Artiste","link":"https:\/\/www.lilavert.com\/blog_lilavert\/category\/artiste-2\/"},"img":{"alt_text":"Luminaire Arbre de Hilden Diaz","src":"https:\/\/i0.wp.com\/www.lilavert.com\/blog_lilavert\/wp-content\/uploads\/2013\/05\/luminaire-arbre-Hilden-Diaz.jpg?resize=350%2C200&ssl=1","width":350,"height":200,"srcset":"https:\/\/i0.wp.com\/www.lilavert.com\/blog_lilavert\/wp-content\/uploads\/2013\/05\/luminaire-arbre-Hilden-Diaz.jpg?resize=350%2C200&ssl=1 1x, https:\/\/i0.wp.com\/www.lilavert.com\/blog_lilavert\/wp-content\/uploads\/2013\/05\/luminaire-arbre-Hilden-Diaz.jpg?resize=525%2C300&ssl=1 1.5x, https:\/\/i0.wp.com\/www.lilavert.com\/blog_lilavert\/wp-content\/uploads\/2013\/05\/luminaire-arbre-Hilden-Diaz.jpg?resize=700%2C400&ssl=1 2x, https:\/\/i0.wp.com\/www.lilavert.com\/blog_lilavert\/wp-content\/uploads\/2013\/05\/luminaire-arbre-Hilden-Diaz.jpg?resize=1050%2C600&ssl=1 3x"},"classes":[]},{"id":2040,"url":"https:\/\/www.lilavert.com\/blog_lilavert\/ullule-en-danger-reseau-participatif-ou-leventuel-abus-de-certains\/","url_meta":{"origin":7993,"position":5},"title":"Ulule en danger ? R\u00e9seau participatif o\u00f9 l&rsquo;\u00e9ventuel abus de certains ?","author":"LilaVert I-I","date":"30\/04\/2013","format":false,"excerpt":"Publi\u00e9 sur la page Facebook \u00e0 cette adresse :\u00a0Les grosses productions sont \u00e0 l'assaut d'Ulule ! A l\u2019attention d\u2019Alexandre BOUCHEROT, co-fondateur d\u2019Ulule, et de Mathieu MAIRE du POSET, directeur de projets chez ULULE: Nous, r\u00e9alisateurs, sc\u00e9naristes, com\u00e9diens, producteurs, journalistes, techniciens, spectateurs et souscripteurs d\u2019Ulule, nous \u00e9tonnons de l'appel \u00e0 participation\u2026","rel":"","context":"Dans &quot;Film&quot;","block_context":{"text":"Film","link":"https:\/\/www.lilavert.com\/blog_lilavert\/category\/film-2\/"},"img":{"alt_text":"","src":"https:\/\/i0.wp.com\/www.lilavert.com\/blog_lilavert\/wp-content\/uploads\/2013\/04\/vigilance-ullule.jpg?resize=350%2C200&ssl=1","width":350,"height":200,"srcset":"https:\/\/i0.wp.com\/www.lilavert.com\/blog_lilavert\/wp-content\/uploads\/2013\/04\/vigilance-ullule.jpg?resize=350%2C200&ssl=1 1x, https:\/\/i0.wp.com\/www.lilavert.com\/blog_lilavert\/wp-content\/uploads\/2013\/04\/vigilance-ullule.jpg?resize=525%2C300&ssl=1 1.5x, https:\/\/i0.wp.com\/www.lilavert.com\/blog_lilavert\/wp-content\/uploads\/2013\/04\/vigilance-ullule.jpg?resize=700%2C400&ssl=1 2x"},"classes":[]}],"_links":{"self":[{"href":"https:\/\/www.lilavert.com\/blog_lilavert\/wp-json\/wp\/v2\/posts\/7993"}],"collection":[{"href":"https:\/\/www.lilavert.com\/blog_lilavert\/wp-json\/wp\/v2\/posts"}],"about":[{"href":"https:\/\/www.lilavert.com\/blog_lilavert\/wp-json\/wp\/v2\/types\/post"}],"author":[{"embeddable":true,"href":"https:\/\/www.lilavert.com\/blog_lilavert\/wp-json\/wp\/v2\/users\/1"}],"replies":[{"embeddable":true,"href":"https:\/\/www.lilavert.com\/blog_lilavert\/wp-json\/wp\/v2\/comments?post=7993"}],"version-history":[{"count":0,"href":"https:\/\/www.lilavert.com\/blog_lilavert\/wp-json\/wp\/v2\/posts\/7993\/revisions"}],"wp:attachment":[{"href":"https:\/\/www.lilavert.com\/blog_lilavert\/wp-json\/wp\/v2\/media?parent=7993"}],"wp:term":[{"taxonomy":"category","embeddable":true,"href":"https:\/\/www.lilavert.com\/blog_lilavert\/wp-json\/wp\/v2\/categories?post=7993"},{"taxonomy":"post_tag","embeddable":true,"href":"https:\/\/www.lilavert.com\/blog_lilavert\/wp-json\/wp\/v2\/tags?post=7993"}],"curies":[{"name":"wp","href":"https:\/\/api.w.org\/{rel}","templated":true}]}}