{"id":7909,"date":"2014-09-25T18:35:49","date_gmt":"2014-09-25T18:35:49","guid":{"rendered":"https:\/\/www.lilavert.com\/blog_lilavert\/?p=7909"},"modified":"2014-09-26T09:40:38","modified_gmt":"2014-09-26T09:40:38","slug":"ah-la-politique","status":"publish","type":"post","link":"https:\/\/www.lilavert.com\/blog_lilavert\/ah-la-politique\/","title":{"rendered":"ah la politique !"},"content":{"rendered":"<p><strong>ah la politique<\/strong> ! :)<\/p>\n<p><a href=\"https:\/\/www.lilavert.com\/blog_lilavert\/wp-content\/uploads\/2014\/09\/politique-de-finition-des-differents-partis.jpg\"><img loading=\"lazy\" decoding=\"async\" class=\"size-full wp-image-7910 alignnone\" title=\"politique definition des differents partis\" src=\"https:\/\/www.lilavert.com\/blog_lilavert\/wp-content\/uploads\/2014\/09\/politique-de-finition-des-differents-partis.jpg\" alt=\"politique definition des differents partis\" width=\"600\" height=\"6005\" srcset=\"https:\/\/www.lilavert.com\/blog_lilavert\/wp-content\/uploads\/2014\/09\/politique-de-finition-des-differents-partis.jpg 600w, https:\/\/www.lilavert.com\/blog_lilavert\/wp-content\/uploads\/2014\/09\/politique-de-finition-des-differents-partis-400x4003.jpg 400w, https:\/\/www.lilavert.com\/blog_lilavert\/wp-content\/uploads\/2014\/09\/politique-de-finition-des-differents-partis-300x3002.jpg 300w, https:\/\/www.lilavert.com\/blog_lilavert\/wp-content\/uploads\/2014\/09\/politique-de-finition-des-differents-partis-160x1600.jpg 160w\" sizes=\"(max-width: 600px) 100vw, 600px\" \/><\/a><\/p>\n<ul>\n<li>source : <a href=\"http:\/\/laboulette.fr\/10533\/politique-socialisme-vous-avez-2-vaches\" target=\"_blank\"><strong>laboulette.fr<\/strong><\/a><\/li>\n<\/ul>\n","protected":false},"excerpt":{"rendered":"<p>ah la politique ! :) source : laboulette.fr<\/p>\n","protected":false},"author":1,"featured_media":0,"comment_status":"open","ping_status":"open","sticky":false,"template":"","format":"standard","meta":{"_monsterinsights_skip_tracking":false,"_monsterinsights_sitenote_active":false,"_monsterinsights_sitenote_note":"","_monsterinsights_sitenote_category":0,"jetpack_post_was_ever_published":false,"_jetpack_newsletter_access":"","_jetpack_newsletter_tier_id":0,"footnotes":""},"categories":[16,488,514,245],"tags":[3399,3400,66,3394,3397,2269,68,3398,156,3395,94,3396,939,462,674],"jetpack_sharing_enabled":true,"jetpack_featured_media_url":"","jetpack_shortlink":"https:\/\/wp.me\/p6hYQX-23z","jetpack-related-posts":[{"id":511,"url":"https:\/\/www.lilavert.com\/blog_lilavert\/franck-lepage-incultures-ou-le-nouvel-esprit-du-capitalisme\/","url_meta":{"origin":7909,"position":0},"title":"Franck LEPAGE : Inculture(s) ou le nouvel esprit du capitalisme","author":"LilaVert I-I","date":"08\/08\/2012","format":"image","excerpt":"La vid\u00e9o \u00e0 ne pas manquer. [DUr\u00e9e 2h3O) \u00ab\u00a0Avant, j\u2019\u00e9tais proph\u00e8te... Proph\u00e8te salari\u00e9. Mon travail consistait \u00e0 dire la v\u00e9rit\u00e9. (La v\u00e9rit\u00e9 officielle). Et puis un jour, je me suis mis \u00e0 mentir, et ils ont ador\u00e9. On me faisait venir de plus en plus souvent. On me disait que\u2026","rel":"","context":"Dans &quot;Humour&quot;","block_context":{"text":"Humour","link":"https:\/\/www.lilavert.com\/blog_lilavert\/category\/humour-2\/"},"img":{"alt_text":"","src":"https:\/\/i0.wp.com\/www.lilavert.com\/blog_lilavert\/wp-content\/uploads\/2012\/08\/fff.jpg?resize=350%2C200&ssl=1","width":350,"height":200},"classes":[]},{"id":1587,"url":"https:\/\/www.lilavert.com\/blog_lilavert\/ah-xian-artiste-sculpteur-2\/","url_meta":{"origin":7909,"position":1},"title":"Ah Xian, artiste sculpteur","author":"LilaVert I-I","date":"06\/03\/2013","format":"gallery","excerpt":"Ah Xian.\u00a0N\u00e9 en Chine en 1960. Apr\u00e8s les \u00e9v\u00e9nements de la place Tiananmen en 1989, il a demand\u00e9 l'asile politique \u00e0 l'Australie et vit \u00e0 Sydney depuis 1990. Il aborde les questions entourant le d\u00e9placement culturel, idenditaire et la relation entre l'Est et l'Ouest. Ses \u0153uvres r\u00e9centes continuent \u00e0 explorer\u2026","rel":"","context":"Dans &quot;Artiste&quot;","block_context":{"text":"Artiste","link":"https:\/\/www.lilavert.com\/blog_lilavert\/category\/artiste-2\/"},"img":{"alt_text":"","src":"https:\/\/i0.wp.com\/www.lilavert.com\/blog_lilavert\/wp-content\/uploads\/2013\/03\/EXHI0100531.jpg?resize=350%2C200&ssl=1","width":350,"height":200},"classes":[]},{"id":8703,"url":"https:\/\/www.lilavert.com\/blog_lilavert\/lavant-projet-de-la-loi-sur-la-creation-et-le-patrimoine-fait-peu-de-cas-des-artistes-plasticiens\/","url_meta":{"origin":7909,"position":2},"title":"L\u2019avant-projet de la loi sur la cr\u00e9ation et le patrimoine fait peu de cas des artistes plasticiens","author":"LilaVert I-I","date":"15\/01\/2015","format":false,"excerpt":"L\u2019avant-projet de la loi sur la cr\u00e9ation et le patrimoine fait peu de cas des artistes plasticiens, seule mesure concr\u00e8te : la possibilit\u00e9 de b\u00e9n\u00e9ficier du RSA. Projet de loi cr\u00e9ation \/\u00a0La loi sur la cr\u00e9ation oublie les arts plastiques - par Fournol Alexis - publi\u00e9 dans\u00a0Le Journal des Arts\u2026","rel":"","context":"Dans &quot;art&quot;","block_context":{"text":"art","link":"https:\/\/www.lilavert.com\/blog_lilavert\/category\/art\/"},"img":{"alt_text":"loi art plastique","src":"https:\/\/i0.wp.com\/www.lilavert.com\/blog_lilavert\/wp-content\/uploads\/2015\/01\/loi-art-plastique.jpg?resize=350%2C200&ssl=1","width":350,"height":200},"classes":[]},{"id":6593,"url":"https:\/\/www.lilavert.com\/blog_lilavert\/la-faim\/","url_meta":{"origin":7909,"position":3},"title":"La Faim","author":"LilaVert I-I","date":"26\/03\/2014","format":"video","excerpt":"La Faim.\u00a0Documentaire de\u00a0Marcus Vetter. Sans commentaire. Le niveau de production alimentaire n\u2019a jamais \u00e9t\u00e9 aussi \u00e9lev\u00e9 qu\u2019aujourd\u2019hui. Pourtant, plus d\u2019un milliard de personnes souffrent aujourd\u2019hui de la faim dans le monde, soit une personne sur sept, et leur nombre ne cesse de grandir. \u00c0 Port-au-Prince, les pauvres se nourrissent de\u2026","rel":"","context":"Dans &quot;Exploitation&quot;","block_context":{"text":"Exploitation","link":"https:\/\/www.lilavert.com\/blog_lilavert\/category\/exploitation-2\/"},"img":{"alt_text":"galettes de boue","src":"https:\/\/i0.wp.com\/www.lilavert.com\/blog_lilavert\/wp-content\/uploads\/2014\/03\/galettes-de-boue.jpg?resize=350%2C200&ssl=1","width":350,"height":200,"srcset":"https:\/\/i0.wp.com\/www.lilavert.com\/blog_lilavert\/wp-content\/uploads\/2014\/03\/galettes-de-boue.jpg?resize=350%2C200&ssl=1 1x, https:\/\/i0.wp.com\/www.lilavert.com\/blog_lilavert\/wp-content\/uploads\/2014\/03\/galettes-de-boue.jpg?resize=525%2C300&ssl=1 1.5x, https:\/\/i0.wp.com\/www.lilavert.com\/blog_lilavert\/wp-content\/uploads\/2014\/03\/galettes-de-boue.jpg?resize=700%2C400&ssl=1 2x"},"classes":[]},{"id":4983,"url":"https:\/\/www.lilavert.com\/blog_lilavert\/caricatures-sociales-de-angel-boligan\/","url_meta":{"origin":7909,"position":4},"title":"Caricatures sociales de Angel Boligan","author":"LilaVert I-I","date":"18\/12\/2013","format":"gallery","excerpt":"Caricatures sociales de Angel Boligan, dipl\u00f4m\u00e9 des Beaux-arts de La Havane en 1987. Il vit au Mexique depuis 1992 (originaire de Cuba), et travaille comme caricaturiste social et politique pour le journal mexicain EL UNIVERSAL. \/\/ Social and political caricatures\u00a0Angel Boligan (Cuba, Mexico since 1992) Il vient de sortir un\u2026","rel":"","context":"Dans &quot;art&quot;","block_context":{"text":"art","link":"https:\/\/www.lilavert.com\/blog_lilavert\/category\/art\/"},"img":{"alt_text":"Angel Boligan - Livre \"el amor y otras mentiras\"","src":"https:\/\/i0.wp.com\/www.lilavert.com\/blog_lilavert\/wp-content\/uploads\/2013\/12\/Angel-Boligan-Livre-el-amor-y-otras-mentiras-689x1024.jpeg?resize=350%2C200&ssl=1","width":350,"height":200,"srcset":"https:\/\/i0.wp.com\/www.lilavert.com\/blog_lilavert\/wp-content\/uploads\/2013\/12\/Angel-Boligan-Livre-el-amor-y-otras-mentiras-689x1024.jpeg?resize=350%2C200&ssl=1 1x, https:\/\/i0.wp.com\/www.lilavert.com\/blog_lilavert\/wp-content\/uploads\/2013\/12\/Angel-Boligan-Livre-el-amor-y-otras-mentiras-689x1024.jpeg?resize=525%2C300&ssl=1 1.5x"},"classes":[]},{"id":1683,"url":"https:\/\/www.lilavert.com\/blog_lilavert\/doit-on-encore-croire-en-les-medias\/","url_meta":{"origin":7909,"position":5},"title":"Doit-on encore croire en les m\u00e9dias ?","author":"LilaVert I-I","date":"07\/04\/2013","format":false,"excerpt":"Un abus de Lib\u00e9ration r\u00e9vis\u00e9 comme tel dans Mediapart...\u00a0Doit-on encore croire en les m\u00e9dias ? \u00a0 Abus de Lib\u00e9ration... 07 avril 2013\u00a0Par\u00a0christian salmon \"\u00a0A la suite de l\u2019entretien que j\u2019ai accord\u00e9 \u00e0 Lib\u00e9ration le 4 avril, je tiens \u00e0 faire la mise au point suivante.\u00a0Mes propos qui se voulaient une\u2026","rel":"","context":"Dans &quot;News&quot;","block_context":{"text":"News","link":"https:\/\/www.lilavert.com\/blog_lilavert\/category\/news\/"},"img":{"alt_text":"","src":"","width":0,"height":0},"classes":[]}],"_links":{"self":[{"href":"https:\/\/www.lilavert.com\/blog_lilavert\/wp-json\/wp\/v2\/posts\/7909"}],"collection":[{"href":"https:\/\/www.lilavert.com\/blog_lilavert\/wp-json\/wp\/v2\/posts"}],"about":[{"href":"https:\/\/www.lilavert.com\/blog_lilavert\/wp-json\/wp\/v2\/types\/post"}],"author":[{"embeddable":true,"href":"https:\/\/www.lilavert.com\/blog_lilavert\/wp-json\/wp\/v2\/users\/1"}],"replies":[{"embeddable":true,"href":"https:\/\/www.lilavert.com\/blog_lilavert\/wp-json\/wp\/v2\/comments?post=7909"}],"version-history":[{"count":0,"href":"https:\/\/www.lilavert.com\/blog_lilavert\/wp-json\/wp\/v2\/posts\/7909\/revisions"}],"wp:attachment":[{"href":"https:\/\/www.lilavert.com\/blog_lilavert\/wp-json\/wp\/v2\/media?parent=7909"}],"wp:term":[{"taxonomy":"category","embeddable":true,"href":"https:\/\/www.lilavert.com\/blog_lilavert\/wp-json\/wp\/v2\/categories?post=7909"},{"taxonomy":"post_tag","embeddable":true,"href":"https:\/\/www.lilavert.com\/blog_lilavert\/wp-json\/wp\/v2\/tags?post=7909"}],"curies":[{"name":"wp","href":"https:\/\/api.w.org\/{rel}","templated":true}]}}