{"id":7783,"date":"2014-09-21T12:08:08","date_gmt":"2014-09-21T12:08:08","guid":{"rendered":"https:\/\/www.lilavert.com\/blog_lilavert\/?p=7783"},"modified":"2014-09-21T12:08:08","modified_gmt":"2014-09-21T12:08:08","slug":"lunivers-poetique-de-veronique-paquereau","status":"publish","type":"post","link":"https:\/\/www.lilavert.com\/blog_lilavert\/lunivers-poetique-de-veronique-paquereau\/","title":{"rendered":"L&rsquo;univers po\u00e9tique de V\u00e9ronique Paquereau"},"content":{"rendered":"<p><strong>L&rsquo;univers po\u00e9tique de V\u00e9ronique Paquereau<\/strong>, \u00e0 suivre<br \/>\net \u00e0 d\u00e9couvrir \u00e0 la <a title=\"expo galerie-albane.com\" href=\"http:\/\/www.galerie-albane.com\" target=\"_blank\"><strong>Galerie Albane<\/strong><\/a>, Nantes.<\/p>\n<ul>\n<li>et sur <a href=\"https:\/\/www.facebook.com\/veronique.paquereau.9\" target=\"_blank\"><strong>Facebook<\/strong><\/a><\/li>\n<\/ul>\n","protected":false},"excerpt":{"rendered":"<p>L&rsquo;univers po\u00e9tique de V\u00e9ronique Paquereau, \u00e0 suivre et \u00e0 d\u00e9couvrir \u00e0 la Galerie Albane, Nantes. et sur Facebook<\/p>\n","protected":false},"author":1,"featured_media":0,"comment_status":"open","ping_status":"open","sticky":false,"template":"","format":"gallery","meta":{"_monsterinsights_skip_tracking":false,"_monsterinsights_sitenote_active":false,"_monsterinsights_sitenote_note":"","_monsterinsights_sitenote_category":0,"jetpack_post_was_ever_published":false,"_jetpack_newsletter_access":"","_jetpack_newsletter_tier_id":0,"footnotes":""},"categories":[39,220,1332,16,216],"tags":[292,4003,82,44,40,445,324,290,2690,3342,28,26,905,3343],"jetpack_sharing_enabled":true,"jetpack_featured_media_url":"","jetpack_shortlink":"https:\/\/wp.me\/p6hYQX-21x","jetpack-related-posts":[{"id":8406,"url":"https:\/\/www.lilavert.com\/blog_lilavert\/sculptures-metamorphosees-et-poetiques-de-armelle-blary\/","url_meta":{"origin":7783,"position":0},"title":"Sculptures m\u00e9tamorphos\u00e9es et po\u00e9tiques de Armelle Blary","author":"LilaVert I-I","date":"05\/12\/2014","format":"gallery","excerpt":"Sculptures m\u00e9tamorphos\u00e9es et po\u00e9tiques de Armelle Blary. (France) - Tissus, fil de fer Son univers personnel se d\u00e9veloppe dans des \u0153uvres o\u00f9 l\u2019humain, l\u2019objet, l\u2019animal, le v\u00e9g\u00e9tal se croisent dans une po\u00e9tique de l\u2019entre-deux et du devenir. Nourrie de litt\u00e9rature, Armelle Blary recourt volontiers aux mythes anciens. Elle puise dans\u2026","rel":"","context":"Dans &quot;art&quot;","block_context":{"text":"art","link":"https:\/\/www.lilavert.com\/blog_lilavert\/category\/art\/"},"img":{"alt_text":"Armelle Blary - Daphn\u00c3\u00a9 - sculpture textile","src":"https:\/\/i0.wp.com\/www.lilavert.com\/blog_lilavert\/wp-content\/uploads\/2014\/12\/Armelle-Blary-Daphne-668x1024.jpg?resize=350%2C200&ssl=1","width":350,"height":200,"srcset":"https:\/\/i0.wp.com\/www.lilavert.com\/blog_lilavert\/wp-content\/uploads\/2014\/12\/Armelle-Blary-Daphne-668x1024.jpg?resize=350%2C200&ssl=1 1x, https:\/\/i0.wp.com\/www.lilavert.com\/blog_lilavert\/wp-content\/uploads\/2014\/12\/Armelle-Blary-Daphne-668x1024.jpg?resize=525%2C300&ssl=1 1.5x"},"classes":[]},{"id":4367,"url":"https:\/\/www.lilavert.com\/blog_lilavert\/textile-art-de-anne-valerie-dupond\/","url_meta":{"origin":7783,"position":1},"title":"Textile Art de Anne-Valerie Dupond","author":"LilaVert I-I","date":"18\/11\/2013","format":"gallery","excerpt":"Sculpteur Textile Art de Anne-Valerie Dupond.\u00a0Form\u00e9e \u00e0 la facult\u00e9 d\u2019arts plastiques de Strasbourg, elle est rep\u00e9r\u00e9e tr\u00e8s t\u00f4t par la galerie Edgar \u00e0 Paris en 2001, et son succ\u00e8s grandit rapidement. Elle expose aujourd'hui ses \u0153uvres sensibles, surprenantes et po\u00e9tiques un peu partout \u00e0 travers le monde. De l\u2019univers enfantin\u2026","rel":"","context":"Dans &quot;art&quot;","block_context":{"text":"art","link":"https:\/\/www.lilavert.com\/blog_lilavert\/category\/art\/"},"img":{"alt_text":"","src":"","width":0,"height":0},"classes":[]},{"id":1404,"url":"https:\/\/www.lilavert.com\/blog_lilavert\/lenvolee-poetique-et-visuelle-photographique-de-mirjam-appelhof-pays-bas\/","url_meta":{"origin":7783,"position":2},"title":"L&rsquo;envol\u00e9e po\u00e9tique et visuelle photographique de Mirjam Appelhof \/ Pays-Bas","author":"LilaVert I-I","date":"26\/01\/2013","format":"gallery","excerpt":"L'envol\u00e9e po\u00e9tique et visuelle photographique de Mirjam Appelhof \/ Pays-Bas Website Facebook.","rel":"","context":"Dans &quot;Artiste&quot;","block_context":{"text":"Artiste","link":"https:\/\/www.lilavert.com\/blog_lilavert\/category\/artiste-2\/"},"img":{"alt_text":"","src":"https:\/\/i0.wp.com\/www.lilavert.com\/blog_lilavert\/wp-content\/uploads\/2013\/01\/2012-03-07-18-03-08.voorpagina.jpg?resize=350%2C200&ssl=1","width":350,"height":200,"srcset":"https:\/\/i0.wp.com\/www.lilavert.com\/blog_lilavert\/wp-content\/uploads\/2013\/01\/2012-03-07-18-03-08.voorpagina.jpg?resize=350%2C200&ssl=1 1x, https:\/\/i0.wp.com\/www.lilavert.com\/blog_lilavert\/wp-content\/uploads\/2013\/01\/2012-03-07-18-03-08.voorpagina.jpg?resize=525%2C300&ssl=1 1.5x"},"classes":[]},{"id":6417,"url":"https:\/\/www.lilavert.com\/blog_lilavert\/sculptures-poetique-clementine-de-chabaneix\/","url_meta":{"origin":7783,"position":3},"title":"Sculptures po\u00e9tique Clementine De Chabaneix","author":"LilaVert I-I","date":"15\/03\/2014","format":"gallery","excerpt":"Sculptures po\u00e9tique Clementine De Chabaneix. \u00a0(France) \"I work with epoxy resin or ceramic, iron and sometimes wood. I often sculpt young ' Burtonian' girls, kind of \"Alice in Wonderland\", teenagers, romantic, a bit gothic...\u00a0 My work is about leaving childhood, metamorphose, struggle.\u00a0 I draw also with very thin lines, minimalist\u2026","rel":"","context":"Dans &quot;art&quot;","block_context":{"text":"art","link":"https:\/\/www.lilavert.com\/blog_lilavert\/category\/art\/"},"img":{"alt_text":"","src":"","width":0,"height":0},"classes":[]},{"id":6654,"url":"https:\/\/www.lilavert.com\/blog_lilavert\/jephan-de-villiers-par-nature-sculpteur\/","url_meta":{"origin":7783,"position":4},"title":"Jephan de Villiers &#8211; par \u00ab\u00a0Nature\u00a0\u00bb sculpteur","author":"LilaVert I-I","date":"29\/03\/2014","format":"gallery","excerpt":"Jephan de Villiers - par \"Nature\" sculpteur, born 1940. Il\u00a0apprend, seul,\u00a0la sculpture en observant la nature - r\u00e9coltant bois, feuilles, graines, terre ou boue.\u00a0Inspir\u00e9 des oeuvres de Giacometti, Brancusi et de Zadkine. Son univers est po\u00e9tique et empreint de nature humaine.\u00a0Des \u00eatres fragiles en bois ou en terre, des \u00ab\u2026","rel":"","context":"Dans &quot;art&quot;","block_context":{"text":"art","link":"https:\/\/www.lilavert.com\/blog_lilavert\/category\/art\/"},"img":{"alt_text":"","src":"","width":0,"height":0},"classes":[]},{"id":4594,"url":"https:\/\/www.lilavert.com\/blog_lilavert\/sublime-visual-artiste-rimel-neffati\/","url_meta":{"origin":7783,"position":5},"title":"Sublime visual artiste, Rimel Neffati","author":"LilaVert I-I","date":"02\/12\/2013","format":"gallery","excerpt":"Sublime visual artiste, Rimel Neffati (French artist based in Amsterdam) Follow on Flickr on FB","rel":"","context":"Dans &quot;art&quot;","block_context":{"text":"art","link":"https:\/\/www.lilavert.com\/blog_lilavert\/category\/art\/"},"img":{"alt_text":"","src":"","width":0,"height":0},"classes":[]}],"_links":{"self":[{"href":"https:\/\/www.lilavert.com\/blog_lilavert\/wp-json\/wp\/v2\/posts\/7783"}],"collection":[{"href":"https:\/\/www.lilavert.com\/blog_lilavert\/wp-json\/wp\/v2\/posts"}],"about":[{"href":"https:\/\/www.lilavert.com\/blog_lilavert\/wp-json\/wp\/v2\/types\/post"}],"author":[{"embeddable":true,"href":"https:\/\/www.lilavert.com\/blog_lilavert\/wp-json\/wp\/v2\/users\/1"}],"replies":[{"embeddable":true,"href":"https:\/\/www.lilavert.com\/blog_lilavert\/wp-json\/wp\/v2\/comments?post=7783"}],"version-history":[{"count":0,"href":"https:\/\/www.lilavert.com\/blog_lilavert\/wp-json\/wp\/v2\/posts\/7783\/revisions"}],"wp:attachment":[{"href":"https:\/\/www.lilavert.com\/blog_lilavert\/wp-json\/wp\/v2\/media?parent=7783"}],"wp:term":[{"taxonomy":"category","embeddable":true,"href":"https:\/\/www.lilavert.com\/blog_lilavert\/wp-json\/wp\/v2\/categories?post=7783"},{"taxonomy":"post_tag","embeddable":true,"href":"https:\/\/www.lilavert.com\/blog_lilavert\/wp-json\/wp\/v2\/tags?post=7783"}],"curies":[{"name":"wp","href":"https:\/\/api.w.org\/{rel}","templated":true}]}}