{"id":7022,"date":"2014-05-24T19:37:48","date_gmt":"2014-05-24T19:37:48","guid":{"rendered":"https:\/\/www.lilavert.com\/blog_lilavert\/?p=7022"},"modified":"2014-05-25T10:55:04","modified_gmt":"2014-05-25T10:55:04","slug":"avec-le-temps","status":"publish","type":"post","link":"https:\/\/www.lilavert.com\/blog_lilavert\/avec-le-temps\/","title":{"rendered":"Avec le temps&#8230;"},"content":{"rendered":"<p>Avec le temps&#8230; reprise by <strong>Sophie Hunger<\/strong>&#8230;<br \/>\n<em>Pour une fois qu&rsquo;une belle chose \u00e9merge de Zurich,,,,, ne nous en privons pas&#8230; (privatejoke)<\/em><\/p>\n<p><iframe loading=\"lazy\" style=\"border: 0; width: 100%; height: 120px;\" src=\"http:\/\/bandcamp.com\/EmbeddedPlayer\/album=700069925\/size=large\/bgcol=ffffff\/linkcol=0687f5\/tracklist=false\/artwork=small\/track=4090855919\/transparent=true\/\" width=\"320\" height=\"240\"><\/iframe><\/p>\n","protected":false},"excerpt":{"rendered":"<p>Avec le temps&#8230; reprise by Sophie Hunger&#8230; Pour une fois qu&rsquo;une belle chose \u00e9merge de Zurich,,,,, ne nous en privons<\/p>\n","protected":false},"author":1,"featured_media":0,"comment_status":"open","ping_status":"open","sticky":false,"template":"","format":"standard","meta":{"_monsterinsights_skip_tracking":false,"_monsterinsights_sitenote_active":false,"_monsterinsights_sitenote_note":"","_monsterinsights_sitenote_category":0,"jetpack_post_was_ever_published":false,"_jetpack_newsletter_access":"","_jetpack_newsletter_tier_id":0,"footnotes":""},"categories":[220,1332,362,16],"tags":[3058,3053,3051,3059,3060,3057,80,81,98,3052,3056,74,3055,1919,1921,3054],"jetpack_sharing_enabled":true,"jetpack_featured_media_url":"","jetpack_shortlink":"https:\/\/wp.me\/p6hYQX-1Pg","jetpack-related-posts":[{"id":1295,"url":"https:\/\/www.lilavert.com\/blog_lilavert\/sophie-groult-photographies-jeune-et-talentueuse\/","url_meta":{"origin":7022,"position":0},"title":"Sophie Groult photographies, jeune et talentueuse !","author":"LilaVert I-I","date":"14\/01\/2013","format":"gallery","excerpt":"Sophie Groult photographies, jeune et talentueuse ! Magnifiques galeries photos de Sophie Groult, \u00e0 d\u00e9couvrir : Galerie actuelle :http:\/\/sophiegroult.blogspot.com\/ et\u00a0Galerie 2010 :\u00a0http:\/\/sophiegroult1.blogspot.com\/ ou la suivre sur Facebook !","rel":"","context":"Dans &quot;Artiste&quot;","block_context":{"text":"Artiste","link":"https:\/\/www.lilavert.com\/blog_lilavert\/category\/artiste-2\/"},"img":{"alt_text":"","src":"","width":0,"height":0},"classes":[]},{"id":1637,"url":"https:\/\/www.lilavert.com\/blog_lilavert\/sophie-ryder-sculpteur\/","url_meta":{"origin":7022,"position":1},"title":"Sophie Ryder sculpteur","author":"LilaVert I-I","date":"05\/09\/2014","format":"gallery","excerpt":"Sophie Ryder sculpteur. N\u00e9 \u00e0 Londres, en 1963. La plupart des sculptures de Sophie Ryder sont des cr\u00e9atures mythiques, mi-humains mi-animaux. Sa pi\u00e8ce la plus connue est le li\u00e8vre Dame, un li\u00e8vre avec un corps humain de sexe f\u00e9minin.. Les sentiments et les \u00e9motions sont directement reli\u00e9s \u00e0 l'artiste elle-m\u00eame.\u2026","rel":"","context":"Dans &quot;art&quot;","block_context":{"text":"art","link":"https:\/\/www.lilavert.com\/blog_lilavert\/category\/art\/"},"img":{"alt_text":"Sophie Ryder, minotaure, cheval, lievre","src":"https:\/\/i0.wp.com\/www.lilavert.com\/blog_lilavert\/wp-content\/uploads\/2013\/03\/Sophie-Ryder7.jpg?resize=350%2C200&ssl=1","width":350,"height":200,"srcset":"https:\/\/i0.wp.com\/www.lilavert.com\/blog_lilavert\/wp-content\/uploads\/2013\/03\/Sophie-Ryder7.jpg?resize=350%2C200&ssl=1 1x, https:\/\/i0.wp.com\/www.lilavert.com\/blog_lilavert\/wp-content\/uploads\/2013\/03\/Sophie-Ryder7.jpg?resize=525%2C300&ssl=1 1.5x, https:\/\/i0.wp.com\/www.lilavert.com\/blog_lilavert\/wp-content\/uploads\/2013\/03\/Sophie-Ryder7.jpg?resize=700%2C400&ssl=1 2x"},"classes":[]},{"id":4538,"url":"https:\/\/www.lilavert.com\/blog_lilavert\/la-faim-est-un-monstre\/","url_meta":{"origin":7022,"position":2},"title":"La faim est un monstre","author":"LilaVert I-I","date":"28\/11\/2013","format":"video","excerpt":"La faim est un monstre La faim est un monstre est un clip tr\u00e8s lech\u00e9 realis\u00e9 par\u00a0by Marcin Filipek, fa\u00e7on petit chaperon rouge afin de sensibiliser le jeune public au probleme de la faim, insidieuse et aussi f\u00e9roce qu'un loup. \/\/\/ Hunger is a Monster (featuring Elle Fanning) This work\u2026","rel":"","context":"Dans &quot;Film&quot;","block_context":{"text":"Film","link":"https:\/\/www.lilavert.com\/blog_lilavert\/category\/film-2\/"},"img":{"alt_text":"Hunger is a Monster, la faim est un monstre","src":"https:\/\/i0.wp.com\/www.lilavert.com\/blog_lilavert\/wp-content\/uploads\/2013\/11\/Hunger-is-a-Monster.jpg?resize=350%2C200&ssl=1","width":350,"height":200,"srcset":"https:\/\/i0.wp.com\/www.lilavert.com\/blog_lilavert\/wp-content\/uploads\/2013\/11\/Hunger-is-a-Monster.jpg?resize=350%2C200&ssl=1 1x, https:\/\/i0.wp.com\/www.lilavert.com\/blog_lilavert\/wp-content\/uploads\/2013\/11\/Hunger-is-a-Monster.jpg?resize=525%2C300&ssl=1 1.5x, https:\/\/i0.wp.com\/www.lilavert.com\/blog_lilavert\/wp-content\/uploads\/2013\/11\/Hunger-is-a-Monster.jpg?resize=700%2C400&ssl=1 2x"},"classes":[]},{"id":5475,"url":"https:\/\/www.lilavert.com\/blog_lilavert\/le-droit-dauteur-et-le-droit-limage\/","url_meta":{"origin":7022,"position":3},"title":"Le droit d&rsquo;auteur et le droit \u00e0 l&rsquo;image","author":"LilaVert I-I","date":"21\/01\/2014","format":"image","excerpt":"Site parfaitement document\u00e9 sur Le droit d'auteur et le droit \u00e0 l'image par Evelyne Moreau et Sophie Lorenzo. Et si vous avez un doute, elles r\u00e9pondent \u00e0 vos questions. Acc\u00e9dez au SITE","rel":"","context":"Dans &quot;News&quot;","block_context":{"text":"News","link":"https:\/\/www.lilavert.com\/blog_lilavert\/category\/news\/"},"img":{"alt_text":"Site parfaitement document\u00e9 sur Le droit d'auteur et le droit \u00e0 l'image par Evelyne Moreau et Sophie Lorenzo.","src":"https:\/\/i0.wp.com\/www.lilavert.com\/blog_lilavert\/wp-content\/uploads\/2014\/01\/droits-dauteurs-droits-dimages.png?resize=350%2C200&ssl=1","width":350,"height":200,"srcset":"https:\/\/i0.wp.com\/www.lilavert.com\/blog_lilavert\/wp-content\/uploads\/2014\/01\/droits-dauteurs-droits-dimages.png?resize=350%2C200&ssl=1 1x, https:\/\/i0.wp.com\/www.lilavert.com\/blog_lilavert\/wp-content\/uploads\/2014\/01\/droits-dauteurs-droits-dimages.png?resize=525%2C300&ssl=1 1.5x, https:\/\/i0.wp.com\/www.lilavert.com\/blog_lilavert\/wp-content\/uploads\/2014\/01\/droits-dauteurs-droits-dimages.png?resize=700%2C400&ssl=1 2x"},"classes":[]},{"id":11131,"url":"https:\/\/www.lilavert.com\/blog_lilavert\/richard-wood-photographe\/","url_meta":{"origin":7022,"position":4},"title":"Richard Wood Photographe","author":"LilaVert I-I","date":"20\/03\/2016","format":"gallery","excerpt":"Richard Wood Photographe \/\u00a0Nouvelle-Z\u00e9lande Richard Wood website Facebook","rel":"","context":"Dans &quot;Creation&quot;","block_context":{"text":"Creation","link":"https:\/\/www.lilavert.com\/blog_lilavert\/category\/creation-2\/"},"img":{"alt_text":"Richard Wood - Creative Portrait SOPHIE","src":"https:\/\/i0.wp.com\/www.lilavert.com\/blog_lilavert\/wp-content\/uploads\/2016\/03\/Richard-Wood-Creative-Portrait-SOPHIE-685x1024.jpg?resize=350%2C200&ssl=1","width":350,"height":200,"srcset":"https:\/\/i0.wp.com\/www.lilavert.com\/blog_lilavert\/wp-content\/uploads\/2016\/03\/Richard-Wood-Creative-Portrait-SOPHIE-685x1024.jpg?resize=350%2C200&ssl=1 1x, https:\/\/i0.wp.com\/www.lilavert.com\/blog_lilavert\/wp-content\/uploads\/2016\/03\/Richard-Wood-Creative-Portrait-SOPHIE-685x1024.jpg?resize=525%2C300&ssl=1 1.5x"},"classes":[]},{"id":3007,"url":"https:\/\/www.lilavert.com\/blog_lilavert\/regina-spektor-jadorrrr\/","url_meta":{"origin":7022,"position":5},"title":"ReGina SpeKtor, jadorrrr","author":"LilaVert I-I","date":"04\/09\/2013","format":"video","excerpt":"ReGina SpeKtor, jadorrrr, surtout\u00a0Laughing With, et aussi Eet, et aussi et aussi... ... et aussi The flowers... BIO Regina Spektor,\u00a0de son nom entier\u00a0Regina Ilyinichna Spektor, est une artiste am\u00e9ricano-russe qui a vu le jour le 18\/02\/1980 \u00e0 Moscou. Ayant toujours baign\u00e9e dans le monde de la musique, elle poss\u00e8de de\u2026","rel":"","context":"Dans &quot;Artiste&quot;","block_context":{"text":"Artiste","link":"https:\/\/www.lilavert.com\/blog_lilavert\/category\/artiste-2\/"},"img":{"alt_text":"","src":"https:\/\/i0.wp.com\/www.lilavert.com\/blog_lilavert\/wp-content\/uploads\/2013\/09\/reginaspektor.jpg?resize=350%2C200&ssl=1","width":350,"height":200,"srcset":"https:\/\/i0.wp.com\/www.lilavert.com\/blog_lilavert\/wp-content\/uploads\/2013\/09\/reginaspektor.jpg?resize=350%2C200&ssl=1 1x, https:\/\/i0.wp.com\/www.lilavert.com\/blog_lilavert\/wp-content\/uploads\/2013\/09\/reginaspektor.jpg?resize=525%2C300&ssl=1 1.5x, https:\/\/i0.wp.com\/www.lilavert.com\/blog_lilavert\/wp-content\/uploads\/2013\/09\/reginaspektor.jpg?resize=700%2C400&ssl=1 2x, https:\/\/i0.wp.com\/www.lilavert.com\/blog_lilavert\/wp-content\/uploads\/2013\/09\/reginaspektor.jpg?resize=1050%2C600&ssl=1 3x, https:\/\/i0.wp.com\/www.lilavert.com\/blog_lilavert\/wp-content\/uploads\/2013\/09\/reginaspektor.jpg?resize=1400%2C800&ssl=1 4x"},"classes":[]}],"_links":{"self":[{"href":"https:\/\/www.lilavert.com\/blog_lilavert\/wp-json\/wp\/v2\/posts\/7022"}],"collection":[{"href":"https:\/\/www.lilavert.com\/blog_lilavert\/wp-json\/wp\/v2\/posts"}],"about":[{"href":"https:\/\/www.lilavert.com\/blog_lilavert\/wp-json\/wp\/v2\/types\/post"}],"author":[{"embeddable":true,"href":"https:\/\/www.lilavert.com\/blog_lilavert\/wp-json\/wp\/v2\/users\/1"}],"replies":[{"embeddable":true,"href":"https:\/\/www.lilavert.com\/blog_lilavert\/wp-json\/wp\/v2\/comments?post=7022"}],"version-history":[{"count":0,"href":"https:\/\/www.lilavert.com\/blog_lilavert\/wp-json\/wp\/v2\/posts\/7022\/revisions"}],"wp:attachment":[{"href":"https:\/\/www.lilavert.com\/blog_lilavert\/wp-json\/wp\/v2\/media?parent=7022"}],"wp:term":[{"taxonomy":"category","embeddable":true,"href":"https:\/\/www.lilavert.com\/blog_lilavert\/wp-json\/wp\/v2\/categories?post=7022"},{"taxonomy":"post_tag","embeddable":true,"href":"https:\/\/www.lilavert.com\/blog_lilavert\/wp-json\/wp\/v2\/tags?post=7022"}],"curies":[{"name":"wp","href":"https:\/\/api.w.org\/{rel}","templated":true}]}}