{"id":6985,"date":"2014-05-22T16:50:06","date_gmt":"2014-05-22T16:50:06","guid":{"rendered":"https:\/\/www.lilavert.com\/blog_lilavert\/?p=6985"},"modified":"2016-05-16T11:08:56","modified_gmt":"2016-05-16T11:08:56","slug":"midnight-giorgio-moroder-remix","status":"publish","type":"post","link":"https:\/\/www.lilavert.com\/blog_lilavert\/midnight-giorgio-moroder-remix\/","title":{"rendered":"Midnight (Giorgio Moroder Remix) ***"},"content":{"rendered":"<p><iframe loading=\"lazy\" src=\"https:\/\/w.soundcloud.com\/player\/?url=https%3A\/\/api.soundcloud.com\/tracks\/145391912&amp;auto_play=false&amp;hide_related=false&amp;visual=true\" width=\"100%\" height=\"450\" frameborder=\"no\" scrolling=\"no\"><\/iframe><\/p>\n<p><iframe loading=\"lazy\" src=\"http:\/\/embed.francetv.fr\/?ue=67386ac52e3b0410a34107d8facdd636\" width=\"544\" height=\"306\" frameborder=\"0\" scrolling=\"no\"><\/iframe><br \/>\n<a href=\"http:\/\/culturebox.francetvinfo.fr\/live\/musique\/evenements\/alcaline-le-concert-avec-coldplay-154605\" target=\"_blank\">Alcaline, le concert avec Coldplay<\/a><\/p>\n","protected":false},"excerpt":{"rendered":"<p>Alcaline, le concert avec Coldplay<\/p>\n","protected":false},"author":1,"featured_media":0,"comment_status":"open","ping_status":"open","sticky":false,"template":"","format":"audio","meta":{"_monsterinsights_skip_tracking":false,"_monsterinsights_sitenote_active":false,"_monsterinsights_sitenote_note":"","_monsterinsights_sitenote_category":0,"jetpack_post_was_ever_published":false,"_jetpack_newsletter_access":"","_jetpack_newsletter_tier_id":0,"footnotes":""},"categories":[362,16],"tags":[2380,3038,3037,81,98,3039,950],"jetpack_sharing_enabled":true,"jetpack_featured_media_url":"","jetpack_shortlink":"https:\/\/wp.me\/p6hYQX-1OF","jetpack-related-posts":[{"id":2839,"url":"https:\/\/www.lilavert.com\/blog_lilavert\/sebastien-schuller-nightlife-walter-sobcek-remix\/","url_meta":{"origin":6985,"position":0},"title":"Sebastien Schuller \/\/ Nightlife (Walter Sobcek Remix)","author":"LilaVert I-I","date":"17\/08\/2013","format":"link","excerpt":"Sebastien Schuller \/\/ Nightlife (Walter Sobcek Remix) Ces instants. Ces derniers instants qui n'ont pas de mot. (when I was.)","rel":"","context":"Dans &quot;Artiste&quot;","block_context":{"text":"Artiste","link":"https:\/\/www.lilavert.com\/blog_lilavert\/category\/artiste-2\/"},"img":{"alt_text":"","src":"","width":0,"height":0},"classes":[]},{"id":4081,"url":"https:\/\/www.lilavert.com\/blog_lilavert\/chrome-sparks-marijuana\/","url_meta":{"origin":6985,"position":1},"title":"Chrome Sparks &#8211; Marijuana","author":"LilaVert I-I","date":"03\/11\/2013","format":"audio","excerpt":"","rel":"","context":"Dans &quot;Musique&quot;","block_context":{"text":"Musique","link":"https:\/\/www.lilavert.com\/blog_lilavert\/category\/musique-2\/"},"img":{"alt_text":"","src":"","width":0,"height":0},"classes":[]},{"id":2310,"url":"https:\/\/www.lilavert.com\/blog_lilavert\/en-boucle-beirut-nantes\/","url_meta":{"origin":6985,"position":2},"title":"En boucle &#8211; Beirut \u00ab\u00a0Nantes\u00a0\u00bb","author":"LilaVert I-I","date":"13\/06\/2013","format":"video","excerpt":"En boucle - Beirut \"Nantes\"","rel":"","context":"Dans &quot;Artiste&quot;","block_context":{"text":"Artiste","link":"https:\/\/www.lilavert.com\/blog_lilavert\/category\/artiste-2\/"},"img":{"alt_text":"","src":"","width":0,"height":0},"classes":[]},{"id":3007,"url":"https:\/\/www.lilavert.com\/blog_lilavert\/regina-spektor-jadorrrr\/","url_meta":{"origin":6985,"position":3},"title":"ReGina SpeKtor, jadorrrr","author":"LilaVert I-I","date":"04\/09\/2013","format":"video","excerpt":"ReGina SpeKtor, jadorrrr, surtout\u00a0Laughing With, et aussi Eet, et aussi et aussi... ... et aussi The flowers... BIO Regina Spektor,\u00a0de son nom entier\u00a0Regina Ilyinichna Spektor, est une artiste am\u00e9ricano-russe qui a vu le jour le 18\/02\/1980 \u00e0 Moscou. Ayant toujours baign\u00e9e dans le monde de la musique, elle poss\u00e8de de\u2026","rel":"","context":"Dans &quot;Artiste&quot;","block_context":{"text":"Artiste","link":"https:\/\/www.lilavert.com\/blog_lilavert\/category\/artiste-2\/"},"img":{"alt_text":"","src":"https:\/\/i0.wp.com\/www.lilavert.com\/blog_lilavert\/wp-content\/uploads\/2013\/09\/reginaspektor.jpg?resize=350%2C200&ssl=1","width":350,"height":200,"srcset":"https:\/\/i0.wp.com\/www.lilavert.com\/blog_lilavert\/wp-content\/uploads\/2013\/09\/reginaspektor.jpg?resize=350%2C200&ssl=1 1x, https:\/\/i0.wp.com\/www.lilavert.com\/blog_lilavert\/wp-content\/uploads\/2013\/09\/reginaspektor.jpg?resize=525%2C300&ssl=1 1.5x, https:\/\/i0.wp.com\/www.lilavert.com\/blog_lilavert\/wp-content\/uploads\/2013\/09\/reginaspektor.jpg?resize=700%2C400&ssl=1 2x, https:\/\/i0.wp.com\/www.lilavert.com\/blog_lilavert\/wp-content\/uploads\/2013\/09\/reginaspektor.jpg?resize=1050%2C600&ssl=1 3x, https:\/\/i0.wp.com\/www.lilavert.com\/blog_lilavert\/wp-content\/uploads\/2013\/09\/reginaspektor.jpg?resize=1400%2C800&ssl=1 4x"},"classes":[]},{"id":9572,"url":"https:\/\/www.lilavert.com\/blog_lilavert\/resonant-chamber\/","url_meta":{"origin":6985,"position":4},"title":"Resonant Chamber","author":"LilaVert I-I","date":"29\/06\/2015","format":"video","excerpt":"Resonant Chamber - un petit bijou...","rel":"","context":"Dans &quot;art&quot;","block_context":{"text":"art","link":"https:\/\/www.lilavert.com\/blog_lilavert\/category\/art\/"},"img":{"alt_text":"","src":"https:\/\/i0.wp.com\/www.lilavert.com\/blog_lilavert\/wp-content\/uploads\/2015\/06\/Resonant-Chamber.png?resize=350%2C200&ssl=1","width":350,"height":200,"srcset":"https:\/\/i0.wp.com\/www.lilavert.com\/blog_lilavert\/wp-content\/uploads\/2015\/06\/Resonant-Chamber.png?resize=350%2C200&ssl=1 1x, https:\/\/i0.wp.com\/www.lilavert.com\/blog_lilavert\/wp-content\/uploads\/2015\/06\/Resonant-Chamber.png?resize=525%2C300&ssl=1 1.5x, https:\/\/i0.wp.com\/www.lilavert.com\/blog_lilavert\/wp-content\/uploads\/2015\/06\/Resonant-Chamber.png?resize=700%2C400&ssl=1 2x"},"classes":[]},{"id":675,"url":"https:\/\/www.lilavert.com\/blog_lilavert\/regina-spektor\/","url_meta":{"origin":6985,"position":5},"title":"Regina Spektor","author":"LilaVert I-I","date":"01\/09\/2012","format":"video","excerpt":"Super d\u00e9couverte du jour... (Weeds - Saison 8 - Episode 8)","rel":"","context":"Dans &quot;Musique&quot;","block_context":{"text":"Musique","link":"https:\/\/www.lilavert.com\/blog_lilavert\/category\/musique-2\/"},"img":{"alt_text":"","src":"","width":0,"height":0},"classes":[]}],"_links":{"self":[{"href":"https:\/\/www.lilavert.com\/blog_lilavert\/wp-json\/wp\/v2\/posts\/6985"}],"collection":[{"href":"https:\/\/www.lilavert.com\/blog_lilavert\/wp-json\/wp\/v2\/posts"}],"about":[{"href":"https:\/\/www.lilavert.com\/blog_lilavert\/wp-json\/wp\/v2\/types\/post"}],"author":[{"embeddable":true,"href":"https:\/\/www.lilavert.com\/blog_lilavert\/wp-json\/wp\/v2\/users\/1"}],"replies":[{"embeddable":true,"href":"https:\/\/www.lilavert.com\/blog_lilavert\/wp-json\/wp\/v2\/comments?post=6985"}],"version-history":[{"count":0,"href":"https:\/\/www.lilavert.com\/blog_lilavert\/wp-json\/wp\/v2\/posts\/6985\/revisions"}],"wp:attachment":[{"href":"https:\/\/www.lilavert.com\/blog_lilavert\/wp-json\/wp\/v2\/media?parent=6985"}],"wp:term":[{"taxonomy":"category","embeddable":true,"href":"https:\/\/www.lilavert.com\/blog_lilavert\/wp-json\/wp\/v2\/categories?post=6985"},{"taxonomy":"post_tag","embeddable":true,"href":"https:\/\/www.lilavert.com\/blog_lilavert\/wp-json\/wp\/v2\/tags?post=6985"}],"curies":[{"name":"wp","href":"https:\/\/api.w.org\/{rel}","templated":true}]}}