{"id":6260,"date":"2014-03-01T13:15:11","date_gmt":"2014-03-01T13:15:11","guid":{"rendered":"https:\/\/www.lilavert.com\/blog_lilavert\/?p=6260"},"modified":"2014-03-01T13:18:39","modified_gmt":"2014-03-01T13:18:39","slug":"berlinde-de-bruyckere-philippe-vandenberg-il-faut-tout-oublier","status":"publish","type":"post","link":"https:\/\/www.lilavert.com\/blog_lilavert\/berlinde-de-bruyckere-philippe-vandenberg-il-faut-tout-oublier\/","title":{"rendered":"Berlinde de Bruyckere &#038; Philippe Vandenberg \u2013 Il me faut tout oublier"},"content":{"rendered":"<p><strong>Berlinde de Bruyckere &amp; Philippe Vandenberg<\/strong> \u2013 Il me faut tout oublier<\/p>\n<p><em>Berlinde de Bruyckere, quant \u00e0 elle, r\u00e9actualise ici un th\u00e8me fr\u00e9quent de la mythologie : celui de la m\u00e9tamorphose de l\u2019humain en v\u00e9g\u00e9tal. Mais c\u2019est un processus inverse qui s\u2019op\u00e8re : l\u2019arbre se m\u00e9tamorphose, par le travail de sculpture, en un corps vivant et souffrant. Le proc\u00e9d\u00e9 du moulage \u00e0 la cire, caract\u00e9ristique de la pratique de l\u2019artiste, r\u00e9v\u00e8le l\u2019\u00e9corce dans ses moindres d\u00e9tails. Mais la palette de tons rose et chair, les membres noueux renvoient \u00e9tonnamment \u00e0 une morphologie humaine; les branchages s\u2019apparentent \u00e0 des os, des muscles, des tendons, des veines, de la chair, de la peau. La fragilit\u00e9 des \u00eatres, de m\u00eame que les th\u00e9matiques du grand amour, de sa qu\u00eate et de sa perte, affleure et \u00e9meut.<\/em><\/p>\n<p>du 13 f\u00e9vrier au 11 mai 2014<\/p>\n<p>\u00e0 la <strong>Maison Rouge \/ Fondation Antoine de Galbert<\/strong><br \/>\n10 Boulevard de la Bastille<br \/>\n75012 Paris<\/p>\n<ul>\n<li><a href=\"http:\/\/roughdreams.fr\/2014\/02\/berlinde-de-bruyckere-philippe-vandenberg-il-me-faut-tout-oublier\/\" target=\"_blank\">En savoir +<\/a>\u00a0sur\u00a0roughdreams.fr<\/li>\n<\/ul>\n<p><iframe loading=\"lazy\" src=\"http:\/\/www.dailymotion.com\/embed\/video\/x1bt59a\" frameborder=\"0\" width=\"480\" height=\"270\"><\/iframe><br \/>\n<a href=\"http:\/\/www.dailymotion.com\/video\/x1bt59a_berlinde-de-bruyckere-et-philippe-vandenberg-il-me-faut-tout-oublier-teaser_creation\" target=\"_blank\">Berlinde De Bruyckere et Philippe Vandenberg&#8230;<\/a> <em>par <a href=\"http:\/\/www.dailymotion.com\/lamaisonrouge\" target=\"_blank\">lamaisonrouge<\/a><\/em><\/p>\n<div id=\"attachment_6263\" style=\"width: 610px\" class=\"wp-caption alignnone\"><a title=\"Berlinde de Bruyckere &amp; Philippe Vandenberg \u2013 Il me faut tout oublier\" href=\"https:\/\/www.lilavert.com\/blog_lilavert\/berlinde-de-bruyckere-philippe-vandenberg-il-faut-tout-oublier\/\" rel=\"attachment wp-att-6263\"><img loading=\"lazy\" decoding=\"async\" aria-describedby=\"caption-attachment-6263\" class=\"size-full wp-image-6263\" title=\"Berlinde de Bruyckere, \u00e0 La maison rouge fondation Antoine de Galbert.\" src=\"https:\/\/www.lilavert.com\/blog_lilavert\/wp-content\/uploads\/2014\/03\/Berlinde-de-Bruyckere-\u00e0-La-maison-rouge-fondation-Antoine-de-Galbert..jpg\" alt=\"Berlinde de Bruyckere, \u00e0 La maison rouge fondation Antoine de Galbert.\" width=\"600\" height=\"900\" srcset=\"https:\/\/www.lilavert.com\/blog_lilavert\/wp-content\/uploads\/2014\/03\/Berlinde-de-Bruyckere-\u00e0-La-maison-rouge-fondation-Antoine-de-Galbert..jpg 600w, https:\/\/www.lilavert.com\/blog_lilavert\/wp-content\/uploads\/2014\/03\/Berlinde-de-Bruyckere-\u00e0-La-maison-rouge-fondation-Antoine-de-Galbert.-100x150.jpg 100w, https:\/\/www.lilavert.com\/blog_lilavert\/wp-content\/uploads\/2014\/03\/Berlinde-de-Bruyckere-\u00e0-La-maison-rouge-fondation-Antoine-de-Galbert.-200x300.jpg 200w, https:\/\/www.lilavert.com\/blog_lilavert\/wp-content\/uploads\/2014\/03\/Berlinde-de-Bruyckere-\u00e0-La-maison-rouge-fondation-Antoine-de-Galbert.-400x600.jpg 400w\" sizes=\"(max-width: 600px) 100vw, 600px\" \/><\/a><\/p>\n<p id=\"caption-attachment-6263\" class=\"wp-caption-text\">Berlinde de Bruyckere, \u00e0 La maison rouge fondation Antoine de Galbert.<\/p>\n<\/div>\n","protected":false},"excerpt":{"rendered":"<p>Berlinde de Bruyckere &amp; Philippe Vandenberg \u2013 Il me faut tout oublier Berlinde de Bruyckere, quant \u00e0 elle, r\u00e9actualise ici<\/p>\n","protected":false},"author":1,"featured_media":6261,"comment_status":"open","ping_status":"open","sticky":false,"template":"","format":"image","meta":{"_monsterinsights_skip_tracking":false,"_monsterinsights_sitenote_active":false,"_monsterinsights_sitenote_note":"","_monsterinsights_sitenote_category":0,"jetpack_post_was_ever_published":false,"_jetpack_newsletter_access":"","_jetpack_newsletter_tier_id":0,"footnotes":""},"categories":[39,220,1332,16,179,47],"tags":[4003,82,40,445,324,481,2806,320,100,134,480,2803,2805,2804,728,2802,25,305,20,627],"jetpack_sharing_enabled":true,"jetpack_featured_media_url":"https:\/\/www.lilavert.com\/blog_lilavert\/wp-content\/uploads\/2014\/03\/Berlinde-de-Bruyckere-expo-2014.jpg","jetpack_shortlink":"https:\/\/wp.me\/p6hYQX-1CY","jetpack-related-posts":[{"id":6686,"url":"https:\/\/www.lilavert.com\/blog_lilavert\/metamorphoses-and-combinations-sculptures-by-leah-brown\/","url_meta":{"origin":6260,"position":0},"title":"Metamorphoses and combinations sculptures by Leah Brown","author":"LilaVert I-I","date":"01\/04\/2014","format":"gallery","excerpt":"Metamorphoses and combinations sculptures by Leah Brown, proche de l'univers de Patricia Piccinini - Sculptures hyper-realistes ou s'en rapprochant.. \"La \"mentalit\u00e9 archa\u00efque\" est caract\u00e9ris\u00e9e par la croyance que les humains peuvent avoir une claire conscience d'eux-m\u00eames en confrontant \u00e0 ce qu'est une personne et en m\u00eame temps \u00e0 ce qu'elle\u2026","rel":"","context":"Dans &quot;Animaux&quot;","block_context":{"text":"Animaux","link":"https:\/\/www.lilavert.com\/blog_lilavert\/category\/animaux-2\/"},"img":{"alt_text":"Leah Brown sculptures - Borderland","src":"https:\/\/i0.wp.com\/www.lilavert.com\/blog_lilavert\/wp-content\/uploads\/2014\/04\/Leah-Brown-sculptures-Borderland-682x1024.jpg?resize=350%2C200&ssl=1","width":350,"height":200,"srcset":"https:\/\/i0.wp.com\/www.lilavert.com\/blog_lilavert\/wp-content\/uploads\/2014\/04\/Leah-Brown-sculptures-Borderland-682x1024.jpg?resize=350%2C200&ssl=1 1x, https:\/\/i0.wp.com\/www.lilavert.com\/blog_lilavert\/wp-content\/uploads\/2014\/04\/Leah-Brown-sculptures-Borderland-682x1024.jpg?resize=525%2C300&ssl=1 1.5x"},"classes":[]},{"id":2051,"url":"https:\/\/www.lilavert.com\/blog_lilavert\/artistes-sculpteurs-hyperrealistes-contemporains\/","url_meta":{"origin":6260,"position":1},"title":"Artistes sculpteurs hyperrealistes contemporains","author":"LilaVert I-I","date":"30\/04\/2013","format":false,"excerpt":"SCULPTURES ADDICT. MOUVANCE HYPER-R\u00c9ALISTE CONTEMPORAINE. A l'occasion de l'exposition Ron MUECK \u00e0 la Fondation Cartier, 2013, retrouvez tous les sculpteurs\u00a0hyperRealistes contemporains sur ma page \"SCULPTURES ADDICT\" >> Xooang Choi,\u00a0Patricia Piccini, Ron Mueck,\u00a0Tip Toland,\u00a0et aussi Sam Jinks, Evan Penny, Jamie Salmon, Mu Boyan,\u00a0Liu Xue\u2026","rel":"","context":"Dans &quot;Artiste&quot;","block_context":{"text":"Artiste","link":"https:\/\/www.lilavert.com\/blog_lilavert\/category\/artiste-2\/"},"img":{"alt_text":"","src":"https:\/\/i0.wp.com\/www.lilavert.com\/blog_lilavert\/wp-content\/uploads\/2013\/04\/Capture-d\u00e2\u0080\u0099\u00c3\u00a9cran-2013-04-30-\u00c3\u00a0-17.27.05.png?resize=350%2C200&ssl=1","width":350,"height":200,"srcset":"https:\/\/i0.wp.com\/www.lilavert.com\/blog_lilavert\/wp-content\/uploads\/2013\/04\/Capture-d\u00e2\u0080\u0099\u00c3\u00a9cran-2013-04-30-\u00c3\u00a0-17.27.05.png?resize=350%2C200&ssl=1 1x, https:\/\/i0.wp.com\/www.lilavert.com\/blog_lilavert\/wp-content\/uploads\/2013\/04\/Capture-d\u00e2\u0080\u0099\u00c3\u00a9cran-2013-04-30-\u00c3\u00a0-17.27.05.png?resize=525%2C300&ssl=1 1.5x, https:\/\/i0.wp.com\/www.lilavert.com\/blog_lilavert\/wp-content\/uploads\/2013\/04\/Capture-d\u00e2\u0080\u0099\u00c3\u00a9cran-2013-04-30-\u00c3\u00a0-17.27.05.png?resize=700%2C400&ssl=1 2x, https:\/\/i0.wp.com\/www.lilavert.com\/blog_lilavert\/wp-content\/uploads\/2013\/04\/Capture-d\u00e2\u0080\u0099\u00c3\u00a9cran-2013-04-30-\u00c3\u00a0-17.27.05.png?resize=1050%2C600&ssl=1 3x, https:\/\/i0.wp.com\/www.lilavert.com\/blog_lilavert\/wp-content\/uploads\/2013\/04\/Capture-d\u00e2\u0080\u0099\u00c3\u00a9cran-2013-04-30-\u00c3\u00a0-17.27.05.png?resize=1400%2C800&ssl=1 4x"},"classes":[]},{"id":869,"url":"https:\/\/www.lilavert.com\/blog_lilavert\/entre-ron-mueck-et-patricia-piccinini-mon-coeur-balance\/","url_meta":{"origin":6260,"position":2},"title":"Entre Ron Mueck et Patricia Piccinini, mon coeur balance&#8230;","author":"LilaVert I-I","date":"15\/04\/2013","format":"gallery","excerpt":"Entre Ron Mueck et Patricia Piccinini, mon coeur balance... \u00a0 \/\/\/ Exposition RON MUECK Du 16 avril au 29 septembre 2013, la Fondation Cartier pour l\u2019art contemporain invite le sculpteur australien Ron Mueck \u00e0 pr\u00e9senter ses \u0153uvres \u00e9mouvantes et troublantes, marquant son grand retour institutionnel en Europe. Apr\u00e8s le succ\u00e8s\u2026","rel":"","context":"Dans &quot;art&quot;","block_context":{"text":"art","link":"https:\/\/www.lilavert.com\/blog_lilavert\/category\/art\/"},"img":{"alt_text":"Ron Mueck - Expo Paris 2013 - Fondation Cartier","src":"https:\/\/i0.wp.com\/www.lilavert.com\/blog_lilavert\/wp-content\/uploads\/2012\/11\/ron-mueck2.jpg?resize=350%2C200&ssl=1","width":350,"height":200,"srcset":"https:\/\/i0.wp.com\/www.lilavert.com\/blog_lilavert\/wp-content\/uploads\/2012\/11\/ron-mueck2.jpg?resize=350%2C200&ssl=1 1x, https:\/\/i0.wp.com\/www.lilavert.com\/blog_lilavert\/wp-content\/uploads\/2012\/11\/ron-mueck2.jpg?resize=525%2C300&ssl=1 1.5x"},"classes":[]},{"id":3057,"url":"https:\/\/www.lilavert.com\/blog_lilavert\/sculptures-de-christophe-charbonnel\/","url_meta":{"origin":6260,"position":3},"title":"Sculptures de Christophe Charbonnel","author":"LilaVert I-I","date":"08\/09\/2013","format":"gallery","excerpt":"Sculptures de Christophe Charbonnel. Terre cuite , sculpture monumentale. N\u00e9 en 1967, Christophe Charbonnel d\u00e9marre sa carri\u00e8re comme dessinateur puis modeleur dans les studios Walt Disney \u00e0 Montreuil. Initi\u00e9 par le sculpteur Philippe Seen\u00e9 \u00e0 l\u2019\u00e9cole Duperr\u00e9 dans les ann\u00e9es 1990, Christophe Charbonnel r\u00e9alise son premier bronze en 1992, expose\u2026","rel":"","context":"Dans &quot;art&quot;","block_context":{"text":"art","link":"https:\/\/www.lilavert.com\/blog_lilavert\/category\/art\/"},"img":{"alt_text":"Christophe Charbonnel - sculptures","src":"https:\/\/i0.wp.com\/www.lilavert.com\/blog_lilavert\/wp-content\/uploads\/2013\/09\/Christophe-Charbonnel-sculptures.jpg?resize=350%2C200&ssl=1","width":350,"height":200,"srcset":"https:\/\/i0.wp.com\/www.lilavert.com\/blog_lilavert\/wp-content\/uploads\/2013\/09\/Christophe-Charbonnel-sculptures.jpg?resize=350%2C200&ssl=1 1x, https:\/\/i0.wp.com\/www.lilavert.com\/blog_lilavert\/wp-content\/uploads\/2013\/09\/Christophe-Charbonnel-sculptures.jpg?resize=525%2C300&ssl=1 1.5x"},"classes":[]},{"id":6398,"url":"https:\/\/www.lilavert.com\/blog_lilavert\/expo-choi-xooang-blind-blind-paris\/","url_meta":{"origin":6260,"position":4},"title":"EXPO CHOI XOOANG \u00ab The Blind for the Blind \u00bb &#8211; Paris","author":"LilaVert I-I","date":"14\/03\/2014","format":"gallery","excerpt":"L'un des plus grand sculpteur hyper-realistes expose \u00e0 Paris CHOI XOOANG (Cor\u00e9e du sud) \u00ab The Blind for the Blind \u00bb Galerie Albert Benamou 6 March to 17 April 2014 Galerie Albert Benamou - V\u00e9ronique Max\u00e9 24 rue de Penthi\u00e8vre 75008 Paris","rel":"","context":"Dans &quot;art&quot;","block_context":{"text":"art","link":"https:\/\/www.lilavert.com\/blog_lilavert\/category\/art\/"},"img":{"alt_text":"","src":"","width":0,"height":0},"classes":[]},{"id":4011,"url":"https:\/\/www.lilavert.com\/blog_lilavert\/sculptures-hyper-realiste-macabre\/","url_meta":{"origin":6260,"position":5},"title":"Sculptures hyper-realiste macabre","author":"LilaVert I-I","date":"02\/11\/2013","format":"gallery","excerpt":"Sculptures hyper-realiste macabre de Berlinde De Bruyckere \u00a0-\u00a0\u00a0tr\u00e8s \u00e9prouvantes.. (n\u00e9e en 1964) La sculptrice flamande cr\u00e9e des sculptures et des dessins de corps humains souffrants qui ressemblent \u00e0 s\u2019y m\u00e9prendre \u00e0 la r\u00e9alit\u00e9. Elle\u00a0m\u00eale dans ses sculptures des motifs religieux, des images m\u00e9diatiques et inscrit le motif chr\u00e9tien de l\u2019\u00eatre\u2026","rel":"","context":"Dans &quot;art&quot;","block_context":{"text":"art","link":"https:\/\/www.lilavert.com\/blog_lilavert\/category\/art\/"},"img":{"alt_text":"BERLINDE DE BRUYCKERE - Horse sculpture","src":"https:\/\/i0.wp.com\/www.lilavert.com\/blog_lilavert\/wp-content\/uploads\/2013\/11\/BERLINDE-DE-BRUYCKERE-Horse-sculpture.jpg?resize=350%2C200&ssl=1","width":350,"height":200,"srcset":"https:\/\/i0.wp.com\/www.lilavert.com\/blog_lilavert\/wp-content\/uploads\/2013\/11\/BERLINDE-DE-BRUYCKERE-Horse-sculpture.jpg?resize=350%2C200&ssl=1 1x, https:\/\/i0.wp.com\/www.lilavert.com\/blog_lilavert\/wp-content\/uploads\/2013\/11\/BERLINDE-DE-BRUYCKERE-Horse-sculpture.jpg?resize=525%2C300&ssl=1 1.5x, https:\/\/i0.wp.com\/www.lilavert.com\/blog_lilavert\/wp-content\/uploads\/2013\/11\/BERLINDE-DE-BRUYCKERE-Horse-sculpture.jpg?resize=700%2C400&ssl=1 2x"},"classes":[]}],"_links":{"self":[{"href":"https:\/\/www.lilavert.com\/blog_lilavert\/wp-json\/wp\/v2\/posts\/6260"}],"collection":[{"href":"https:\/\/www.lilavert.com\/blog_lilavert\/wp-json\/wp\/v2\/posts"}],"about":[{"href":"https:\/\/www.lilavert.com\/blog_lilavert\/wp-json\/wp\/v2\/types\/post"}],"author":[{"embeddable":true,"href":"https:\/\/www.lilavert.com\/blog_lilavert\/wp-json\/wp\/v2\/users\/1"}],"replies":[{"embeddable":true,"href":"https:\/\/www.lilavert.com\/blog_lilavert\/wp-json\/wp\/v2\/comments?post=6260"}],"version-history":[{"count":0,"href":"https:\/\/www.lilavert.com\/blog_lilavert\/wp-json\/wp\/v2\/posts\/6260\/revisions"}],"wp:featuredmedia":[{"embeddable":true,"href":"https:\/\/www.lilavert.com\/blog_lilavert\/wp-json\/wp\/v2\/media\/6261"}],"wp:attachment":[{"href":"https:\/\/www.lilavert.com\/blog_lilavert\/wp-json\/wp\/v2\/media?parent=6260"}],"wp:term":[{"taxonomy":"category","embeddable":true,"href":"https:\/\/www.lilavert.com\/blog_lilavert\/wp-json\/wp\/v2\/categories?post=6260"},{"taxonomy":"post_tag","embeddable":true,"href":"https:\/\/www.lilavert.com\/blog_lilavert\/wp-json\/wp\/v2\/tags?post=6260"}],"curies":[{"name":"wp","href":"https:\/\/api.w.org\/{rel}","templated":true}]}}