{"id":6191,"date":"2014-02-21T21:15:55","date_gmt":"2014-02-21T21:15:55","guid":{"rendered":"https:\/\/www.lilavert.com\/blog_lilavert\/?p=6191"},"modified":"2014-02-21T21:16:43","modified_gmt":"2014-02-21T21:16:43","slug":"contre-lepandage-de-pesticides-et-soutien-a-emmanuel-giboulot","status":"publish","type":"post","link":"https:\/\/www.lilavert.com\/blog_lilavert\/contre-lepandage-de-pesticides-et-soutien-a-emmanuel-giboulot\/","title":{"rendered":"Contre l&rsquo;\u00e9pandage de pesticides et soutien \u00e0 Emmanuel Giboulot"},"content":{"rendered":"<p><strong>Contre l&rsquo;\u00e9pandage de pesticides et soutien \u00e0 Emmanuel Giboulot;<\/strong><\/p>\n<p>Emmanuel Giboulot, viticulteur dans le d\u00e9partement de C\u00f4te-d&rsquo;Or, exploite depuis les ann\u00e9es 1970 dix hectares de vignes en agriculture biologique sur la C\u00f4te-de-Beaune et la Haute-C\u00f4te-de-Nuits.<br \/>\nAujourd&rsquo;hui, il encourt jusqu&rsquo;\u00e0 six mois d&#8217;emprisonnement et 30 000 euros d&rsquo;amende pour avoir refus\u00e9 de mettre un dangereux insecticide sur sa vigne.<br \/>\nLa Pr\u00e9fecture a voulu imposer cette ann\u00e9e un traitement syst\u00e9matique \u00e0 l&rsquo;ensemble des vignobles de la C\u00f4te-d&rsquo;Or, avec un insecticide qui d\u00e9truirait toute la faune auxiliaire. Or, Emmanuel Giboulot travaille justement depuis plus de 40 ans \u00e0 pr\u00e9server les \u00e9quilibres biologiques de sa vigne.<br \/>\nIl a donc subi une inspection de la direction r\u00e9gionale de l&rsquo;Agriculture, et fait l&rsquo;objet d&rsquo;une convocation devant le d\u00e9l\u00e9gu\u00e9 du procureur de la R\u00e9publique du tribunal d&rsquo;instance de Beaune.<br \/>\nSoutenons cet homme qui cherche simplement \u00e0 prot\u00e9ger l&rsquo;environnement.<br \/>\n(Vous pouvez lire l&rsquo;information sur le site du magazine Le Point :<a href=\"http:\/\/www.lepoint.fr\/societe\/un-viticulteur-bio-poursuivi-pour-avoir-refuse-l-usage-d-un-insecticide-27-11-2013-1762462_23.php\" rel=\"nofollow nofollow\" target=\"_blank\">http:\/\/www.lepoint.fr\/societe\/un-viticulteur-bio-poursuivi-pour-avoir-refuse-l-usage-d-un-insecticide-27-11-2013-1762462_23.php<\/a>)<\/p>\n<ul>\n<li>Sur <strong><a href=\"https:\/\/www.facebook.com\/emmanuelviticulteurbioprison\" target=\"_blank\">FB<\/a><\/strong><\/li>\n<li><a title=\"Contre l'\u00e9pandage de pesticides et soutien \u00e0 Emmanuel Giboulot\" href=\"http:\/\/ipsn.eu\/petition\/viticulteur.php\" target=\"_blank\"><strong>P\u00e9tition<\/strong><\/a><\/li>\n<\/ul>\n","protected":false},"excerpt":{"rendered":"<p>Contre l&rsquo;\u00e9pandage de pesticides et soutien \u00e0 Emmanuel Giboulot; Emmanuel Giboulot, viticulteur dans le d\u00e9partement de C\u00f4te-d&rsquo;Or, exploite depuis les<\/p>\n","protected":false},"author":1,"featured_media":0,"comment_status":"open","ping_status":"open","sticky":false,"template":"","format":"video","meta":{"_monsterinsights_skip_tracking":false,"_monsterinsights_sitenote_active":false,"_monsterinsights_sitenote_note":"","_monsterinsights_sitenote_category":0,"jetpack_post_was_ever_published":false,"_jetpack_newsletter_access":"","_jetpack_newsletter_tier_id":0,"footnotes":""},"categories":[670,700,699,16,514,907],"tags":[2767,2771,159,2089,2770,2774,307,2773,2772,194,2768,101,2769,2775],"jetpack_sharing_enabled":true,"jetpack_featured_media_url":"","jetpack_shortlink":"https:\/\/wp.me\/p6hYQX-1BR","jetpack-related-posts":[{"id":3504,"url":"https:\/\/www.lilavert.com\/blog_lilavert\/epandages-aeriens-de-produits-chimiques-dans-latmosphere-chemtrails\/","url_meta":{"origin":6191,"position":0},"title":"Epandages a\u00e9riens de produits chimiques dans l&rsquo;atmosph\u00e8re (chemtrails)","author":"LilaVert I-I","date":"11\/10\/2013","format":"video","excerpt":"\u00a0 En 2002, un rapport gouvernemental apporte la preuve que l\u2019arm\u00e9e britannique a men\u00e9 des op\u00e9rations d\u2019\u00e9pandage de substances toxiques \u00e0 grande \u00e9chelle sur sa propre population entre 1940 et 1979. [9] De 1955 \u00e0 1963, notamment, de tr\u00e8s importantes quantit\u00e9s de sulfide de cadmium zinc sont d\u00e9vers\u00e9es le long\u2026","rel":"","context":"Dans &quot;Environnement&quot;","block_context":{"text":"Environnement","link":"https:\/\/www.lilavert.com\/blog_lilavert\/category\/environnement-2\/"},"img":{"alt_text":"","src":"https:\/\/i0.wp.com\/www.lilavert.com\/blog_lilavert\/wp-content\/uploads\/2013\/10\/Chemtrails.jpg?resize=350%2C200&ssl=1","width":350,"height":200,"srcset":"https:\/\/i0.wp.com\/www.lilavert.com\/blog_lilavert\/wp-content\/uploads\/2013\/10\/Chemtrails.jpg?resize=350%2C200&ssl=1 1x, https:\/\/i0.wp.com\/www.lilavert.com\/blog_lilavert\/wp-content\/uploads\/2013\/10\/Chemtrails.jpg?resize=525%2C300&ssl=1 1.5x, https:\/\/i0.wp.com\/www.lilavert.com\/blog_lilavert\/wp-content\/uploads\/2013\/10\/Chemtrails.jpg?resize=700%2C400&ssl=1 2x, https:\/\/i0.wp.com\/www.lilavert.com\/blog_lilavert\/wp-content\/uploads\/2013\/10\/Chemtrails.jpg?resize=1050%2C600&ssl=1 3x, https:\/\/i0.wp.com\/www.lilavert.com\/blog_lilavert\/wp-content\/uploads\/2013\/10\/Chemtrails.jpg?resize=1400%2C800&ssl=1 4x"},"classes":[]},{"id":590,"url":"https:\/\/www.lilavert.com\/blog_lilavert\/le-fils-de-lautre\/","url_meta":{"origin":6191,"position":1},"title":"Le fils de l&rsquo;autre","author":"LilaVert I-I","date":"12\/08\/2012","format":false,"excerpt":"Un monde sans fronti\u00e8re est \u00e0 envisager s\u00e9rieusement. Excellent film, excellent acteurs. Ce film nous prouve une fois de plus que l'ignorance est le mal de l'homme...","rel":"","context":"Dans &quot;Film&quot;","block_context":{"text":"Film","link":"https:\/\/www.lilavert.com\/blog_lilavert\/category\/film-2\/"},"img":{"alt_text":"","src":"https:\/\/i0.wp.com\/www.lilavert.com\/blog_lilavert\/wp-content\/uploads\/2012\/08\/le-fils-de-lautre.jpg?resize=350%2C200&ssl=1","width":350,"height":200},"classes":[]},{"id":3709,"url":"https:\/\/www.lilavert.com\/blog_lilavert\/art-vegetal-and-greenbottle\/","url_meta":{"origin":6191,"position":2},"title":"Art v\u00e9g\u00e9tal and Greenbottle","author":"LilaVert I-I","date":"22\/10\/2013","format":false,"excerpt":"Art vegetal Kokedama Choco-darien and Greenbottle - vine plant in a bottle. Art v\u00e9g\u00e9tal and Greenbottle.\u00a0Joli,\u00a0Un cep de vigne abrite sa croissance lov\u00e9 dans une bouteille de vin. Re-plantable hopefully. Le Kokedama quant \u00e0 lui est un art v\u00e9g\u00e9tal n\u00e9 au Japon de la fusion de techniques ancestrales.\u00a0Bas\u00e9es sur une\u2026","rel":"","context":"Dans &quot;art&quot;","block_context":{"text":"art","link":"https:\/\/www.lilavert.com\/blog_lilavert\/category\/art\/"},"img":{"alt_text":"pied-de-vigne-en bouteille","src":"https:\/\/i0.wp.com\/www.lilavert.com\/blog_lilavert\/wp-content\/uploads\/2013\/10\/pied-de-vigne-bouteille.jpg?resize=350%2C200&ssl=1","width":350,"height":200,"srcset":"https:\/\/i0.wp.com\/www.lilavert.com\/blog_lilavert\/wp-content\/uploads\/2013\/10\/pied-de-vigne-bouteille.jpg?resize=350%2C200&ssl=1 1x, https:\/\/i0.wp.com\/www.lilavert.com\/blog_lilavert\/wp-content\/uploads\/2013\/10\/pied-de-vigne-bouteille.jpg?resize=525%2C300&ssl=1 1.5x, https:\/\/i0.wp.com\/www.lilavert.com\/blog_lilavert\/wp-content\/uploads\/2013\/10\/pied-de-vigne-bouteille.jpg?resize=700%2C400&ssl=1 2x"},"classes":[]},{"id":977,"url":"https:\/\/www.lilavert.com\/blog_lilavert\/nos-enfants-nous-accuseront\/","url_meta":{"origin":6191,"position":3},"title":"Nos enfants nous accuseront","author":"LilaVert I-I","date":"22\/12\/2012","format":"video","excerpt":"Datant de 2008, Nos enfants nous accuseront\u00a0de Jean-Paul Jaud \u00e0 partager toujours et encore... La courageuse initiative d\u2019une municipalit\u00e9 du Gard qui d\u00e9cide d\u2019introduire le bio dans la cantine scolaire du village. Le r\u00e9alisateur brosse un portrait sans concession sur la trag\u00e9die environnementale qui guette les jeunes g\u00e9n\u00e9rations : empoisonnement\u2026","rel":"","context":"Dans &quot;News&quot;","block_context":{"text":"News","link":"https:\/\/www.lilavert.com\/blog_lilavert\/category\/news\/"},"img":{"alt_text":"","src":"https:\/\/i0.wp.com\/www.lilavert.com\/blog_lilavert\/wp-content\/uploads\/2012\/12\/nos_enfants_nous_accuseront.jpg?resize=350%2C200&ssl=1","width":350,"height":200,"srcset":"https:\/\/i0.wp.com\/www.lilavert.com\/blog_lilavert\/wp-content\/uploads\/2012\/12\/nos_enfants_nous_accuseront.jpg?resize=350%2C200&ssl=1 1x, https:\/\/i0.wp.com\/www.lilavert.com\/blog_lilavert\/wp-content\/uploads\/2012\/12\/nos_enfants_nous_accuseront.jpg?resize=525%2C300&ssl=1 1.5x, https:\/\/i0.wp.com\/www.lilavert.com\/blog_lilavert\/wp-content\/uploads\/2012\/12\/nos_enfants_nous_accuseront.jpg?resize=700%2C400&ssl=1 2x"},"classes":[]},{"id":5431,"url":"https:\/\/www.lilavert.com\/blog_lilavert\/massacre-de-250-dauphins-dans-une-crique-dans-le-village-de-taiji-au-japon\/","url_meta":{"origin":6191,"position":4},"title":"Massacre de 250 dauphins dans une crique dans le village de Taiji au Japon","author":"LilaVert I-I","date":"19\/01\/2014","format":"video","excerpt":"Massacre de 250 dauphins dans une crique dans le village de Taiji au Japon. 250 dauphins dont 25 iront en MarineLand.\u00a0Parmi ceux-ci un dauphin albinos rare, transf\u00e9r\u00e9 \u00e0 Taiji Whale Museum, sera vendu des millions de $ et finira sa vie en captivit\u00e9 dans un aquarium.. Les autres seront tu\u00e9s\u2026","rel":"","context":"Dans &quot;Animaux&quot;","block_context":{"text":"Animaux","link":"https:\/\/www.lilavert.com\/blog_lilavert\/category\/animaux-2\/"},"img":{"alt_text":"article-massacre dauphin japon - dauphin albinos","src":"https:\/\/i0.wp.com\/www.lilavert.com\/blog_lilavert\/wp-content\/uploads\/2014\/01\/article-massacre-dauphin-japon.jpg?resize=350%2C200&ssl=1","width":350,"height":200,"srcset":"https:\/\/i0.wp.com\/www.lilavert.com\/blog_lilavert\/wp-content\/uploads\/2014\/01\/article-massacre-dauphin-japon.jpg?resize=350%2C200&ssl=1 1x, https:\/\/i0.wp.com\/www.lilavert.com\/blog_lilavert\/wp-content\/uploads\/2014\/01\/article-massacre-dauphin-japon.jpg?resize=525%2C300&ssl=1 1.5x"},"classes":[]},{"id":4580,"url":"https:\/\/www.lilavert.com\/blog_lilavert\/le-fabuleux-vase-de-vix-the-most-attractive-princely-celts-site-vix-tresor\/","url_meta":{"origin":6191,"position":5},"title":"Le fabuleux Vase de Vix &#8211; The most attractive princely Celt\u2019s site, Vix tresor","author":"LilaVert I-I","date":"30\/11\/2013","format":"gallery","excerpt":"Le fabuleux Vase de Vix - The most attractive princely Celt\u2019s site, Vix tresor C'est en Bourgogne au pied du Mont Lassois \u00e0 Vix [C\u00f4te d'Or] qu'en 1953, le plus beau site PRINCIER CELTES au monde est d\u00e9couvert...\u00a0D\u00e9couvrez toute la beaut\u00e9 de cette d\u00e9couverte, la richesse de ces fouilles qui\u2026","rel":"","context":"Dans &quot;News&quot;","block_context":{"text":"News","link":"https:\/\/www.lilavert.com\/blog_lilavert\/category\/news\/"},"img":{"alt_text":"site sur le vase de vix, site princier celtes","src":"https:\/\/i0.wp.com\/www.lilavert.com\/blog_lilavert\/wp-content\/uploads\/2013\/11\/site-sur-le-vase-de-vix-site-princier-celtes.png?resize=350%2C200&ssl=1","width":350,"height":200,"srcset":"https:\/\/i0.wp.com\/www.lilavert.com\/blog_lilavert\/wp-content\/uploads\/2013\/11\/site-sur-le-vase-de-vix-site-princier-celtes.png?resize=350%2C200&ssl=1 1x, https:\/\/i0.wp.com\/www.lilavert.com\/blog_lilavert\/wp-content\/uploads\/2013\/11\/site-sur-le-vase-de-vix-site-princier-celtes.png?resize=525%2C300&ssl=1 1.5x, https:\/\/i0.wp.com\/www.lilavert.com\/blog_lilavert\/wp-content\/uploads\/2013\/11\/site-sur-le-vase-de-vix-site-princier-celtes.png?resize=700%2C400&ssl=1 2x, https:\/\/i0.wp.com\/www.lilavert.com\/blog_lilavert\/wp-content\/uploads\/2013\/11\/site-sur-le-vase-de-vix-site-princier-celtes.png?resize=1050%2C600&ssl=1 3x"},"classes":[]}],"_links":{"self":[{"href":"https:\/\/www.lilavert.com\/blog_lilavert\/wp-json\/wp\/v2\/posts\/6191"}],"collection":[{"href":"https:\/\/www.lilavert.com\/blog_lilavert\/wp-json\/wp\/v2\/posts"}],"about":[{"href":"https:\/\/www.lilavert.com\/blog_lilavert\/wp-json\/wp\/v2\/types\/post"}],"author":[{"embeddable":true,"href":"https:\/\/www.lilavert.com\/blog_lilavert\/wp-json\/wp\/v2\/users\/1"}],"replies":[{"embeddable":true,"href":"https:\/\/www.lilavert.com\/blog_lilavert\/wp-json\/wp\/v2\/comments?post=6191"}],"version-history":[{"count":0,"href":"https:\/\/www.lilavert.com\/blog_lilavert\/wp-json\/wp\/v2\/posts\/6191\/revisions"}],"wp:attachment":[{"href":"https:\/\/www.lilavert.com\/blog_lilavert\/wp-json\/wp\/v2\/media?parent=6191"}],"wp:term":[{"taxonomy":"category","embeddable":true,"href":"https:\/\/www.lilavert.com\/blog_lilavert\/wp-json\/wp\/v2\/categories?post=6191"},{"taxonomy":"post_tag","embeddable":true,"href":"https:\/\/www.lilavert.com\/blog_lilavert\/wp-json\/wp\/v2\/tags?post=6191"}],"curies":[{"name":"wp","href":"https:\/\/api.w.org\/{rel}","templated":true}]}}