{"id":5385,"date":"2014-01-17T13:20:47","date_gmt":"2014-01-17T13:20:47","guid":{"rendered":"https:\/\/www.lilavert.com\/blog_lilavert\/?p=5385"},"modified":"2014-01-17T13:34:47","modified_gmt":"2014-01-17T13:34:47","slug":"et-toi-cest-quoi-ta-meilleure-palette-de-couleurs","status":"publish","type":"post","link":"https:\/\/www.lilavert.com\/blog_lilavert\/et-toi-cest-quoi-ta-meilleure-palette-de-couleurs\/","title":{"rendered":"et toi, c&rsquo;est quoi ta meilleure palette de couleurs ?"},"content":{"rendered":"<p><strong>et toi, c&rsquo;est quoi ta meilleure palette de couleurs ?<\/strong><\/p>\n<p>Si vous avez des soucis pour s\u00e9lectionner des teintes, improviser des correspondances de teintes, trouver des teintes compl\u00e9mentaires ? ce site va vous y aider.<br \/>\n<strong><a title=\"et toi, c'est quoi ta meilleure palette de couleurs ?\" href=\"http:\/\/design-seeds.com\" target=\"_blank\">design-seeds.com\u00a0<\/a>\u00a0<\/strong>vous propose de jolies palettes de teintes \u00e0 partir d&rsquo;une base de tres beaux visuels en g\u00e9n\u00e9ral.<\/p>\n<p>Le hic ensuite, c&rsquo;est de faire son choix.<\/p>\n<ul>\n<li><strong><a title=\"et toi, c'est quoi ta meilleure palette de couleurs ?\" href=\"http:\/\/design-seeds.com\" target=\"_blank\">design-seeds.com<\/a><\/strong><\/li>\n<li>Follow <a title=\"couleurs compl\u00e9mentaires, palettes de couleurs\" href=\"https:\/\/www.facebook.com\/designseeds\" target=\"_blank\"><strong>on FB<\/strong><\/a><\/li>\n<\/ul>\n<p>&nbsp;<\/p>\n<div id=\"attachment_5393\" style=\"width: 408px\" class=\"wp-caption alignnone\"><a title=\"et toi, c\u2019est quoi ta meilleure palette de couleurs ?\" href=\"https:\/\/www.lilavert.com\/blog_lilavert\/et-toi-cest-quoi-ta-meilleure-palette-de-couleurs\/\" rel=\"attachment wp-att-5393\"><img loading=\"lazy\" decoding=\"async\" aria-describedby=\"caption-attachment-5393\" class=\"size-full wp-image-5393\" title=\"SpringFlora_2 - design-seeds - choix teintes, tons, couleurs\" src=\"https:\/\/www.lilavert.com\/blog_lilavert\/wp-content\/uploads\/2014\/01\/SpringFlora_2.png\" alt=\"SpringFlora_2 - design-seeds - choix teintes, tons, couleurs\" width=\"398\" height=\"437\" srcset=\"https:\/\/www.lilavert.com\/blog_lilavert\/wp-content\/uploads\/2014\/01\/SpringFlora_2.png 398w, https:\/\/www.lilavert.com\/blog_lilavert\/wp-content\/uploads\/2014\/01\/SpringFlora_2-136x150.png 136w, https:\/\/www.lilavert.com\/blog_lilavert\/wp-content\/uploads\/2014\/01\/SpringFlora_2-273x300.png 273w\" sizes=\"(max-width: 398px) 100vw, 398px\" \/><\/a><\/p>\n<p id=\"caption-attachment-5393\" class=\"wp-caption-text\">SpringFlora_2 &#8211; design-seeds &#8211; choix teintes, tons, couleurs<\/p>\n<\/div>\n","protected":false},"excerpt":{"rendered":"<p>et toi, c&rsquo;est quoi ta meilleure palette de couleurs ? Si vous avez des soucis pour s\u00e9lectionner des teintes, improviser<\/p>\n","protected":false},"author":1,"featured_media":0,"comment_status":"open","ping_status":"open","sticky":false,"template":"","format":"gallery","meta":{"_monsterinsights_skip_tracking":false,"_monsterinsights_sitenote_active":false,"_monsterinsights_sitenote_note":"","_monsterinsights_sitenote_category":0,"jetpack_post_was_ever_published":false,"_jetpack_newsletter_access":"","_jetpack_newsletter_tier_id":0,"footnotes":""},"categories":[1332,215,16,245],"tags":[2494,183,341,339,2491,1670,1565,271,219,4008,103,2490,1264,2492,2489,2397,2488,2493],"jetpack_sharing_enabled":true,"jetpack_featured_media_url":"","jetpack_shortlink":"https:\/\/wp.me\/p6hYQX-1oR","jetpack-related-posts":[{"id":1306,"url":"https:\/\/www.lilavert.com\/blog_lilavert\/les-etres-tres-particulier-de-beatrice-terra\/","url_meta":{"origin":5385,"position":0},"title":"Les \u00ab\u00a0\u00eatres\u00a0\u00bb tr\u00e8s particulier de B\u00e9atrice Terra","author":"LilaVert I-I","date":"14\/01\/2013","format":"gallery","excerpt":"B\u00e9atrice TERRA : Je peins essentiellement des visages, des hommes. Je ne souhaite pas m'\u00e9garer dans l'\u00e9tude de la couleur, de sa repr\u00e9sentation ou\u00a0de sa symbolique. Ma palette est sobre et tout ce qui pourrait perturber la\u00a0lisibilit\u00e9 d'une toile ou d'un dessin irait contre cette volont\u00e9 de capter la vie.\u2026","rel":"","context":"Dans &quot;Artiste&quot;","block_context":{"text":"Artiste","link":"https:\/\/www.lilavert.com\/blog_lilavert\/category\/artiste-2\/"},"img":{"alt_text":"Beatrice Terra - personnages","src":"https:\/\/i0.wp.com\/www.lilavert.com\/blog_lilavert\/wp-content\/uploads\/2013\/01\/peinture-bea-terra03.jpg?resize=350%2C200&ssl=1","width":350,"height":200,"srcset":"https:\/\/i0.wp.com\/www.lilavert.com\/blog_lilavert\/wp-content\/uploads\/2013\/01\/peinture-bea-terra03.jpg?resize=350%2C200&ssl=1 1x, https:\/\/i0.wp.com\/www.lilavert.com\/blog_lilavert\/wp-content\/uploads\/2013\/01\/peinture-bea-terra03.jpg?resize=525%2C300&ssl=1 1.5x, https:\/\/i0.wp.com\/www.lilavert.com\/blog_lilavert\/wp-content\/uploads\/2013\/01\/peinture-bea-terra03.jpg?resize=700%2C400&ssl=1 2x"},"classes":[]},{"id":13555,"url":"https:\/\/www.lilavert.com\/blog_lilavert\/tuto-integrer-differents-formats-de-pages-dans-indesign\/","url_meta":{"origin":5385,"position":1},"title":"Tuto : Int\u00e9grer diff\u00e9rents formats de pages dans indesign","author":"LilaVert I-I","date":"10\/10\/2018","format":"image","excerpt":"Tuto : Int\u00e9grer diff\u00e9rents formats de pages dans indesign. \u00a0 Il peut arriver que dans un document Indesign, vous ayez \u00e0 int\u00e9grer une ou plusieurs pages avec des formats diff\u00e9rents. Voici 2 astuces simples que je ne connaissais pas puisque j'aurais personnellement choisi de monter ces pages en plein format\u2026","rel":"","context":"Dans &quot;Creation&quot;","block_context":{"text":"Creation","link":"https:\/\/www.lilavert.com\/blog_lilavert\/category\/creation-2\/"},"img":{"alt_text":"","src":"https:\/\/i0.wp.com\/www.lilavert.com\/blog_lilavert\/wp-content\/uploads\/2018\/10\/integrer-differents-formats-pages-indesign.jpg?resize=350%2C200&ssl=1","width":350,"height":200,"srcset":"https:\/\/i0.wp.com\/www.lilavert.com\/blog_lilavert\/wp-content\/uploads\/2018\/10\/integrer-differents-formats-pages-indesign.jpg?resize=350%2C200&ssl=1 1x, https:\/\/i0.wp.com\/www.lilavert.com\/blog_lilavert\/wp-content\/uploads\/2018\/10\/integrer-differents-formats-pages-indesign.jpg?resize=525%2C300&ssl=1 1.5x, https:\/\/i0.wp.com\/www.lilavert.com\/blog_lilavert\/wp-content\/uploads\/2018\/10\/integrer-differents-formats-pages-indesign.jpg?resize=700%2C400&ssl=1 2x, https:\/\/i0.wp.com\/www.lilavert.com\/blog_lilavert\/wp-content\/uploads\/2018\/10\/integrer-differents-formats-pages-indesign.jpg?resize=1050%2C600&ssl=1 3x, https:\/\/i0.wp.com\/www.lilavert.com\/blog_lilavert\/wp-content\/uploads\/2018\/10\/integrer-differents-formats-pages-indesign.jpg?resize=1400%2C800&ssl=1 4x"},"classes":[]},{"id":1502,"url":"https:\/\/www.lilavert.com\/blog_lilavert\/psychologie-of-colors-for-designer\/","url_meta":{"origin":5385,"position":2},"title":"Psychologie of colors for designer","author":"LilaVert I-I","date":"25\/02\/2013","format":"image","excerpt":"Source A Guide to Color Selection for Designers, an Infographic by RIPT Apparel Custom Tees","rel":"","context":"Dans &quot;graphisme&quot;","block_context":{"text":"graphisme","link":"https:\/\/www.lilavert.com\/blog_lilavert\/category\/graphisme\/"},"img":{"alt_text":"","src":"","width":0,"height":0},"classes":[]},{"id":8914,"url":"https:\/\/www.lilavert.com\/blog_lilavert\/psychology-colors-un-petit-rappel-emotionnel\/","url_meta":{"origin":5385,"position":3},"title":"Psychology of colors, un petit rappel \u00e9motionnel","author":"LilaVert I-I","date":"25\/02\/2015","format":false,"excerpt":"Psychology of colors, un petit rappel \u00e9motionnel de la signification des couleurs. Voir aussi :\u00a0psychologie-of-colors-for-designer\/","rel":"","context":"Dans &quot;Creation&quot;","block_context":{"text":"Creation","link":"https:\/\/www.lilavert.com\/blog_lilavert\/category\/creation-2\/"},"img":{"alt_text":"psychology-colors - signification couleurs","src":"https:\/\/i0.wp.com\/www.lilavert.com\/blog_lilavert\/wp-content\/uploads\/2015\/02\/psychology-colors-460x1024.jpg?resize=350%2C200&ssl=1","width":350,"height":200},"classes":[]},{"id":13616,"url":"https:\/\/www.lilavert.com\/blog_lilavert\/selectionner-une-couleur-en-dehors-de-photoshop-avec-loutil-pipette\/","url_meta":{"origin":5385,"position":4},"title":"S\u00e9lectionner une couleur en dehors de photoshop avec l&rsquo;outil pipette","author":"LilaVert I-I","date":"13\/10\/2018","format":false,"excerpt":"Astuces photoshop : S\u00e9lectionner une couleur en dehors de photoshop avec l'outil pipette. S\u00e9lectionner l'outil pipette Cliquez et maintenez la pipette avec votre souris tout en vous d\u00e9pla\u00e7ant en dehors de photoshop pour capturer la couleur souhait\u00e9e. Tout simple mais bien pratique quand on travaille en RVB.","rel":"","context":"Dans &quot;Creation&quot;","block_context":{"text":"Creation","link":"https:\/\/www.lilavert.com\/blog_lilavert\/category\/creation-2\/"},"img":{"alt_text":"","src":"","width":0,"height":0},"classes":[]},{"id":1385,"url":"https:\/\/www.lilavert.com\/blog_lilavert\/michele-ludwiczak-culture-et-sculptures\/","url_meta":{"origin":5385,"position":5},"title":"Mich\u00e8le Ludwiczak, culture et sculptures","author":"LilaVert I-I","date":"26\/01\/2013","format":"gallery","excerpt":"Mich\u00e8le Ludwiczak, culture et sculptures\u00a0 Mich\u00e8le Ludwiczak :\u00a0\"Depuis longtemps je m'int\u00e9resse aux cultures o\u00f9 l'homme vit diff\u00e9remment sa relation avec la nature et avec le temps. Je me suis d'abord tourn\u00e9e vers l'Am\u00e9rique et son peuple d'origine, les Indiens, et puis un jour, l'Afrique\u2026 C'est une immersion constante par les\u2026","rel":"","context":"Dans &quot;Artiste&quot;","block_context":{"text":"Artiste","link":"https:\/\/www.lilavert.com\/blog_lilavert\/category\/artiste-2\/"},"img":{"alt_text":"Michele Ludwiczak - Sculptures","src":"https:\/\/i0.wp.com\/www.lilavert.com\/blog_lilavert\/wp-content\/uploads\/2013\/01\/Mich\u00c3\u00a8le-Ludwiczak-6.jpg?resize=350%2C200&ssl=1","width":350,"height":200,"srcset":"https:\/\/i0.wp.com\/www.lilavert.com\/blog_lilavert\/wp-content\/uploads\/2013\/01\/Mich\u00c3\u00a8le-Ludwiczak-6.jpg?resize=350%2C200&ssl=1 1x, https:\/\/i0.wp.com\/www.lilavert.com\/blog_lilavert\/wp-content\/uploads\/2013\/01\/Mich\u00c3\u00a8le-Ludwiczak-6.jpg?resize=525%2C300&ssl=1 1.5x, https:\/\/i0.wp.com\/www.lilavert.com\/blog_lilavert\/wp-content\/uploads\/2013\/01\/Mich\u00c3\u00a8le-Ludwiczak-6.jpg?resize=700%2C400&ssl=1 2x"},"classes":[]}],"_links":{"self":[{"href":"https:\/\/www.lilavert.com\/blog_lilavert\/wp-json\/wp\/v2\/posts\/5385"}],"collection":[{"href":"https:\/\/www.lilavert.com\/blog_lilavert\/wp-json\/wp\/v2\/posts"}],"about":[{"href":"https:\/\/www.lilavert.com\/blog_lilavert\/wp-json\/wp\/v2\/types\/post"}],"author":[{"embeddable":true,"href":"https:\/\/www.lilavert.com\/blog_lilavert\/wp-json\/wp\/v2\/users\/1"}],"replies":[{"embeddable":true,"href":"https:\/\/www.lilavert.com\/blog_lilavert\/wp-json\/wp\/v2\/comments?post=5385"}],"version-history":[{"count":0,"href":"https:\/\/www.lilavert.com\/blog_lilavert\/wp-json\/wp\/v2\/posts\/5385\/revisions"}],"wp:attachment":[{"href":"https:\/\/www.lilavert.com\/blog_lilavert\/wp-json\/wp\/v2\/media?parent=5385"}],"wp:term":[{"taxonomy":"category","embeddable":true,"href":"https:\/\/www.lilavert.com\/blog_lilavert\/wp-json\/wp\/v2\/categories?post=5385"},{"taxonomy":"post_tag","embeddable":true,"href":"https:\/\/www.lilavert.com\/blog_lilavert\/wp-json\/wp\/v2\/tags?post=5385"}],"curies":[{"name":"wp","href":"https:\/\/api.w.org\/{rel}","templated":true}]}}