{"id":515,"date":"2012-08-08T09:31:15","date_gmt":"2012-08-08T09:31:15","guid":{"rendered":"https:\/\/www.lilavert.com\/blog_lilavert\/?p=515"},"modified":"2013-08-15T11:21:00","modified_gmt":"2013-08-15T11:21:00","slug":"yo-tambien","status":"publish","type":"post","link":"https:\/\/www.lilavert.com\/blog_lilavert\/yo-tambien\/","title":{"rendered":"Yo, Tambi\u00e9n"},"content":{"rendered":"<blockquote><p>Prix de la Fondation Borau Op\u00e9ra Prima 2010 entre autres distinctions. Ce film fut tr\u00e8s remarqu\u00e9 au vingti\u00e8me festival espagnol nantais de 2010&#8230; Les deux r\u00e9alisateurs passent en revue les r\u00e9probations d&rsquo;usage, le ton compass\u00e9&#8230; Rien \u00e0 voir avec \u00ab\u00a0Le Huiti\u00e8me Jour\u00a0\u00bb comme traitement. En principe, rien que l&rsquo;id\u00e9e du d\u00e9sir sexuel d&rsquo;un handicap\u00e9 pour une jeune fille poss\u00e9dant tous ses chromosomes = fuyons !&#8230; Or, chacun(e) a le temps de s&rsquo;identifier au couple form\u00e9&#8230; Trisomique \u00ab\u00a0des pieds \u00e0 la t\u00eate\u00a0\u00bb, affirme-t-il \u00e0 cette p\u00e9roxyd\u00e9e \u00e0 la bouche triste&#8230; Une candeur naturelle incompatible avec ce que la galerie appelle \u00ab\u00a0homme\u00a0\u00bb ! Les deux acteurs, prodigieusement complices, s&rsquo;apprivoisent bel et bien&#8230; Elle irradie en sa pr\u00e9sence car il la fait rire m\u00eame s&rsquo;ils en pleurent&#8230; C&rsquo;est une raret\u00e9 qui va \u00e0 l&rsquo;essentiel, rien n&rsquo;est laiss\u00e9 au hasard si ce n&rsquo;est la bien-pensance. Les corps s&rsquo;y parlent, l&rsquo;intimit\u00e9 se n\u00e9gocie en demi-teinte. Du jamais vu.<br \/>\nPubli\u00e9 par le\u00a0<strong><a href=\"http:\/\/www.allocine.fr\/film\/fichefilm_gen_cfilm=171722.html\" target=\"_blank\">Lventriloque<\/a><a href=\"http:\/\/www.allocine.fr\/film\/fichefilm_gen_cfilm=171722.html#\">\u00a0<\/a>sur allocin\u00e9. <\/strong>[Disponible DVD sous-titr\u00e9 \u00a0FR]<\/p>\n<div><\/div>\n<\/blockquote>\n","protected":false},"excerpt":{"rendered":"<p>Prix de la Fondation Borau Op\u00e9ra Prima 2010 entre autres distinctions. Ce film fut tr\u00e8s remarqu\u00e9 au vingti\u00e8me festival espagnol<\/p>\n","protected":false},"author":1,"featured_media":0,"comment_status":"open","ping_status":"open","sticky":false,"template":"","format":"video","meta":{"_monsterinsights_skip_tracking":false,"_monsterinsights_sitenote_active":false,"_monsterinsights_sitenote_note":"","_monsterinsights_sitenote_category":0,"jetpack_post_was_ever_published":false,"_jetpack_newsletter_access":"","_jetpack_newsletter_tier_id":0,"footnotes":""},"categories":[513,16,47],"tags":[63,58,59,57,61,62,60],"jetpack_sharing_enabled":true,"jetpack_featured_media_url":"","jetpack_shortlink":"https:\/\/wp.me\/p6hYQX-8j","jetpack-related-posts":[{"id":2040,"url":"https:\/\/www.lilavert.com\/blog_lilavert\/ullule-en-danger-reseau-participatif-ou-leventuel-abus-de-certains\/","url_meta":{"origin":515,"position":0},"title":"Ulule en danger ? R\u00e9seau participatif o\u00f9 l&rsquo;\u00e9ventuel abus de certains ?","author":"LilaVert I-I","date":"30\/04\/2013","format":false,"excerpt":"Publi\u00e9 sur la page Facebook \u00e0 cette adresse :\u00a0Les grosses productions sont \u00e0 l'assaut d'Ulule ! A l\u2019attention d\u2019Alexandre BOUCHEROT, co-fondateur d\u2019Ulule, et de Mathieu MAIRE du POSET, directeur de projets chez ULULE: Nous, r\u00e9alisateurs, sc\u00e9naristes, com\u00e9diens, producteurs, journalistes, techniciens, spectateurs et souscripteurs d\u2019Ulule, nous \u00e9tonnons de l'appel \u00e0 participation\u2026","rel":"","context":"Dans &quot;Film&quot;","block_context":{"text":"Film","link":"https:\/\/www.lilavert.com\/blog_lilavert\/category\/film-2\/"},"img":{"alt_text":"","src":"https:\/\/i0.wp.com\/www.lilavert.com\/blog_lilavert\/wp-content\/uploads\/2013\/04\/vigilance-ullule.jpg?resize=350%2C200&ssl=1","width":350,"height":200,"srcset":"https:\/\/i0.wp.com\/www.lilavert.com\/blog_lilavert\/wp-content\/uploads\/2013\/04\/vigilance-ullule.jpg?resize=350%2C200&ssl=1 1x, https:\/\/i0.wp.com\/www.lilavert.com\/blog_lilavert\/wp-content\/uploads\/2013\/04\/vigilance-ullule.jpg?resize=525%2C300&ssl=1 1.5x, https:\/\/i0.wp.com\/www.lilavert.com\/blog_lilavert\/wp-content\/uploads\/2013\/04\/vigilance-ullule.jpg?resize=700%2C400&ssl=1 2x"},"classes":[]},{"id":806,"url":"https:\/\/www.lilavert.com\/blog_lilavert\/diffusion-du-film-tous-cobayes-de-jp-jaud-a-lyon\/","url_meta":{"origin":515,"position":1},"title":"Diffusion du film \u00ab\u00a0Tous Cobayes\u00a0\u00bb de JP JAUD \u00e0 Lyon","author":"LilaVert I-I","date":"19\/10\/2012","format":"image","excerpt":"le 24 Octobre 2012 au cin\u00e9ma COMOEDIA (13 av Berthelot, 69007) \u00e0 20h00\u00a0\u00a0en pr\u00e9sence du r\u00e9alisateur Jean-Paul JAUD. France - Documentaire - 1h55 - 2012. Tous Cobayes >>> le site. Sommes-nous tous des cobayes ? Comment se fait-il que les OGM agricoles soient dans les champs et dans les assiettes\u2026","rel":"","context":"Dans &quot;News&quot;","block_context":{"text":"News","link":"https:\/\/www.lilavert.com\/blog_lilavert\/category\/news\/"},"img":{"alt_text":"","src":"https:\/\/i0.wp.com\/www.lilavert.com\/blog_lilavert\/wp-content\/uploads\/2012\/10\/tous-cobayes.jpg?resize=350%2C200&ssl=1","width":350,"height":200,"srcset":"https:\/\/i0.wp.com\/www.lilavert.com\/blog_lilavert\/wp-content\/uploads\/2012\/10\/tous-cobayes.jpg?resize=350%2C200&ssl=1 1x, https:\/\/i0.wp.com\/www.lilavert.com\/blog_lilavert\/wp-content\/uploads\/2012\/10\/tous-cobayes.jpg?resize=525%2C300&ssl=1 1.5x, https:\/\/i0.wp.com\/www.lilavert.com\/blog_lilavert\/wp-content\/uploads\/2012\/10\/tous-cobayes.jpg?resize=700%2C400&ssl=1 2x"},"classes":[]},{"id":5330,"url":"https:\/\/www.lilavert.com\/blog_lilavert\/parce-que-ce-que-la-maison-de-mon-reve-cest-toi\/","url_meta":{"origin":515,"position":2},"title":"parce que ce que&#8230; La Maison de Mon R\u00eave, c&rsquo;est toi","author":"LilaVert I-I","date":"14\/01\/2014","format":"video","excerpt":"parce que ce que... La Maison de Mon R\u00eave, c'est toi.\u00a0parce que ce que... Cocorosie. Je ne parle qu'\u00e0 un seul individu sur cette terre, il est handicap\u00e9 du cortex, aveugle et sourd. Ah ! et il est con. forc\u00e9ment.","rel":"","context":"Dans &quot;Artiste&quot;","block_context":{"text":"Artiste","link":"https:\/\/www.lilavert.com\/blog_lilavert\/category\/artiste-2\/"},"img":{"alt_text":"Cocorosie \"By your side\" Nantes 2004.11.17","src":"https:\/\/i0.wp.com\/www.lilavert.com\/blog_lilavert\/wp-content\/uploads\/2014\/01\/cocorosie.png?resize=350%2C200&ssl=1","width":350,"height":200,"srcset":"https:\/\/i0.wp.com\/www.lilavert.com\/blog_lilavert\/wp-content\/uploads\/2014\/01\/cocorosie.png?resize=350%2C200&ssl=1 1x, https:\/\/i0.wp.com\/www.lilavert.com\/blog_lilavert\/wp-content\/uploads\/2014\/01\/cocorosie.png?resize=525%2C300&ssl=1 1.5x"},"classes":[]},{"id":2083,"url":"https:\/\/www.lilavert.com\/blog_lilavert\/poupees-sculptures-peintures-les-oeuvres-de-cecile-perra\/","url_meta":{"origin":515,"position":3},"title":"Poup\u00e9es, sculptures, peintures : Les oeuvres de C\u00e9cile Perra","author":"LilaVert I-I","date":"03\/05\/2013","format":"gallery","excerpt":"Poup\u00e9es, sculptures, peintures : Les oeuvres sensibles de C\u00e9cile Perra, visitez son site ou la suivre sur Facebook.\u00a0 \"Ma rencontre, dans le cadre d\u2019un atelier de peinture, avec des handicap\u00e9s mentaux adultes\u00a0dot\u00e9s d\u2019une richesse humaine et artistique admirable, m\u2019a r\u00e9v\u00e9l\u00e9 combien la spontan\u00e9it\u00e9 dans l\u2019acte de cr\u00e9er m\u2019importait. J\u2019aborde mon\u2026","rel":"","context":"Dans &quot;Artiste&quot;","block_context":{"text":"Artiste","link":"https:\/\/www.lilavert.com\/blog_lilavert\/category\/artiste-2\/"},"img":{"alt_text":"","src":"https:\/\/i0.wp.com\/www.lilavert.com\/blog_lilavert\/wp-content\/uploads\/2013\/05\/cecile-perra6.jpg?resize=350%2C200&ssl=1","width":350,"height":200,"srcset":"https:\/\/i0.wp.com\/www.lilavert.com\/blog_lilavert\/wp-content\/uploads\/2013\/05\/cecile-perra6.jpg?resize=350%2C200&ssl=1 1x, https:\/\/i0.wp.com\/www.lilavert.com\/blog_lilavert\/wp-content\/uploads\/2013\/05\/cecile-perra6.jpg?resize=525%2C300&ssl=1 1.5x"},"classes":[]},{"id":590,"url":"https:\/\/www.lilavert.com\/blog_lilavert\/le-fils-de-lautre\/","url_meta":{"origin":515,"position":4},"title":"Le fils de l&rsquo;autre","author":"LilaVert I-I","date":"12\/08\/2012","format":false,"excerpt":"Un monde sans fronti\u00e8re est \u00e0 envisager s\u00e9rieusement. Excellent film, excellent acteurs. Ce film nous prouve une fois de plus que l'ignorance est le mal de l'homme...","rel":"","context":"Dans &quot;Film&quot;","block_context":{"text":"Film","link":"https:\/\/www.lilavert.com\/blog_lilavert\/category\/film-2\/"},"img":{"alt_text":"","src":"https:\/\/i0.wp.com\/www.lilavert.com\/blog_lilavert\/wp-content\/uploads\/2012\/08\/le-fils-de-lautre.jpg?resize=350%2C200&ssl=1","width":350,"height":200},"classes":[]},{"id":12337,"url":"https:\/\/www.lilavert.com\/blog_lilavert\/boycott-du-film-mes-vies-de-chien\/","url_meta":{"origin":515,"position":5},"title":"BOYCOTT du film Mes vies de chien","author":"LilaVert I-I","date":"20\/01\/2017","format":false,"excerpt":"BOYCOTT du film Mes vies de chien du r\u00e9alisateur su\u00e9dois Lasse Hallstr\u00f6m, apr\u00e8s la diffusion d'une vid\u00e9o montrant un chien terrifi\u00e9 forc\u00e9 de sauter dans l'eau durant le tournage du film. Plainte et appel au boycott \"Peta appelle les amateurs de chiens \u00e0 boycotter le film de fa\u00e7on \u00e0 envoyer\u2026","rel":"","context":"Dans &quot;Animaux&quot;","block_context":{"text":"Animaux","link":"https:\/\/www.lilavert.com\/blog_lilavert\/category\/animaux-2\/"},"img":{"alt_text":"boycott a dog's purpose","src":"https:\/\/i0.wp.com\/www.lilavert.com\/blog_lilavert\/wp-content\/uploads\/2017\/01\/boycott-a-dogs-purpose.jpg?resize=350%2C200&ssl=1","width":350,"height":200,"srcset":"https:\/\/i0.wp.com\/www.lilavert.com\/blog_lilavert\/wp-content\/uploads\/2017\/01\/boycott-a-dogs-purpose.jpg?resize=350%2C200&ssl=1 1x, https:\/\/i0.wp.com\/www.lilavert.com\/blog_lilavert\/wp-content\/uploads\/2017\/01\/boycott-a-dogs-purpose.jpg?resize=525%2C300&ssl=1 1.5x"},"classes":[]}],"_links":{"self":[{"href":"https:\/\/www.lilavert.com\/blog_lilavert\/wp-json\/wp\/v2\/posts\/515"}],"collection":[{"href":"https:\/\/www.lilavert.com\/blog_lilavert\/wp-json\/wp\/v2\/posts"}],"about":[{"href":"https:\/\/www.lilavert.com\/blog_lilavert\/wp-json\/wp\/v2\/types\/post"}],"author":[{"embeddable":true,"href":"https:\/\/www.lilavert.com\/blog_lilavert\/wp-json\/wp\/v2\/users\/1"}],"replies":[{"embeddable":true,"href":"https:\/\/www.lilavert.com\/blog_lilavert\/wp-json\/wp\/v2\/comments?post=515"}],"version-history":[{"count":0,"href":"https:\/\/www.lilavert.com\/blog_lilavert\/wp-json\/wp\/v2\/posts\/515\/revisions"}],"wp:attachment":[{"href":"https:\/\/www.lilavert.com\/blog_lilavert\/wp-json\/wp\/v2\/media?parent=515"}],"wp:term":[{"taxonomy":"category","embeddable":true,"href":"https:\/\/www.lilavert.com\/blog_lilavert\/wp-json\/wp\/v2\/categories?post=515"},{"taxonomy":"post_tag","embeddable":true,"href":"https:\/\/www.lilavert.com\/blog_lilavert\/wp-json\/wp\/v2\/tags?post=515"}],"curies":[{"name":"wp","href":"https:\/\/api.w.org\/{rel}","templated":true}]}}