{"id":511,"date":"2012-08-08T08:50:56","date_gmt":"2012-08-08T08:50:56","guid":{"rendered":"https:\/\/www.lilavert.com\/blog_lilavert\/?p=511"},"modified":"2013-08-15T11:22:56","modified_gmt":"2013-08-15T11:22:56","slug":"franck-lepage-incultures-ou-le-nouvel-esprit-du-capitalisme","status":"publish","type":"post","link":"https:\/\/www.lilavert.com\/blog_lilavert\/franck-lepage-incultures-ou-le-nouvel-esprit-du-capitalisme\/","title":{"rendered":"Franck LEPAGE : Inculture(s) ou le nouvel esprit du capitalisme"},"content":{"rendered":"<p><strong>La vid\u00e9o \u00e0 ne pas manquer.<\/strong> [DUr\u00e9e 2h3O)<\/p>\n<p>\u00ab\u00a0Avant, j\u2019\u00e9tais proph\u00e8te&#8230; Proph\u00e8te salari\u00e9. Mon travail consistait \u00e0 dire la v\u00e9rit\u00e9. (La v\u00e9rit\u00e9 officielle). Et puis un jour, je me suis mis \u00e0 mentir, et ils ont ador\u00e9. On me faisait venir de plus en plus souvent. On me disait que cela mettait de l\u2019animation et de la d\u00e9mocratie. Quand ils ont trouv\u00e9 que j\u2019allais trop loin, ils m\u2019ont vir\u00e9. Depuis, je suis clown&#8230; Clown-consultant\u00a0\u00bb.<br \/>\n<strong>Cliquez sur l&rsquo;image pour voir la vid\u00e9o&#8230;<\/strong><\/p>\n<p><a title=\"Video Franck Lepage\" href=\"http:\/\/tvbruits.org\/spip.php?article981\" target=\"_blank\"><img loading=\"lazy\" decoding=\"async\" class=\"aligncenter size-full wp-image-512\" title=\"Franck Lepage\" src=\"https:\/\/www.lilavert.com\/blog_lilavert\/wp-content\/uploads\/2012\/08\/fff.jpg\" alt=\"\" width=\"300\" height=\"240\" \/><\/a><\/p>\n","protected":false},"excerpt":{"rendered":"<p>La vid\u00e9o \u00e0 ne pas manquer. [DUr\u00e9e 2h3O) \u00ab\u00a0Avant, j\u2019\u00e9tais proph\u00e8te&#8230; Proph\u00e8te salari\u00e9. Mon travail consistait \u00e0 dire la v\u00e9rit\u00e9.<\/p>\n","protected":false},"author":1,"featured_media":0,"comment_status":"open","ping_status":"open","sticky":false,"template":"","format":"image","meta":{"_monsterinsights_skip_tracking":false,"_monsterinsights_sitenote_active":false,"_monsterinsights_sitenote_note":"","_monsterinsights_sitenote_category":0,"jetpack_post_was_ever_published":false,"_jetpack_newsletter_access":"","_jetpack_newsletter_tier_id":0,"footnotes":""},"categories":[918,16,488,907,47],"tags":[66,232,68,67,929,65,939,462,64],"jetpack_sharing_enabled":true,"jetpack_featured_media_url":"","jetpack_shortlink":"https:\/\/wp.me\/p6hYQX-8f","jetpack-related-posts":[{"id":7909,"url":"https:\/\/www.lilavert.com\/blog_lilavert\/ah-la-politique\/","url_meta":{"origin":511,"position":0},"title":"ah la politique !","author":"LilaVert I-I","date":"25\/09\/2014","format":false,"excerpt":"ah la politique ! :) source : laboulette.fr","rel":"","context":"Dans &quot;News&quot;","block_context":{"text":"News","link":"https:\/\/www.lilavert.com\/blog_lilavert\/category\/news\/"},"img":{"alt_text":"politique definition des differents partis","src":"https:\/\/i0.wp.com\/www.lilavert.com\/blog_lilavert\/wp-content\/uploads\/2014\/09\/politique-de-finition-des-differents-partis.jpg?resize=350%2C200&ssl=1","width":350,"height":200,"srcset":"https:\/\/i0.wp.com\/www.lilavert.com\/blog_lilavert\/wp-content\/uploads\/2014\/09\/politique-de-finition-des-differents-partis.jpg?resize=350%2C200&ssl=1 1x, https:\/\/i0.wp.com\/www.lilavert.com\/blog_lilavert\/wp-content\/uploads\/2014\/09\/politique-de-finition-des-differents-partis.jpg?resize=525%2C300&ssl=1 1.5x"},"classes":[]},{"id":977,"url":"https:\/\/www.lilavert.com\/blog_lilavert\/nos-enfants-nous-accuseront\/","url_meta":{"origin":511,"position":1},"title":"Nos enfants nous accuseront","author":"LilaVert I-I","date":"22\/12\/2012","format":"video","excerpt":"Datant de 2008, Nos enfants nous accuseront\u00a0de Jean-Paul Jaud \u00e0 partager toujours et encore... La courageuse initiative d\u2019une municipalit\u00e9 du Gard qui d\u00e9cide d\u2019introduire le bio dans la cantine scolaire du village. Le r\u00e9alisateur brosse un portrait sans concession sur la trag\u00e9die environnementale qui guette les jeunes g\u00e9n\u00e9rations : empoisonnement\u2026","rel":"","context":"Dans &quot;News&quot;","block_context":{"text":"News","link":"https:\/\/www.lilavert.com\/blog_lilavert\/category\/news\/"},"img":{"alt_text":"","src":"https:\/\/i0.wp.com\/www.lilavert.com\/blog_lilavert\/wp-content\/uploads\/2012\/12\/nos_enfants_nous_accuseront.jpg?resize=350%2C200&ssl=1","width":350,"height":200,"srcset":"https:\/\/i0.wp.com\/www.lilavert.com\/blog_lilavert\/wp-content\/uploads\/2012\/12\/nos_enfants_nous_accuseront.jpg?resize=350%2C200&ssl=1 1x, https:\/\/i0.wp.com\/www.lilavert.com\/blog_lilavert\/wp-content\/uploads\/2012\/12\/nos_enfants_nous_accuseront.jpg?resize=525%2C300&ssl=1 1.5x, https:\/\/i0.wp.com\/www.lilavert.com\/blog_lilavert\/wp-content\/uploads\/2012\/12\/nos_enfants_nous_accuseront.jpg?resize=700%2C400&ssl=1 2x"},"classes":[]},{"id":3072,"url":"https:\/\/www.lilavert.com\/blog_lilavert\/anton-semenov-digital-horror-artist\/","url_meta":{"origin":511,"position":2},"title":"Anton Semenov : Digital horror artist","author":"LilaVert I-I","date":"08\/09\/2013","format":"gallery","excerpt":"D\u00e9couvrez le magnifique travail de\u00a0Anton Semenov : Digital horror artist. (Russie) Il ya un sentiment de silence dans les peintures de Semenov, un silence gris qui trouve sa foul\u00e9e dans la guerre ou les catastrophes. Cr\u00e9atures ou personnages porteurs d'histoires troublantes ou douloureuses.. Dans certains de ses tableaux, d'horribles visages\u2026","rel":"","context":"Dans &quot;Artiste&quot;","block_context":{"text":"Artiste","link":"https:\/\/www.lilavert.com\/blog_lilavert\/category\/artiste-2\/"},"img":{"alt_text":"Anton Semenov - Digital artist","src":"https:\/\/i0.wp.com\/www.lilavert.com\/blog_lilavert\/wp-content\/uploads\/2013\/09\/Anton-Semenov-Digital-artist.jpg?resize=350%2C200&ssl=1","width":350,"height":200,"srcset":"https:\/\/i0.wp.com\/www.lilavert.com\/blog_lilavert\/wp-content\/uploads\/2013\/09\/Anton-Semenov-Digital-artist.jpg?resize=350%2C200&ssl=1 1x, https:\/\/i0.wp.com\/www.lilavert.com\/blog_lilavert\/wp-content\/uploads\/2013\/09\/Anton-Semenov-Digital-artist.jpg?resize=525%2C300&ssl=1 1.5x, https:\/\/i0.wp.com\/www.lilavert.com\/blog_lilavert\/wp-content\/uploads\/2013\/09\/Anton-Semenov-Digital-artist.jpg?resize=700%2C400&ssl=1 2x"},"classes":[]},{"id":8703,"url":"https:\/\/www.lilavert.com\/blog_lilavert\/lavant-projet-de-la-loi-sur-la-creation-et-le-patrimoine-fait-peu-de-cas-des-artistes-plasticiens\/","url_meta":{"origin":511,"position":3},"title":"L\u2019avant-projet de la loi sur la cr\u00e9ation et le patrimoine fait peu de cas des artistes plasticiens","author":"LilaVert I-I","date":"15\/01\/2015","format":false,"excerpt":"L\u2019avant-projet de la loi sur la cr\u00e9ation et le patrimoine fait peu de cas des artistes plasticiens, seule mesure concr\u00e8te : la possibilit\u00e9 de b\u00e9n\u00e9ficier du RSA. Projet de loi cr\u00e9ation \/\u00a0La loi sur la cr\u00e9ation oublie les arts plastiques - par Fournol Alexis - publi\u00e9 dans\u00a0Le Journal des Arts\u2026","rel":"","context":"Dans &quot;art&quot;","block_context":{"text":"art","link":"https:\/\/www.lilavert.com\/blog_lilavert\/category\/art\/"},"img":{"alt_text":"loi art plastique","src":"https:\/\/i0.wp.com\/www.lilavert.com\/blog_lilavert\/wp-content\/uploads\/2015\/01\/loi-art-plastique.jpg?resize=350%2C200&ssl=1","width":350,"height":200},"classes":[]},{"id":2021,"url":"https:\/\/www.lilavert.com\/blog_lilavert\/ani-un-accord-qui-constitue-un-enorme-recul-pour-les-droits-des-salaries\/","url_meta":{"origin":511,"position":4},"title":"ANI, un accord qui constitue un \u00e9norme recul pour les droits des salari\u00e9s !","author":"LilaVert I-I","date":"25\/04\/2013","format":"video","excerpt":"L\u2019ANI, un accord ill\u00e9gitime? 19 mars 2013\u00a0Par\u00a0Gabriel Colletis Source : Mediapart Par un \u00e9trange retournement de vocabulaire, les proc\u00e9dures que l\u2019on appelait autrefois\u00a0 \u00ab\u00a0plans de licenciements\u00a0\u00bb se sont mu\u00e9es en plans dits \u00ab\u00a0 sociaux\u00a0\u00bb puis, depuis 2002, en \u00ab\u00a0plans de sauvegarde de l\u2019emploi\u00a0\u00bb. L\u2019Accord national interprofessionnel (ANI) de \u00ab\u00a0s\u00e9curisation de\u2026","rel":"","context":"Dans &quot;News&quot;","block_context":{"text":"News","link":"https:\/\/www.lilavert.com\/blog_lilavert\/category\/news\/"},"img":{"alt_text":"","src":"","width":0,"height":0},"classes":[]},{"id":11715,"url":"https:\/\/www.lilavert.com\/blog_lilavert\/anti-racism-activist-jane-elliott\/","url_meta":{"origin":511,"position":5},"title":"Anti-Racism Activist \u00ab\u00a0Jane Elliott\u00a0\u00bb","author":"LilaVert I-I","date":"21\/07\/2016","format":"video","excerpt":"Anti-Racism Activist \"Jane Elliott\" Speaks On The Psychology Of Racism.","rel":"","context":"Dans &quot;News&quot;","block_context":{"text":"News","link":"https:\/\/www.lilavert.com\/blog_lilavert\/category\/news\/"},"img":{"alt_text":"","src":"https:\/\/i0.wp.com\/www.lilavert.com\/blog_lilavert\/wp-content\/uploads\/2016\/07\/anti-racism.png?resize=350%2C200&ssl=1","width":350,"height":200,"srcset":"https:\/\/i0.wp.com\/www.lilavert.com\/blog_lilavert\/wp-content\/uploads\/2016\/07\/anti-racism.png?resize=350%2C200&ssl=1 1x, https:\/\/i0.wp.com\/www.lilavert.com\/blog_lilavert\/wp-content\/uploads\/2016\/07\/anti-racism.png?resize=525%2C300&ssl=1 1.5x, https:\/\/i0.wp.com\/www.lilavert.com\/blog_lilavert\/wp-content\/uploads\/2016\/07\/anti-racism.png?resize=700%2C400&ssl=1 2x"},"classes":[]}],"_links":{"self":[{"href":"https:\/\/www.lilavert.com\/blog_lilavert\/wp-json\/wp\/v2\/posts\/511"}],"collection":[{"href":"https:\/\/www.lilavert.com\/blog_lilavert\/wp-json\/wp\/v2\/posts"}],"about":[{"href":"https:\/\/www.lilavert.com\/blog_lilavert\/wp-json\/wp\/v2\/types\/post"}],"author":[{"embeddable":true,"href":"https:\/\/www.lilavert.com\/blog_lilavert\/wp-json\/wp\/v2\/users\/1"}],"replies":[{"embeddable":true,"href":"https:\/\/www.lilavert.com\/blog_lilavert\/wp-json\/wp\/v2\/comments?post=511"}],"version-history":[{"count":0,"href":"https:\/\/www.lilavert.com\/blog_lilavert\/wp-json\/wp\/v2\/posts\/511\/revisions"}],"wp:attachment":[{"href":"https:\/\/www.lilavert.com\/blog_lilavert\/wp-json\/wp\/v2\/media?parent=511"}],"wp:term":[{"taxonomy":"category","embeddable":true,"href":"https:\/\/www.lilavert.com\/blog_lilavert\/wp-json\/wp\/v2\/categories?post=511"},{"taxonomy":"post_tag","embeddable":true,"href":"https:\/\/www.lilavert.com\/blog_lilavert\/wp-json\/wp\/v2\/tags?post=511"}],"curies":[{"name":"wp","href":"https:\/\/api.w.org\/{rel}","templated":true}]}}