{"id":4882,"date":"2013-12-13T11:56:22","date_gmt":"2013-12-13T11:56:22","guid":{"rendered":"https:\/\/www.lilavert.com\/blog_lilavert\/?p=4882"},"modified":"2017-12-27T19:19:29","modified_gmt":"2017-12-27T19:19:29","slug":"le-calendrier-2014-des-motards","status":"publish","type":"post","link":"https:\/\/www.lilavert.com\/blog_lilavert\/le-calendrier-2014-des-motards\/","title":{"rendered":"Le calendrier 2014 des motards :)"},"content":{"rendered":"<h2><strong>&gt;&gt;&gt; CALENDAR 2018 is <a href=\"https:\/\/www.lilavert.com\/blog_lilavert\/confederate-motorcycles-bikers-calendar-2018\/\" target=\"_blank\">HERE<\/a><\/strong><\/h2>\n<p>&nbsp;<\/p>\n<p><a title=\"Le calendrier 2014 des motards :)\" href=\"https:\/\/www.lilavert.com\/blog_lilavert\/le-calendrier-2014-des-motards\/\" rel=\"attachment wp-att-4897\"><img loading=\"lazy\" decoding=\"async\" class=\"alignnone size-full wp-image-4897\" title=\"confederate\" src=\"https:\/\/www.lilavert.com\/blog_lilavert\/wp-content\/uploads\/2013\/12\/confederate.gif\" alt=\"\" width=\"203\" height=\"280\" srcset=\"https:\/\/www.lilavert.com\/blog_lilavert\/wp-content\/uploads\/2013\/12\/confederate.gif 203w, https:\/\/www.lilavert.com\/blog_lilavert\/wp-content\/uploads\/2013\/12\/confederate-108x150.gif 108w\" sizes=\"(max-width: 203px) 100vw, 203px\" \/><\/a><\/p>\n<p><strong>Calendar 2014 bikers \/\u00a0\u041a\u0430\u043b\u0435\u043d\u0434\u0430\u0440\u044c Confederate Motorcycles 2014<\/strong> \/<br \/>\nLe calendrier 2014 des motards :)<br \/>\nA <a title=\"Calendrier 2014 motard\" href=\"http:\/\/comotor.ru\/confederate_motorcycles_2014\/\" target=\"_blank\"><strong>t\u00e9l\u00e9charger ici<\/strong><\/a><br \/>\nou <a title=\"Calendrier 2014 motard\" href=\"https:\/\/disk.yandex.ru\/public\/?hash=xBBMz\/%2Bz%2Bgk5fmt4qqEeuLujUR1h1BIbv%2B6lsSCz4L8%3D\" target=\"_blank\"><strong>en jpg<\/strong><\/a>,<br \/>\nou le <a title=\"Calendrier 2014 motard\" href=\"http:\/\/www.lilavert.com\/Confederate_2014.pdf\" target=\"_blank\"><strong>PDF direct l\u00e0<\/strong><\/a>.<\/p>\n<div id=\"attachment_4883\" style=\"width: 2349px\" class=\"wp-caption alignnone\"><a title=\"Le calendrier 2014 des motards :)\" href=\"https:\/\/www.lilavert.com\/blog_lilavert\/le-calendrier-2014-des-motards\/\" rel=\"attachment wp-att-4883\"><img loading=\"lazy\" decoding=\"async\" aria-describedby=\"caption-attachment-4883\" class=\"size-full wp-image-4883\" title=\"Calendrier motard 2014 - Confederate_2014_Page_09\" src=\"https:\/\/www.lilavert.com\/blog_lilavert\/wp-content\/uploads\/2013\/12\/Confederate_2014_Page_09.jpg\" alt=\"Calendrier motard 2014 - Confederate_2014_Page_09\" width=\"2339\" height=\"1654\" srcset=\"https:\/\/www.lilavert.com\/blog_lilavert\/wp-content\/uploads\/2013\/12\/Confederate_2014_Page_09.jpg 2339w, https:\/\/www.lilavert.com\/blog_lilavert\/wp-content\/uploads\/2013\/12\/Confederate_2014_Page_09-150x106.jpg 150w, https:\/\/www.lilavert.com\/blog_lilavert\/wp-content\/uploads\/2013\/12\/Confederate_2014_Page_09-300x212.jpg 300w, https:\/\/www.lilavert.com\/blog_lilavert\/wp-content\/uploads\/2013\/12\/Confederate_2014_Page_09-1024x724.jpg 1024w, https:\/\/www.lilavert.com\/blog_lilavert\/wp-content\/uploads\/2013\/12\/Confederate_2014_Page_09-400x282.jpg 400w, https:\/\/www.lilavert.com\/blog_lilavert\/wp-content\/uploads\/2013\/12\/Confederate_2014_Page_09-800x566.jpg 800w\" sizes=\"(max-width: 2339px) 100vw, 2339px\" \/><\/a><\/p>\n<p id=\"caption-attachment-4883\" class=\"wp-caption-text\">Calendrier motard 2014 &#8211; Confederate_2014_Page_09<\/p>\n<\/div>\n","protected":false},"excerpt":{"rendered":"<p>&gt;&gt;&gt; CALENDAR 2018 is HERE &nbsp; Calendar 2014 bikers \/\u00a0\u041a\u0430\u043b\u0435\u043d\u0434\u0430\u0440\u044c Confederate Motorcycles 2014 \/ Le calendrier 2014 des motards :)<\/p>\n","protected":false},"author":1,"featured_media":0,"comment_status":"open","ping_status":"open","sticky":false,"template":"","format":"standard","meta":{"_monsterinsights_skip_tracking":false,"_monsterinsights_sitenote_active":false,"_monsterinsights_sitenote_note":"","_monsterinsights_sitenote_category":0,"jetpack_post_was_ever_published":false,"_jetpack_newsletter_access":"","_jetpack_newsletter_tier_id":0,"footnotes":""},"categories":[16,178],"tags":[2320,2243,2233,2240,2239,2242,2241,29,2238,2234,2235,19,182,2236,2237],"jetpack_sharing_enabled":true,"jetpack_featured_media_url":"","jetpack_shortlink":"https:\/\/wp.me\/p6hYQX-1gK","jetpack-related-posts":[{"id":13101,"url":"https:\/\/www.lilavert.com\/blog_lilavert\/confederate-motorcycles-bikers-calendar-2018\/","url_meta":{"origin":4882,"position":0},"title":"Confederate Motorcycles Bikers Calendar 2018  :)","author":"LilaVert I-I","date":"27\/12\/2017","format":"gallery","excerpt":"Confederate Motorcycles Bikers Calendar 2018 \u00a0:) >>\u00a0Download the PDF HERE ! Calendar 2014 HERE EnregistrerEnregistrer","rel":"","context":"Dans &quot;News&quot;","block_context":{"text":"News","link":"https:\/\/www.lilavert.com\/blog_lilavert\/category\/news\/"},"img":{"alt_text":"Confederate Motorcycles Calendar 2018 PDF","src":"https:\/\/i0.wp.com\/www.lilavert.com\/blog_lilavert\/wp-content\/uploads\/2017\/12\/confederate-motorcycles-calendar-2018.jpg?resize=350%2C200&ssl=1","width":350,"height":200,"srcset":"https:\/\/i0.wp.com\/www.lilavert.com\/blog_lilavert\/wp-content\/uploads\/2017\/12\/confederate-motorcycles-calendar-2018.jpg?resize=350%2C200&ssl=1 1x, https:\/\/i0.wp.com\/www.lilavert.com\/blog_lilavert\/wp-content\/uploads\/2017\/12\/confederate-motorcycles-calendar-2018.jpg?resize=525%2C300&ssl=1 1.5x, https:\/\/i0.wp.com\/www.lilavert.com\/blog_lilavert\/wp-content\/uploads\/2017\/12\/confederate-motorcycles-calendar-2018.jpg?resize=700%2C400&ssl=1 2x"},"classes":[]},{"id":5161,"url":"https:\/\/www.lilavert.com\/blog_lilavert\/2014-moon-calendar-ashland-astronomy-studio\/","url_meta":{"origin":4882,"position":1},"title":"2014 Moon Calendar from Ashland Astronomy Studio","author":"LilaVert I-I","date":"08\/01\/2014","format":"gallery","excerpt":"2014 Moon Calendar from Ashland Astronomy Studio. Maintenant tu sauras quand couper tes cheveux ! Here !","rel":"","context":"Dans &quot;Nature&quot;","block_context":{"text":"Nature","link":"https:\/\/www.lilavert.com\/blog_lilavert\/category\/nature-2\/"},"img":{"alt_text":"2014 Moon Phase Calendar Northern Hemisphere","src":"https:\/\/i0.wp.com\/www.lilavert.com\/blog_lilavert\/wp-content\/uploads\/2014\/01\/moon-calendra-2014.jpg?resize=350%2C200&ssl=1","width":350,"height":200},"classes":[]},{"id":8575,"url":"https:\/\/www.lilavert.com\/blog_lilavert\/mon-top-5-des-meilleures-series-2014\/","url_meta":{"origin":4882,"position":2},"title":"Mon TOP 5 des meilleures s\u00e9ries 2014 !","author":"LilaVert I-I","date":"28\/12\/2014","format":false,"excerpt":"Mon TOP 5 des meilleures s\u00e9ries 2014 ! A d\u00e9couvrir si ce n'est d\u00e9j\u00e0 fait... 1. PEAKY Blinders GIF\u00a0tir\u00e9 du d\u00e9but de la saison 4, ep 2 S\u00e9rie britannique\u00a0relatant l'histoire r\u00e9elle d'un Gang anglais de\u00a0Birmingham.\u00a0Ambiance ann\u00e9es 20 d'apr\u00e8s-guerre. Ci-dessous les vrais Peaky Blinders :) Une s\u00e9rie passionnante avec des acteurs\u2026","rel":"","context":"Dans &quot;News&quot;","block_context":{"text":"News","link":"https:\/\/www.lilavert.com\/blog_lilavert\/category\/news\/"},"img":{"alt_text":"","src":"https:\/\/i0.wp.com\/www.lilavert.com\/blog_lilavert\/wp-content\/uploads\/2014\/12\/peaky-blinders2.gif?resize=350%2C200&ssl=1","width":350,"height":200},"classes":[]},{"id":3824,"url":"https:\/\/www.lilavert.com\/blog_lilavert\/mr-hublot-animation-de-stephane-halleux\/","url_meta":{"origin":4882,"position":3},"title":"Mr Hublot, animation de St\u00e9phane Halleux","author":"LilaVert I-I","date":"26\/10\/2013","format":"video","excerpt":"Mr Hublot, animation de St\u00e9phane Halleux Mr Hublot est un vieux gar\u00e7on bourr\u00e9 de manies et de tocs, dont l'univers est compos\u00e9 d'\u00e9l\u00e9ments m\u00e9caniques. Il ne sort jamais de chez lui car il est effray\u00e9 par le monde ext\u00e9rieur. Court-m\u00e9trage anim\u00e9 produit par Zeilt Production et Arte, et r\u00e9alis\u00e9 par\u2026","rel":"","context":"Dans &quot;Film&quot;","block_context":{"text":"Film","link":"https:\/\/www.lilavert.com\/blog_lilavert\/category\/film-2\/"},"img":{"alt_text":"Alexandre Espigares et Laurent Witz le 25 f\u00e9vrier 2014 \u00e0 Beverly Hills (Photo Valerie Macon. AFP)","src":"https:\/\/i0.wp.com\/www.lilavert.com\/blog_lilavert\/wp-content\/uploads\/2013\/10\/alexandre-espigares-et-laurent-witz-le-25-fevrier-2014-a-beverly-hills.jpg?resize=350%2C200&ssl=1","width":350,"height":200,"srcset":"https:\/\/i0.wp.com\/www.lilavert.com\/blog_lilavert\/wp-content\/uploads\/2013\/10\/alexandre-espigares-et-laurent-witz-le-25-fevrier-2014-a-beverly-hills.jpg?resize=350%2C200&ssl=1 1x, https:\/\/i0.wp.com\/www.lilavert.com\/blog_lilavert\/wp-content\/uploads\/2013\/10\/alexandre-espigares-et-laurent-witz-le-25-fevrier-2014-a-beverly-hills.jpg?resize=525%2C300&ssl=1 1.5x, https:\/\/i0.wp.com\/www.lilavert.com\/blog_lilavert\/wp-content\/uploads\/2013\/10\/alexandre-espigares-et-laurent-witz-le-25-fevrier-2014-a-beverly-hills.jpg?resize=700%2C400&ssl=1 2x"},"classes":[]},{"id":9699,"url":"https:\/\/www.lilavert.com\/blog_lilavert\/david-lloyd-wild-life-photography\/","url_meta":{"origin":4882,"position":4},"title":"David Lloyd Wild Life Photography","author":"LilaVert I-I","date":"26\/07\/2015","format":"gallery","excerpt":"David Lloyd Wild Life Photography,\u00a0living in UK.\u00a0Commended in Wildlife Photographer of the year in 2011 and 2014, Highly Honoured in Natures Best 2012 and thrice in 2014 Website Instagram Facebook","rel":"","context":"Dans &quot;Animaux&quot;","block_context":{"text":"Animaux","link":"https:\/\/www.lilavert.com\/blog_lilavert\/category\/animaux-2\/"},"img":{"alt_text":"David Lloyd - photo lion","src":"https:\/\/i0.wp.com\/www.lilavert.com\/blog_lilavert\/wp-content\/uploads\/2015\/07\/David-Lloyd-photo-lion.jpg?resize=350%2C200&ssl=1","width":350,"height":200,"srcset":"https:\/\/i0.wp.com\/www.lilavert.com\/blog_lilavert\/wp-content\/uploads\/2015\/07\/David-Lloyd-photo-lion.jpg?resize=350%2C200&ssl=1 1x, https:\/\/i0.wp.com\/www.lilavert.com\/blog_lilavert\/wp-content\/uploads\/2015\/07\/David-Lloyd-photo-lion.jpg?resize=525%2C300&ssl=1 1.5x, https:\/\/i0.wp.com\/www.lilavert.com\/blog_lilavert\/wp-content\/uploads\/2015\/07\/David-Lloyd-photo-lion.jpg?resize=700%2C400&ssl=1 2x"},"classes":[]},{"id":4194,"url":"https:\/\/www.lilavert.com\/blog_lilavert\/anormalite-selon-eric-lacombe\/","url_meta":{"origin":4882,"position":5},"title":"anormalit\u00e9 selon Eric Lacombe","author":"LilaVert I-I","date":"06\/11\/2013","format":"gallery","excerpt":"Anormalit\u00e9 selon Eric Lacombe, Au regard des profondeurs de l'\u00e2me. N\u00e9 en 1968, vit \u00e0 Lyon. Artiste peintre et digital painting. EXPOSITION Novembre\/D\u00e9cembre 2013 - LE 59 RIVOLI - Paris (France) \"La Cave\" - exposition collective avec H.R Giger, john santerineross, Karl Persson. Nihil, ... Website Facebook Tumblr Pinterest","rel":"","context":"Dans &quot;art&quot;","block_context":{"text":"art","link":"https:\/\/www.lilavert.com\/blog_lilavert\/category\/art\/"},"img":{"alt_text":"Eric Lacombe - AN018 : 50 x 65 cm : acrylic and pen on paper \/ 2014","src":"https:\/\/i0.wp.com\/www.lilavert.com\/blog_lilavert\/wp-content\/uploads\/2013\/11\/Eric-Lacombe-AN018-50-x-65-cm-acrylic-and-pen-on-paper-1024x772.jpg?resize=350%2C200&ssl=1","width":350,"height":200,"srcset":"https:\/\/i0.wp.com\/www.lilavert.com\/blog_lilavert\/wp-content\/uploads\/2013\/11\/Eric-Lacombe-AN018-50-x-65-cm-acrylic-and-pen-on-paper-1024x772.jpg?resize=350%2C200&ssl=1 1x, https:\/\/i0.wp.com\/www.lilavert.com\/blog_lilavert\/wp-content\/uploads\/2013\/11\/Eric-Lacombe-AN018-50-x-65-cm-acrylic-and-pen-on-paper-1024x772.jpg?resize=525%2C300&ssl=1 1.5x, https:\/\/i0.wp.com\/www.lilavert.com\/blog_lilavert\/wp-content\/uploads\/2013\/11\/Eric-Lacombe-AN018-50-x-65-cm-acrylic-and-pen-on-paper-1024x772.jpg?resize=700%2C400&ssl=1 2x"},"classes":[]}],"_links":{"self":[{"href":"https:\/\/www.lilavert.com\/blog_lilavert\/wp-json\/wp\/v2\/posts\/4882"}],"collection":[{"href":"https:\/\/www.lilavert.com\/blog_lilavert\/wp-json\/wp\/v2\/posts"}],"about":[{"href":"https:\/\/www.lilavert.com\/blog_lilavert\/wp-json\/wp\/v2\/types\/post"}],"author":[{"embeddable":true,"href":"https:\/\/www.lilavert.com\/blog_lilavert\/wp-json\/wp\/v2\/users\/1"}],"replies":[{"embeddable":true,"href":"https:\/\/www.lilavert.com\/blog_lilavert\/wp-json\/wp\/v2\/comments?post=4882"}],"version-history":[{"count":0,"href":"https:\/\/www.lilavert.com\/blog_lilavert\/wp-json\/wp\/v2\/posts\/4882\/revisions"}],"wp:attachment":[{"href":"https:\/\/www.lilavert.com\/blog_lilavert\/wp-json\/wp\/v2\/media?parent=4882"}],"wp:term":[{"taxonomy":"category","embeddable":true,"href":"https:\/\/www.lilavert.com\/blog_lilavert\/wp-json\/wp\/v2\/categories?post=4882"},{"taxonomy":"post_tag","embeddable":true,"href":"https:\/\/www.lilavert.com\/blog_lilavert\/wp-json\/wp\/v2\/tags?post=4882"}],"curies":[{"name":"wp","href":"https:\/\/api.w.org\/{rel}","templated":true}]}}