{"id":481,"date":"2013-07-16T08:48:34","date_gmt":"2013-07-16T08:48:34","guid":{"rendered":"https:\/\/www.lilavert.com\/blog_lilavert\/?p=481"},"modified":"2017-11-10T15:02:55","modified_gmt":"2017-11-10T15:02:55","slug":"les-sculptures-de-nathalie-gauglin","status":"publish","type":"post","link":"https:\/\/www.lilavert.com\/blog_lilavert\/les-sculptures-de-nathalie-gauglin\/","title":{"rendered":"Les sculptures de Nathalie Gauglin"},"content":{"rendered":"<p><strong>Les sculptures de Nathalie Gauglin.<\/strong>\u00a0Bourr\u00e9es d&rsquo;\u00e9motions&#8230;<\/p>\n<blockquote><p>Les personnages de Nathalie Gauglin, ces \u00eatres de terre aux visages lunaires et pensifs, aux regards interrogatifs, nous lib\u00e8rent de nos \u00e9motions primaires.<br \/>\nUne \u00e9motion que l\u2019on emm\u00e8ne avec soi, qui se r\u00e9v\u00e8le en nous.<br \/>\nD\u2019une m\u00eame famille, comme les branches d\u2019un seul arbre, ils puisent leur force des m\u00eames racines, dans une variation sensible des sentiments humains les plus simples, les plus honn\u00eates.<br \/>\nChacun peut s\u2019y reconna\u00eetre, y projeter sa propre image.<br \/>\nAttentifs, \u00e9merveill\u00e9s, vivants\u2026 ils se chuchotent aux oreilles, se racontent des histoires\u2026<br \/>\nmais\u2026 chut\u2026 prenons le temps et laissons les, nous parler\u2026<\/p><\/blockquote>\n<ul>\n<li>Chekez <strong><a title=\"Sculpteur Nathalie Gauglin\" href=\"http:\/\/www.nathaliegauglin.com\" target=\"_blank\">son site<\/a><\/strong><\/li>\n<li>Follow\u00a0<strong><a title=\"Sculpteur Nathalie Gauglin\" href=\"https:\/\/www.facebook.com\/pages\/Nathalie-Gauglin\" target=\"_blank\">sur Facebook\u00a0<\/a><\/strong><\/li>\n<\/ul>\n<p><strong>&gt;&gt; Nathalie Gauglin &#8211; <\/strong>Exposition du <strong>3 au 22 janvier 2017<\/strong> \u00e0 la Galerie Claudine Legrand \/\u00a0Paris 6\u00e9me.<\/p>\n<p><strong>EXPO au grand Palais de Lille :<\/strong><\/p>\n<div id=\"attachment_5965\" style=\"width: 910px\" class=\"wp-caption alignnone\"><a title=\"Les sculptures de Nathalie Gauglin\" href=\"https:\/\/www.lilavert.com\/blog_lilavert\/les-sculptures-de-nathalie-gauglin\/\" rel=\"attachment wp-att-5965\"><img loading=\"lazy\" decoding=\"async\" aria-describedby=\"caption-attachment-5965\" class=\"size-full wp-image-5965\" title=\"EXPO au grand Palais de Lille - Nathalie Gauglin - sculptures\" src=\"https:\/\/www.lilavert.com\/blog_lilavert\/wp-content\/uploads\/2013\/07\/EXPO-au-grand-Palais-de-Lille.jpg\" alt=\"EXPO au grand Palais de Lille - Nathalie Gauglin - sculptures\" width=\"900\" height=\"450\" srcset=\"https:\/\/www.lilavert.com\/blog_lilavert\/wp-content\/uploads\/2013\/07\/EXPO-au-grand-Palais-de-Lille.jpg 900w, https:\/\/www.lilavert.com\/blog_lilavert\/wp-content\/uploads\/2013\/07\/EXPO-au-grand-Palais-de-Lille-150x75.jpg 150w, https:\/\/www.lilavert.com\/blog_lilavert\/wp-content\/uploads\/2013\/07\/EXPO-au-grand-Palais-de-Lille-300x150.jpg 300w, https:\/\/www.lilavert.com\/blog_lilavert\/wp-content\/uploads\/2013\/07\/EXPO-au-grand-Palais-de-Lille-400x200.jpg 400w\" sizes=\"(max-width: 900px) 100vw, 900px\" \/><\/a><\/p>\n<p id=\"caption-attachment-5965\" class=\"wp-caption-text\">EXPO au grand Palais de Lille &#8211; Nathalie Gauglin &#8211; sculptures<\/p>\n<\/div>\n","protected":false},"excerpt":{"rendered":"<p>Les sculptures de Nathalie Gauglin.\u00a0Bourr\u00e9es d&rsquo;\u00e9motions&#8230; Les personnages de Nathalie Gauglin, ces \u00eatres de terre aux visages lunaires et pensifs,<\/p>\n","protected":false},"author":1,"featured_media":0,"comment_status":"open","ping_status":"open","sticky":false,"template":"","format":"gallery","meta":{"_monsterinsights_skip_tracking":false,"_monsterinsights_sitenote_active":false,"_monsterinsights_sitenote_note":"","_monsterinsights_sitenote_category":0,"jetpack_post_was_ever_published":false,"_jetpack_newsletter_access":"","_jetpack_newsletter_tier_id":0,"footnotes":""},"categories":[39,220,1332,16,179],"tags":[24,4003,382,82,44,40,22,49,578,623,298,764,2681,608,765,25,20,1857,51,50,23],"jetpack_sharing_enabled":true,"jetpack_featured_media_url":"","jetpack_shortlink":"https:\/\/wp.me\/p6hYQX-7L","jetpack-related-posts":[{"id":8525,"url":"https:\/\/www.lilavert.com\/blog_lilavert\/patricia-broothaers-androgyn-bashful-sculptures\/","url_meta":{"origin":481,"position":0},"title":"Patricia Broothaers &#8211; androgyn and bashful sculptures","author":"LilaVert I-I","date":"12\/12\/2014","format":"gallery","excerpt":"Patricia Broothaers - androgyn and bashful sculptures.. OSerais-je pour certaines.. parler qu'elles d\u00e9gagent un \"quelquechose\" de tr\u00e8s trans\u00a0? En tout cas, une \u00e9motion pudique et tr\u00e8s parlante, un aspect \"grim\u00e9e\" tr\u00e8s particulier. (Belgium). Website","rel":"","context":"Dans &quot;art&quot;","block_context":{"text":"art","link":"https:\/\/www.lilavert.com\/blog_lilavert\/category\/art\/"},"img":{"alt_text":"Patricia Broothaers - androgyn trans sculptures","src":"https:\/\/i0.wp.com\/www.lilavert.com\/blog_lilavert\/wp-content\/uploads\/2014\/12\/Patricia-Broothaers-androgyn-and-bashful-sculptures3-680x1024.jpg?resize=350%2C200&ssl=1","width":350,"height":200,"srcset":"https:\/\/i0.wp.com\/www.lilavert.com\/blog_lilavert\/wp-content\/uploads\/2014\/12\/Patricia-Broothaers-androgyn-and-bashful-sculptures3-680x1024.jpg?resize=350%2C200&ssl=1 1x, https:\/\/i0.wp.com\/www.lilavert.com\/blog_lilavert\/wp-content\/uploads\/2014\/12\/Patricia-Broothaers-androgyn-and-bashful-sculptures3-680x1024.jpg?resize=525%2C300&ssl=1 1.5x"},"classes":[]},{"id":8295,"url":"https:\/\/www.lilavert.com\/blog_lilavert\/sculptures-figuratives-anna-kozlowska-luc\/","url_meta":{"origin":481,"position":1},"title":"Sculptures figuratives &#8211; Anna Kozlowska-luc","author":"LilaVert I-I","date":"22\/11\/2014","format":"gallery","excerpt":"Sculptures figuratives - Anna Kozlowska-luc (Pologne) Website Facebook","rel":"","context":"Dans &quot;art&quot;","block_context":{"text":"art","link":"https:\/\/www.lilavert.com\/blog_lilavert\/category\/art\/"},"img":{"alt_text":"Anna Kozlowska-luc - Sculptor ceramik (pologne)","src":"https:\/\/i0.wp.com\/www.lilavert.com\/blog_lilavert\/wp-content\/uploads\/2014\/11\/Anna-Kozlowska-luc-Sculptor-ceramik5.jpg?resize=350%2C200&ssl=1","width":350,"height":200,"srcset":"https:\/\/i0.wp.com\/www.lilavert.com\/blog_lilavert\/wp-content\/uploads\/2014\/11\/Anna-Kozlowska-luc-Sculptor-ceramik5.jpg?resize=350%2C200&ssl=1 1x, https:\/\/i0.wp.com\/www.lilavert.com\/blog_lilavert\/wp-content\/uploads\/2014\/11\/Anna-Kozlowska-luc-Sculptor-ceramik5.jpg?resize=525%2C300&ssl=1 1.5x, https:\/\/i0.wp.com\/www.lilavert.com\/blog_lilavert\/wp-content\/uploads\/2014\/11\/Anna-Kozlowska-luc-Sculptor-ceramik5.jpg?resize=700%2C400&ssl=1 2x"},"classes":[]},{"id":6703,"url":"https:\/\/www.lilavert.com\/blog_lilavert\/expressive-creatures-of-claire-palfreyman-sculptures\/","url_meta":{"origin":481,"position":2},"title":"Expressive creatures of Claire Palfreyman &#8211; Sculptures","author":"LilaVert I-I","date":"01\/04\/2014","format":"gallery","excerpt":"Expressive creatures of Claire Palfreyman - Sculptures. Born 1967 (UK) Interview here","rel":"","context":"Dans &quot;art&quot;","block_context":{"text":"art","link":"https:\/\/www.lilavert.com\/blog_lilavert\/category\/art\/"},"img":{"alt_text":"","src":"","width":0,"height":0},"classes":[]},{"id":2083,"url":"https:\/\/www.lilavert.com\/blog_lilavert\/poupees-sculptures-peintures-les-oeuvres-de-cecile-perra\/","url_meta":{"origin":481,"position":3},"title":"Poup\u00e9es, sculptures, peintures : Les oeuvres de C\u00e9cile Perra","author":"LilaVert I-I","date":"03\/05\/2013","format":"gallery","excerpt":"Poup\u00e9es, sculptures, peintures : Les oeuvres sensibles de C\u00e9cile Perra, visitez son site ou la suivre sur Facebook.\u00a0 \"Ma rencontre, dans le cadre d\u2019un atelier de peinture, avec des handicap\u00e9s mentaux adultes\u00a0dot\u00e9s d\u2019une richesse humaine et artistique admirable, m\u2019a r\u00e9v\u00e9l\u00e9 combien la spontan\u00e9it\u00e9 dans l\u2019acte de cr\u00e9er m\u2019importait. J\u2019aborde mon\u2026","rel":"","context":"Dans &quot;Artiste&quot;","block_context":{"text":"Artiste","link":"https:\/\/www.lilavert.com\/blog_lilavert\/category\/artiste-2\/"},"img":{"alt_text":"","src":"https:\/\/i0.wp.com\/www.lilavert.com\/blog_lilavert\/wp-content\/uploads\/2013\/05\/cecile-perra6.jpg?resize=350%2C200&ssl=1","width":350,"height":200,"srcset":"https:\/\/i0.wp.com\/www.lilavert.com\/blog_lilavert\/wp-content\/uploads\/2013\/05\/cecile-perra6.jpg?resize=350%2C200&ssl=1 1x, https:\/\/i0.wp.com\/www.lilavert.com\/blog_lilavert\/wp-content\/uploads\/2013\/05\/cecile-perra6.jpg?resize=525%2C300&ssl=1 1.5x"},"classes":[]},{"id":12480,"url":"https:\/\/www.lilavert.com\/blog_lilavert\/poche-studio-dolls-sculptures\/","url_meta":{"origin":481,"position":4},"title":"Poch\u00e9 Studio &#8211; Dolls sculptures","author":"LilaVert I-I","date":"21\/02\/2017","format":"gallery","excerpt":"Poch\u00e9 Studio - Dolls sculptures (USA) Dustin Poch\u00e9 est un mixed-mdeia artiste qui cr\u00e9e des sculptures, notamment des dolls. Il a suivi ses \u00e9tudes\u00a0au \"Colorado Institute of Art\". Il s'inspire de son amour pour\u00a0la \"Belle\u00a0\u00e9poque\" et de son exp\u00e9rience premi\u00e8re\u00a0\u00e0 New York o\u00f9 sa carri\u00e8re s'est d'abord dirig\u00e9 vers la\u2026","rel":"","context":"Dans &quot;art&quot;","block_context":{"text":"art","link":"https:\/\/www.lilavert.com\/blog_lilavert\/category\/art\/"},"img":{"alt_text":"Poch\u00c3\u00a9 Studio - Dolls sculpture","src":"https:\/\/i0.wp.com\/www.lilavert.com\/blog_lilavert\/wp-content\/uploads\/2017\/02\/Poch\u00c3\u00a9-Studio-Dolls-sculpture1-819x1024.jpg?resize=350%2C200&ssl=1","width":350,"height":200,"srcset":"https:\/\/i0.wp.com\/www.lilavert.com\/blog_lilavert\/wp-content\/uploads\/2017\/02\/Poch\u00c3\u00a9-Studio-Dolls-sculpture1-819x1024.jpg?resize=350%2C200&ssl=1 1x, https:\/\/i0.wp.com\/www.lilavert.com\/blog_lilavert\/wp-content\/uploads\/2017\/02\/Poch\u00c3\u00a9-Studio-Dolls-sculpture1-819x1024.jpg?resize=525%2C300&ssl=1 1.5x, https:\/\/i0.wp.com\/www.lilavert.com\/blog_lilavert\/wp-content\/uploads\/2017\/02\/Poch\u00c3\u00a9-Studio-Dolls-sculpture1-819x1024.jpg?resize=700%2C400&ssl=1 2x"},"classes":[]},{"id":11931,"url":"https:\/\/www.lilavert.com\/blog_lilavert\/pablo-hueso-sculptures-figuratives\/","url_meta":{"origin":481,"position":5},"title":"Pablo Hueso &#8211; Sculptures figuratives","author":"LilaVert I-I","date":"03\/10\/2016","format":"gallery","excerpt":"Pablo Hueso - Sculptures figuratives (Espagne) >> I LOVE your sculpture Pablo !!! \"La repr\u00e9sentation de la figure humaine est\u00a0une constante dans mon travail de conception, l'\u00eatre humain\u00a0est\u00a0une source d'inspiration, devenant le protagoniste absolu et presque unique\u00a0de\u00a0la transmission des \u00e9motions \u00e0 travers le langage du corps et de l'effort pour\u2026","rel":"","context":"Dans &quot;art&quot;","block_context":{"text":"art","link":"https:\/\/www.lilavert.com\/blog_lilavert\/category\/art\/"},"img":{"alt_text":"Pablo Hueso - Sculpture - figura-ne-342-2016","src":"https:\/\/i0.wp.com\/www.lilavert.com\/blog_lilavert\/wp-content\/uploads\/2016\/10\/Pablo-Hueso-Sculpture-Figura-Ne-342-2016.jpg?resize=350%2C200&ssl=1","width":350,"height":200,"srcset":"https:\/\/i0.wp.com\/www.lilavert.com\/blog_lilavert\/wp-content\/uploads\/2016\/10\/Pablo-Hueso-Sculpture-Figura-Ne-342-2016.jpg?resize=350%2C200&ssl=1 1x, https:\/\/i0.wp.com\/www.lilavert.com\/blog_lilavert\/wp-content\/uploads\/2016\/10\/Pablo-Hueso-Sculpture-Figura-Ne-342-2016.jpg?resize=525%2C300&ssl=1 1.5x"},"classes":[]}],"_links":{"self":[{"href":"https:\/\/www.lilavert.com\/blog_lilavert\/wp-json\/wp\/v2\/posts\/481"}],"collection":[{"href":"https:\/\/www.lilavert.com\/blog_lilavert\/wp-json\/wp\/v2\/posts"}],"about":[{"href":"https:\/\/www.lilavert.com\/blog_lilavert\/wp-json\/wp\/v2\/types\/post"}],"author":[{"embeddable":true,"href":"https:\/\/www.lilavert.com\/blog_lilavert\/wp-json\/wp\/v2\/users\/1"}],"replies":[{"embeddable":true,"href":"https:\/\/www.lilavert.com\/blog_lilavert\/wp-json\/wp\/v2\/comments?post=481"}],"version-history":[{"count":0,"href":"https:\/\/www.lilavert.com\/blog_lilavert\/wp-json\/wp\/v2\/posts\/481\/revisions"}],"wp:attachment":[{"href":"https:\/\/www.lilavert.com\/blog_lilavert\/wp-json\/wp\/v2\/media?parent=481"}],"wp:term":[{"taxonomy":"category","embeddable":true,"href":"https:\/\/www.lilavert.com\/blog_lilavert\/wp-json\/wp\/v2\/categories?post=481"},{"taxonomy":"post_tag","embeddable":true,"href":"https:\/\/www.lilavert.com\/blog_lilavert\/wp-json\/wp\/v2\/tags?post=481"}],"curies":[{"name":"wp","href":"https:\/\/api.w.org\/{rel}","templated":true}]}}