{"id":4557,"date":"2013-11-30T13:25:02","date_gmt":"2013-11-30T13:25:02","guid":{"rendered":"https:\/\/www.lilavert.com\/blog_lilavert\/?p=4557"},"modified":"2013-11-30T17:27:18","modified_gmt":"2013-11-30T17:27:18","slug":"abandoned-places-lhotel-del-salto-colombie","status":"publish","type":"post","link":"https:\/\/www.lilavert.com\/blog_lilavert\/abandoned-places-lhotel-del-salto-colombie\/","title":{"rendered":"Abandoned Places : L&rsquo;H\u00f4tel del Salto, Colombie"},"content":{"rendered":"<p><em><strong>Abandoned Places : L&rsquo;H\u00f4tel del Salto, Colombie<br \/>\n<\/strong><\/em><br \/>\n<strong>Voir\u00a0<a title=\"Les plus beaux lieux abandonn\u00e9s \u00e0 travers le monde\" href=\"http:\/\/imgur.com\/a\/D9iDC\" target=\"_blank\">Les plus beaux lieux abandonn\u00e9s \u00e0 travers le monde<\/a>,<\/strong> dont \u00e0 la fin de l&rsquo;album : \u00ab\u00a0<strong>l&rsquo;H\u00f4tel del Salto\u00a0\u00bb<\/strong>\u00a0(abandonn\u00e9 aux d\u00e9but des ann\u00e9es 1990)\u00a0que j&rsquo;ai pu \u00ab\u00a0admirer\u00a0\u00bb en Colombie, surplombant les <strong>chutes Tequendama <\/strong>(132 m\u00e8tres de haut).<br \/>\nChutes n&rsquo;\u00e9tant ni plus ni moins que l&rsquo;\u00e9vacuation des <strong>\u00e9gouts de Bogota<\/strong>.<br \/>\nUn endroit magnifique mais puant \u00e0 souhait &#8211; une mousse stagnante se d\u00e9gage en contre-bas et un nuage vaporeux s&rsquo;\u00e9l\u00e8ve vers ce grand h\u00f4tel en brique rouge.<\/p>\n<p>Pas \u00e9tonnant que celui-ci ait donc \u00e9t\u00e9 abandonn\u00e9, cet endroit est tout simplement irrespirable.<\/p>\n<div id=\"attachment_4559\" style=\"width: 640px\" class=\"wp-caption alignnone\"><a title=\"Abandoned Places : L\u2019H\u00f4tel del Salto, Colombie\" href=\"https:\/\/www.lilavert.com\/blog_lilavert\/abandoned-places-lhotel-del-salto-colombie\/\" rel=\"attachment wp-att-4559\"><img loading=\"lazy\" decoding=\"async\" aria-describedby=\"caption-attachment-4559\" class=\"size-full wp-image-4559\" title=\"Hotel del Salto - Colombie\" src=\"https:\/\/www.lilavert.com\/blog_lilavert\/wp-content\/uploads\/2013\/11\/Hotel-del-Salto-colombie.jpg\" alt=\"Hotel del Salto - Colombie\" width=\"630\" height=\"462\" srcset=\"https:\/\/www.lilavert.com\/blog_lilavert\/wp-content\/uploads\/2013\/11\/Hotel-del-Salto-colombie.jpg 630w, https:\/\/www.lilavert.com\/blog_lilavert\/wp-content\/uploads\/2013\/11\/Hotel-del-Salto-colombie-150x110.jpg 150w, https:\/\/www.lilavert.com\/blog_lilavert\/wp-content\/uploads\/2013\/11\/Hotel-del-Salto-colombie-300x220.jpg 300w, https:\/\/www.lilavert.com\/blog_lilavert\/wp-content\/uploads\/2013\/11\/Hotel-del-Salto-colombie-400x293.jpg 400w\" sizes=\"(max-width: 630px) 100vw, 630px\" \/><\/a><\/p>\n<p id=\"caption-attachment-4559\" class=\"wp-caption-text\">Hotel del Salto &#8211; Colombie<\/p>\n<\/div>\n<div id=\"attachment_4565\" style=\"width: 960px\" class=\"wp-caption alignnone\"><a title=\"Abandoned Places : L\u2019H\u00f4tel del Salto, Colombie\" href=\"https:\/\/www.lilavert.com\/blog_lilavert\/abandoned-places-lhotel-del-salto-colombie\/\" rel=\"attachment wp-att-4565\"><img loading=\"lazy\" decoding=\"async\" aria-describedby=\"caption-attachment-4565\" class=\"size-full wp-image-4565\" title=\"Hotel del Salto - colombie\" src=\"https:\/\/www.lilavert.com\/blog_lilavert\/wp-content\/uploads\/2013\/11\/Hotel-del-Salto-colombie2.jpg\" alt=\"Hotel del Salto - colombie\" width=\"950\" height=\"376\" srcset=\"https:\/\/www.lilavert.com\/blog_lilavert\/wp-content\/uploads\/2013\/11\/Hotel-del-Salto-colombie2.jpg 950w, https:\/\/www.lilavert.com\/blog_lilavert\/wp-content\/uploads\/2013\/11\/Hotel-del-Salto-colombie2-150x59.jpg 150w, https:\/\/www.lilavert.com\/blog_lilavert\/wp-content\/uploads\/2013\/11\/Hotel-del-Salto-colombie2-300x118.jpg 300w, https:\/\/www.lilavert.com\/blog_lilavert\/wp-content\/uploads\/2013\/11\/Hotel-del-Salto-colombie2-400x158.jpg 400w\" sizes=\"(max-width: 950px) 100vw, 950px\" \/><\/a><\/p>\n<p id=\"caption-attachment-4565\" class=\"wp-caption-text\">Hotel del Salto &#8211; colombie<\/p>\n<\/div>\n<div id=\"attachment_4569\" style=\"width: 1073px\" class=\"wp-caption alignnone\"><a title=\"Abandoned Places : L\u2019H\u00f4tel del Salto, Colombie\" href=\"https:\/\/www.lilavert.com\/blog_lilavert\/abandoned-places-lhotel-del-salto-colombie\/\" rel=\"attachment wp-att-4569\"><img loading=\"lazy\" decoding=\"async\" aria-describedby=\"caption-attachment-4569\" class=\"size-full wp-image-4569\" title=\"Abandoned And Hunted Hotel del Salto, Colombie\" src=\"https:\/\/www.lilavert.com\/blog_lilavert\/wp-content\/uploads\/2013\/11\/Abandoned-And-Hunted-Hotel-del-Salto.jpg\" alt=\"Abandoned And Hunted Hotel del Salto, Colombie\" width=\"1063\" height=\"1600\" srcset=\"https:\/\/www.lilavert.com\/blog_lilavert\/wp-content\/uploads\/2013\/11\/Abandoned-And-Hunted-Hotel-del-Salto.jpg 1063w, https:\/\/www.lilavert.com\/blog_lilavert\/wp-content\/uploads\/2013\/11\/Abandoned-And-Hunted-Hotel-del-Salto-99x150.jpg 99w, https:\/\/www.lilavert.com\/blog_lilavert\/wp-content\/uploads\/2013\/11\/Abandoned-And-Hunted-Hotel-del-Salto-199x300.jpg 199w, https:\/\/www.lilavert.com\/blog_lilavert\/wp-content\/uploads\/2013\/11\/Abandoned-And-Hunted-Hotel-del-Salto-680x1024.jpg 680w, https:\/\/www.lilavert.com\/blog_lilavert\/wp-content\/uploads\/2013\/11\/Abandoned-And-Hunted-Hotel-del-Salto-400x602.jpg 400w, https:\/\/www.lilavert.com\/blog_lilavert\/wp-content\/uploads\/2013\/11\/Abandoned-And-Hunted-Hotel-del-Salto-800x1204.jpg 800w\" sizes=\"(max-width: 1063px) 100vw, 1063px\" \/><\/a><\/p>\n<p id=\"caption-attachment-4569\" class=\"wp-caption-text\">Abandoned And Hunted Hotel del Salto, Colombie<\/p>\n<\/div>\n","protected":false},"excerpt":{"rendered":"<p>Abandoned Places : L&rsquo;H\u00f4tel del Salto, Colombie Voir\u00a0Les plus beaux lieux abandonn\u00e9s \u00e0 travers le monde, dont \u00e0 la fin<\/p>\n","protected":false},"author":1,"featured_media":0,"comment_status":"open","ping_status":"open","sticky":false,"template":"","format":"standard","meta":{"_monsterinsights_skip_tracking":false,"_monsterinsights_sitenote_active":false,"_monsterinsights_sitenote_note":"","_monsterinsights_sitenote_category":0,"jetpack_post_was_ever_published":false,"_jetpack_newsletter_access":"","_jetpack_newsletter_tier_id":0,"footnotes":""},"categories":[700,699,16,178],"tags":[2059,2056,2055,2058,2061,2060,2054,2062,168,664,2057,2053],"jetpack_sharing_enabled":true,"jetpack_featured_media_url":"","jetpack_shortlink":"https:\/\/wp.me\/p6hYQX-1bv","jetpack-related-posts":[{"id":3019,"url":"https:\/\/www.lilavert.com\/blog_lilavert\/amelie-les-bains-le-taureau-de-feu\/","url_meta":{"origin":4557,"position":0},"title":"AMELIE LES BAINS, Le taureau de feu..","author":"LilaVert I-I","date":"04\/09\/2013","format":"video","excerpt":"M\u00e0jr - 5 septembre : Am\u00e9lie-les-Bains : le \"toro de fuego\" annul\u00e9 Source : lindependant.fr\/2013\/09\/05\/amelie-les-bains-le-toro-de-fuego-annule Bravo \u00e0 tout ceux qui se sont mobilis\u00e9. Je reste dubitative du message de l'organisateur sur son site quant \u00e0 cette manifestation : \"Le spectacle dit \"EMBOLADA\" pr\u00e9vu pour le 7 septembre 2013 22heures est\u2026","rel":"","context":"Dans &quot;Animaux&quot;","block_context":{"text":"Animaux","link":"https:\/\/www.lilavert.com\/blog_lilavert\/category\/animaux-2\/"},"img":{"alt_text":"taureau de feu l'horreur","src":"https:\/\/i0.wp.com\/www.lilavert.com\/blog_lilavert\/wp-content\/uploads\/2013\/09\/taureau-de-feu-l-horreur.jpg?resize=350%2C200&ssl=1","width":350,"height":200,"srcset":"https:\/\/i0.wp.com\/www.lilavert.com\/blog_lilavert\/wp-content\/uploads\/2013\/09\/taureau-de-feu-l-horreur.jpg?resize=350%2C200&ssl=1 1x, https:\/\/i0.wp.com\/www.lilavert.com\/blog_lilavert\/wp-content\/uploads\/2013\/09\/taureau-de-feu-l-horreur.jpg?resize=525%2C300&ssl=1 1.5x, https:\/\/i0.wp.com\/www.lilavert.com\/blog_lilavert\/wp-content\/uploads\/2013\/09\/taureau-de-feu-l-horreur.jpg?resize=700%2C400&ssl=1 2x"},"classes":[]},{"id":5204,"url":"https:\/\/www.lilavert.com\/blog_lilavert\/anna-gradziel-au-dela-de-lappat-rance\/","url_meta":{"origin":4557,"position":1},"title":"Anna Gradziel, au del\u00e0 de l&rsquo;app\u00e2t rance&#8230;","author":"LilaVert I-I","date":"08\/01\/2014","format":"gallery","excerpt":"Il \u00e9tait une fois des histoires sensibles ou graves, impr\u00e9gn\u00e9es de solitude et d'abandon... Il \u00e9tait une fois\u00a0Anna Gradziel, au del\u00e0 de l'app\u00e2t rance... Follow on G+","rel":"","context":"Dans &quot;art&quot;","block_context":{"text":"art","link":"https:\/\/www.lilavert.com\/blog_lilavert\/category\/art\/"},"img":{"alt_text":"","src":"","width":0,"height":0},"classes":[]},{"id":842,"url":"https:\/\/www.lilavert.com\/blog_lilavert\/le-lancer-de-chats-de-lartiste-jan-fabre-belgique\/","url_meta":{"origin":4557,"position":2},"title":"Le \u00ablancer de chats\u00bb de l\u2019artiste Jan Fabre, Belgique","author":"LilaVert I-I","date":"02\/11\/2012","format":"image","excerpt":"O\u00f9 comment atteindre le summum de la connerie humaine... mais on n'est plus \u00e0 \u00e7a pr\u00e8s. Le plasticien flamand Jan Fabre, adepte de la provocation, est au coeur d\u2019une pol\u00e9mique \u00e0 la suite d\u2019une performance montrant un \u00ablancer de chats\u00bb dans l\u2019H\u00f4tel de ville d\u2019Anvers (nord de la Belgique), qui\u2026","rel":"","context":"Dans &quot;Artiste&quot;","block_context":{"text":"Artiste","link":"https:\/\/www.lilavert.com\/blog_lilavert\/category\/artiste-2\/"},"img":{"alt_text":"","src":"https:\/\/i0.wp.com\/www.lilavert.com\/blog_lilavert\/wp-content\/uploads\/2012\/11\/Lancer-artistique-de-chats-Jan-Fabre.jpg?resize=350%2C200&ssl=1","width":350,"height":200},"classes":[]},{"id":8484,"url":"https:\/\/www.lilavert.com\/blog_lilavert\/marcela-bolivar-photomanipulations\/","url_meta":{"origin":4557,"position":3},"title":"Marcela Bol\u00edvar &#8211; Photomanipulations","author":"LilaVert I-I","date":"10\/12\/2014","format":"gallery","excerpt":"Marcela Bol\u00edvar - Photomanipulations + Free HR textures ressouces to download. Young artist, Based in Cali, Colombia. Marcela is a digital artist whose passion for photography and illustration has led her to express herself through photomanipulation since 2004. During these years she has found and developed her own style, in\u2026","rel":"","context":"Dans &quot;art&quot;","block_context":{"text":"art","link":"https:\/\/www.lilavert.com\/blog_lilavert\/category\/art\/"},"img":{"alt_text":"","src":"https:\/\/i0.wp.com\/www.lilavert.com\/blog_lilavert\/wp-content\/uploads\/2014\/12\/Marcela-Bol\u00c3\u00advar-digital-art-271x300.jpg?resize=350%2C200&ssl=1","width":350,"height":200},"classes":[]},{"id":3709,"url":"https:\/\/www.lilavert.com\/blog_lilavert\/art-vegetal-and-greenbottle\/","url_meta":{"origin":4557,"position":4},"title":"Art v\u00e9g\u00e9tal and Greenbottle","author":"LilaVert I-I","date":"22\/10\/2013","format":false,"excerpt":"Art vegetal Kokedama Choco-darien and Greenbottle - vine plant in a bottle. Art v\u00e9g\u00e9tal and Greenbottle.\u00a0Joli,\u00a0Un cep de vigne abrite sa croissance lov\u00e9 dans une bouteille de vin. Re-plantable hopefully. Le Kokedama quant \u00e0 lui est un art v\u00e9g\u00e9tal n\u00e9 au Japon de la fusion de techniques ancestrales.\u00a0Bas\u00e9es sur une\u2026","rel":"","context":"Dans &quot;art&quot;","block_context":{"text":"art","link":"https:\/\/www.lilavert.com\/blog_lilavert\/category\/art\/"},"img":{"alt_text":"pied-de-vigne-en bouteille","src":"https:\/\/i0.wp.com\/www.lilavert.com\/blog_lilavert\/wp-content\/uploads\/2013\/10\/pied-de-vigne-bouteille.jpg?resize=350%2C200&ssl=1","width":350,"height":200,"srcset":"https:\/\/i0.wp.com\/www.lilavert.com\/blog_lilavert\/wp-content\/uploads\/2013\/10\/pied-de-vigne-bouteille.jpg?resize=350%2C200&ssl=1 1x, https:\/\/i0.wp.com\/www.lilavert.com\/blog_lilavert\/wp-content\/uploads\/2013\/10\/pied-de-vigne-bouteille.jpg?resize=525%2C300&ssl=1 1.5x, https:\/\/i0.wp.com\/www.lilavert.com\/blog_lilavert\/wp-content\/uploads\/2013\/10\/pied-de-vigne-bouteille.jpg?resize=700%2C400&ssl=1 2x"},"classes":[]},{"id":2811,"url":"https:\/\/www.lilavert.com\/blog_lilavert\/au-dela-des-mots-mots-dire\/","url_meta":{"origin":4557,"position":5},"title":"au del\u00e0 des mots.. mots dire.","author":"LilaVert I-I","date":"13\/08\/2013","format":"link","excerpt":"Au del\u00e0 des mots.. mots dire.\u00a0Mots Perdus.\u00a0 ...Mots dire\u00a0son blog (ou sur fb) - alias Pascal Sauvaire \/\/\/\/\/ Pour \u00e9chapper \u00e0 tes dents En embuscades depuis le jour d\u2019apr\u00e8s Je ferme les yeux pour me surprendre. Le silence doit se loger dans les blessures Qui s\u00e9parent les mots, La parole\u2026","rel":"","context":"Dans &quot;Artiste&quot;","block_context":{"text":"Artiste","link":"https:\/\/www.lilavert.com\/blog_lilavert\/category\/artiste-2\/"},"img":{"alt_text":"","src":"https:\/\/i0.wp.com\/www.lilavert.com\/blog_lilavert\/wp-content\/uploads\/2013\/08\/mots-dire.jpg?resize=350%2C200&ssl=1","width":350,"height":200},"classes":[]}],"_links":{"self":[{"href":"https:\/\/www.lilavert.com\/blog_lilavert\/wp-json\/wp\/v2\/posts\/4557"}],"collection":[{"href":"https:\/\/www.lilavert.com\/blog_lilavert\/wp-json\/wp\/v2\/posts"}],"about":[{"href":"https:\/\/www.lilavert.com\/blog_lilavert\/wp-json\/wp\/v2\/types\/post"}],"author":[{"embeddable":true,"href":"https:\/\/www.lilavert.com\/blog_lilavert\/wp-json\/wp\/v2\/users\/1"}],"replies":[{"embeddable":true,"href":"https:\/\/www.lilavert.com\/blog_lilavert\/wp-json\/wp\/v2\/comments?post=4557"}],"version-history":[{"count":0,"href":"https:\/\/www.lilavert.com\/blog_lilavert\/wp-json\/wp\/v2\/posts\/4557\/revisions"}],"wp:attachment":[{"href":"https:\/\/www.lilavert.com\/blog_lilavert\/wp-json\/wp\/v2\/media?parent=4557"}],"wp:term":[{"taxonomy":"category","embeddable":true,"href":"https:\/\/www.lilavert.com\/blog_lilavert\/wp-json\/wp\/v2\/categories?post=4557"},{"taxonomy":"post_tag","embeddable":true,"href":"https:\/\/www.lilavert.com\/blog_lilavert\/wp-json\/wp\/v2\/tags?post=4557"}],"curies":[{"name":"wp","href":"https:\/\/api.w.org\/{rel}","templated":true}]}}