{"id":4490,"date":"2013-11-21T22:01:46","date_gmt":"2013-11-21T22:01:46","guid":{"rendered":"https:\/\/www.lilavert.com\/blog_lilavert\/?p=4490"},"modified":"2013-11-21T22:07:03","modified_gmt":"2013-11-21T22:07:03","slug":"une-baleine-retrouvee-morte-avec-20-kilos-de-plastique-dans-lestomac","status":"publish","type":"post","link":"https:\/\/www.lilavert.com\/blog_lilavert\/une-baleine-retrouvee-morte-avec-20-kilos-de-plastique-dans-lestomac\/","title":{"rendered":"Une baleine retrouv\u00e9e morte avec 20 kilos de plastique dans l&rsquo;estomac"},"content":{"rendered":"<div id=\"attachment_4491\" style=\"width: 760px\" class=\"wp-caption alignnone\"><a href=\"https:\/\/www.lilavert.com\/blog_lilavert\/une-baleine-retrouvee-morte-avec-20-kilos-de-plastique-dans-lestomac\/cachalot-plastique-hollande\/\" rel=\"attachment wp-att-4491\"><img loading=\"lazy\" decoding=\"async\" aria-describedby=\"caption-attachment-4491\" class=\"size-full wp-image-4491\" title=\"Cachalot \u00e9chou\u00e9 d\u00e9but novembre 2013  \u00a9 Clarin\" src=\"https:\/\/www.lilavert.com\/blog_lilavert\/wp-content\/uploads\/2013\/11\/cachalot-plastique-Hollande.jpg\" alt=\"Cachalot \u00e9chou\u00e9 d\u00e9but novembre 2013 \u00a9 Clarin\" width=\"750\" height=\"370\" srcset=\"https:\/\/www.lilavert.com\/blog_lilavert\/wp-content\/uploads\/2013\/11\/cachalot-plastique-Hollande.jpg 750w, https:\/\/www.lilavert.com\/blog_lilavert\/wp-content\/uploads\/2013\/11\/cachalot-plastique-Hollande-150x74.jpg 150w, https:\/\/www.lilavert.com\/blog_lilavert\/wp-content\/uploads\/2013\/11\/cachalot-plastique-Hollande-300x148.jpg 300w, https:\/\/www.lilavert.com\/blog_lilavert\/wp-content\/uploads\/2013\/11\/cachalot-plastique-Hollande-400x197.jpg 400w\" sizes=\"(max-width: 750px) 100vw, 750px\" \/><\/a><\/p>\n<p id=\"caption-attachment-4491\" class=\"wp-caption-text\">Cachalot \u00e9chou\u00e9 d\u00e9but novembre 2013 \u00a9 Clarin<\/p>\n<\/div>\n<p><strong>Le plastique c&rsquo;est fantastique ! Certainement mais \u00e0 quel prix ? <\/strong>Aujourd&rsquo;hui la pollution marine est telle que nos oc\u00e9ans sont envahis d&rsquo;une v\u00e9ritable soupe de microplastiques qui se concentrent au gr\u00e9 des courants marins. Bien qu&rsquo;invisible en surface, cette pollution marine se mat\u00e9rialise \u00e9galement par la mort de centaines de milliers d&rsquo;oiseaux, de tortues et de c\u00e9tac\u00e9s comme en t\u00e9moigne ce nouvel \u00e9chouage d&rsquo;une impressionnante baleine, dont l&rsquo;estomac \u00e9tait rempli de plastique !<br \/>\nC&rsquo;est le quotidien argentin\u00a0<a href=\"http:\/\/www.clarin.com\/sociedad\/Hallan-muerta-ballena-plastico-estomago_0_1027697531.html\">Clarin qui rapporte la triste nouvelle<\/a>\u00a0: le 11 novembre 2013, une baleine de 14 m de long pour pr\u00e8s de 50 tonnes a \u00e9t\u00e9 d\u00e9couverte, \u00e9chou\u00e9e sur une plage de la c\u00f4te n\u00e9erlandaise de Helling (Pays-Bas). &#8230;\/<\/p>\n<p>Afin de mieux comprendre l&rsquo;origine de sa mort, le c\u00e9tac\u00e9 a subi une autopsie qui a mis \u00e0 jour 59 morceaux de plastique pour un poids total de 20 kg de mati\u00e8res plastiques ! Et ce ne sont pas des sacs plastiques qui constituent la majeure partie de cette effroyable d\u00e9couverte mais des morceaux constitutifs des serres agricoles utilis\u00e9es aux Pays-Bas pour cultiver notamment des tomates.\u00a0&#8230;.\/<\/p>\n<ul>\n<li><strong>Lire la suite<\/strong> sur\u00a0<a title=\"Une baleine retrouv\u00e9e morte avec 20 kilos de plastique dans l'estomac\" href=\"http:\/\/www.notre-planete.info\/actualites\/3864-baleine-echouage-plastique\" target=\"_blank\">http:\/\/www.notre-planete.info\/actualites\/3864-baleine-echouage-plastique<\/a> \/ Article de <a href=\"http:\/\/www.notre-planete.info\/services\/membres\/membre.php?id=2\">Christophe Magdelaine \/ notre-planete.info<\/a>\u00a0&#8211; Tous droits r\u00e9serv\u00e9s<\/li>\n<\/ul>\n","protected":false},"excerpt":{"rendered":"<p>Le plastique c&rsquo;est fantastique ! Certainement mais \u00e0 quel prix ? Aujourd&rsquo;hui la pollution marine est telle que nos oc\u00e9ans<\/p>\n","protected":false},"author":1,"featured_media":0,"comment_status":"open","ping_status":"open","sticky":false,"template":"","format":"video","meta":{"_monsterinsights_skip_tracking":false,"_monsterinsights_sitenote_active":false,"_monsterinsights_sitenote_note":"","_monsterinsights_sitenote_category":0,"jetpack_post_was_ever_published":false,"_jetpack_newsletter_access":"","_jetpack_newsletter_tier_id":0,"footnotes":""},"categories":[670,700,647,699,16,346,47],"tags":[1973,2008,2013,156,686,2012,2014,1286,2011,239,1649,2016,2009,723,168,2010,1310,2015],"jetpack_sharing_enabled":true,"jetpack_featured_media_url":"","jetpack_shortlink":"https:\/\/wp.me\/p6hYQX-1aq","jetpack-related-posts":[{"id":8020,"url":"https:\/\/www.lilavert.com\/blog_lilavert\/plongez-avec-darren-jew\/","url_meta":{"origin":4490,"position":0},"title":"Plongez avec Darren Jew","author":"LilaVert I-I","date":"12\/10\/2014","format":"gallery","excerpt":"Plongez avec Darren Jew ! (Australia) et d\u00e9couvrez ses photographies sous-marines exceptionnelles, notamment de baleines. Il \u00a0a travaill\u00e9 durant 8 ans pour le Parc National du Queensland. Il voyage en Australie, en Afrique, Alaska, Patagonie, ou encore en Antartique.. et shoot en canon. \/\/\/ Having been inspired to explore a\u2026","rel":"","context":"Dans &quot;Animaux&quot;","block_context":{"text":"Animaux","link":"https:\/\/www.lilavert.com\/blog_lilavert\/category\/animaux-2\/"},"img":{"alt_text":"Beautiful whales photography - Darren Jew - Australia","src":"https:\/\/i0.wp.com\/www.lilavert.com\/blog_lilavert\/wp-content\/uploads\/2014\/10\/beautiful-whales-photo-Darren-Jew2-1024x576.jpg?resize=350%2C200&ssl=1","width":350,"height":200,"srcset":"https:\/\/i0.wp.com\/www.lilavert.com\/blog_lilavert\/wp-content\/uploads\/2014\/10\/beautiful-whales-photo-Darren-Jew2-1024x576.jpg?resize=350%2C200&ssl=1 1x, https:\/\/i0.wp.com\/www.lilavert.com\/blog_lilavert\/wp-content\/uploads\/2014\/10\/beautiful-whales-photo-Darren-Jew2-1024x576.jpg?resize=525%2C300&ssl=1 1.5x, https:\/\/i0.wp.com\/www.lilavert.com\/blog_lilavert\/wp-content\/uploads\/2014\/10\/beautiful-whales-photo-Darren-Jew2-1024x576.jpg?resize=700%2C400&ssl=1 2x"},"classes":[]},{"id":5113,"url":"https:\/\/www.lilavert.com\/blog_lilavert\/fukushima-radiation-hits-san-francisco\/","url_meta":{"origin":4490,"position":1},"title":"Fukushima radiation hits San Francisco","author":"LilaVert I-I","date":"30\/12\/2013","format":"video","excerpt":"Fukushima radiation hits San Francisco. Vid\u00e9o prise \u00e0 Pacifica State Beach (Surfers Beach), California. >> Source :\u00a0topinfopost.com\/2013\/12\/26\/fukushima-radiation-hits-san-francisco\u00a0 >>\u00a0TOUS les thons rouge captur\u00e9s en Californie sont radioactifs Related post\u00a0for fukushima historic","rel":"","context":"Dans &quot;Environnement&quot;","block_context":{"text":"Environnement","link":"https:\/\/www.lilavert.com\/blog_lilavert\/category\/environnement-2\/"},"img":{"alt_text":"Fukushima radiation hits San Francisco","src":"https:\/\/i0.wp.com\/www.lilavert.com\/blog_lilavert\/wp-content\/uploads\/2013\/12\/Fukushima-radiation-hits-San-Francisco.jpeg?resize=350%2C200&ssl=1","width":350,"height":200},"classes":[]},{"id":11302,"url":"https:\/\/www.lilavert.com\/blog_lilavert\/magnifique-video-de-baleines-grises-et-leurs-bebes\/","url_meta":{"origin":4490,"position":2},"title":"Magnifique video de baleines grises et leurs b\u00e9b\u00e9s","author":"LilaVert I-I","date":"30\/04\/2016","format":"image","excerpt":"Magnifique video de baleines grises et leurs b\u00e9b\u00e9s accompagn\u00e9s d'un dauphin dans la baie de Big Sur, c\u00f4te californienne. + d'infos sur earthtouchnews.com","rel":"","context":"Dans &quot;Animaux&quot;","block_context":{"text":"Animaux","link":"https:\/\/www.lilavert.com\/blog_lilavert\/category\/animaux-2\/"},"img":{"alt_text":"video-baleines-grises-californie","src":"https:\/\/i0.wp.com\/www.lilavert.com\/blog_lilavert\/wp-content\/uploads\/2016\/04\/video-baleines-grises-californie.jpg?resize=350%2C200&ssl=1","width":350,"height":200,"srcset":"https:\/\/i0.wp.com\/www.lilavert.com\/blog_lilavert\/wp-content\/uploads\/2016\/04\/video-baleines-grises-californie.jpg?resize=350%2C200&ssl=1 1x, https:\/\/i0.wp.com\/www.lilavert.com\/blog_lilavert\/wp-content\/uploads\/2016\/04\/video-baleines-grises-californie.jpg?resize=525%2C300&ssl=1 1.5x, https:\/\/i0.wp.com\/www.lilavert.com\/blog_lilavert\/wp-content\/uploads\/2016\/04\/video-baleines-grises-californie.jpg?resize=700%2C400&ssl=1 2x, https:\/\/i0.wp.com\/www.lilavert.com\/blog_lilavert\/wp-content\/uploads\/2016\/04\/video-baleines-grises-californie.jpg?resize=1050%2C600&ssl=1 3x"},"classes":[]},{"id":8703,"url":"https:\/\/www.lilavert.com\/blog_lilavert\/lavant-projet-de-la-loi-sur-la-creation-et-le-patrimoine-fait-peu-de-cas-des-artistes-plasticiens\/","url_meta":{"origin":4490,"position":3},"title":"L\u2019avant-projet de la loi sur la cr\u00e9ation et le patrimoine fait peu de cas des artistes plasticiens","author":"LilaVert I-I","date":"15\/01\/2015","format":false,"excerpt":"L\u2019avant-projet de la loi sur la cr\u00e9ation et le patrimoine fait peu de cas des artistes plasticiens, seule mesure concr\u00e8te : la possibilit\u00e9 de b\u00e9n\u00e9ficier du RSA. Projet de loi cr\u00e9ation \/\u00a0La loi sur la cr\u00e9ation oublie les arts plastiques - par Fournol Alexis - publi\u00e9 dans\u00a0Le Journal des Arts\u2026","rel":"","context":"Dans &quot;art&quot;","block_context":{"text":"art","link":"https:\/\/www.lilavert.com\/blog_lilavert\/category\/art\/"},"img":{"alt_text":"loi art plastique","src":"https:\/\/i0.wp.com\/www.lilavert.com\/blog_lilavert\/wp-content\/uploads\/2015\/01\/loi-art-plastique.jpg?resize=350%2C200&ssl=1","width":350,"height":200},"classes":[]},{"id":2859,"url":"https:\/\/www.lilavert.com\/blog_lilavert\/la-majeure-partie-des-morts-letaient-deja-de-leur-vivant\/","url_meta":{"origin":4490,"position":4},"title":"La majeure partie des morts l&rsquo;\u00e9taient d\u00e9j\u00e0 de leur vivant.","author":"LilaVert I-I","date":"17\/08\/2013","format":"status","excerpt":"\"L'horreur, ce n'est pas la mort, mais la vie que m\u00e8nent les gens avant de rendre leur dernier soupir. Ils n'ont aucune consid\u00e9ration pour elle et ne cesse de lui pisser, de lui chier dessus. Des copulateurs sans conscience. Ils ne s'obs\u00e8dent que sur la baise, le cinoche, le fric,\u2026","rel":"","context":"Dans &quot;Litterature&quot;","block_context":{"text":"Litterature","link":"https:\/\/www.lilavert.com\/blog_lilavert\/category\/litterature-2\/"},"img":{"alt_text":"","src":"","width":0,"height":0},"classes":[]},{"id":4927,"url":"https:\/\/www.lilavert.com\/blog_lilavert\/beautiful-enchanted-dolls-marina-bychkova\/","url_meta":{"origin":4490,"position":5},"title":"Beautiful Enchanted Dolls by Marina Bychkova","author":"LilaVert I-I","date":"14\/12\/2013","format":"gallery","excerpt":"Beautiful Enchanted Dolls by Marina Bychkova. Marina Bychkova is a Russian-Canadian figurative artist and a founder of Enchanted Doll\u2122- a luxury toy label of exquisite, porcelain dolls. Marina sculpts, molds, fires, paints, strings, sews, beads, jewels, everything. et c'est beau ! Her website On Flickr On FB \u00a0","rel":"","context":"Dans &quot;art&quot;","block_context":{"text":"art","link":"https:\/\/www.lilavert.com\/blog_lilavert\/category\/art\/"},"img":{"alt_text":"Marina Bychkova - Dolls art","src":"https:\/\/i0.wp.com\/www.lilavert.com\/blog_lilavert\/wp-content\/uploads\/2013\/12\/Marina-Bychkova-Dolls-art.png?resize=350%2C200&ssl=1","width":350,"height":200,"srcset":"https:\/\/i0.wp.com\/www.lilavert.com\/blog_lilavert\/wp-content\/uploads\/2013\/12\/Marina-Bychkova-Dolls-art.png?resize=350%2C200&ssl=1 1x, https:\/\/i0.wp.com\/www.lilavert.com\/blog_lilavert\/wp-content\/uploads\/2013\/12\/Marina-Bychkova-Dolls-art.png?resize=525%2C300&ssl=1 1.5x, https:\/\/i0.wp.com\/www.lilavert.com\/blog_lilavert\/wp-content\/uploads\/2013\/12\/Marina-Bychkova-Dolls-art.png?resize=700%2C400&ssl=1 2x"},"classes":[]}],"_links":{"self":[{"href":"https:\/\/www.lilavert.com\/blog_lilavert\/wp-json\/wp\/v2\/posts\/4490"}],"collection":[{"href":"https:\/\/www.lilavert.com\/blog_lilavert\/wp-json\/wp\/v2\/posts"}],"about":[{"href":"https:\/\/www.lilavert.com\/blog_lilavert\/wp-json\/wp\/v2\/types\/post"}],"author":[{"embeddable":true,"href":"https:\/\/www.lilavert.com\/blog_lilavert\/wp-json\/wp\/v2\/users\/1"}],"replies":[{"embeddable":true,"href":"https:\/\/www.lilavert.com\/blog_lilavert\/wp-json\/wp\/v2\/comments?post=4490"}],"version-history":[{"count":0,"href":"https:\/\/www.lilavert.com\/blog_lilavert\/wp-json\/wp\/v2\/posts\/4490\/revisions"}],"wp:attachment":[{"href":"https:\/\/www.lilavert.com\/blog_lilavert\/wp-json\/wp\/v2\/media?parent=4490"}],"wp:term":[{"taxonomy":"category","embeddable":true,"href":"https:\/\/www.lilavert.com\/blog_lilavert\/wp-json\/wp\/v2\/categories?post=4490"},{"taxonomy":"post_tag","embeddable":true,"href":"https:\/\/www.lilavert.com\/blog_lilavert\/wp-json\/wp\/v2\/tags?post=4490"}],"curies":[{"name":"wp","href":"https:\/\/api.w.org\/{rel}","templated":true}]}}