{"id":3258,"date":"2013-09-15T15:20:33","date_gmt":"2013-09-15T15:20:33","guid":{"rendered":"https:\/\/www.lilavert.com\/blog_lilavert\/?p=3258"},"modified":"2013-09-15T15:22:06","modified_gmt":"2013-09-15T15:22:06","slug":"test-sigma-150-macro-f2-8-avec-et-sans-kenko-1-4-sur-charancon","status":"publish","type":"post","link":"https:\/\/www.lilavert.com\/blog_lilavert\/test-sigma-150-macro-f2-8-avec-et-sans-kenko-1-4-sur-charancon\/","title":{"rendered":"Test Sigma 150 macro F2.8 avec et sans Kenko 1.4 sur Charan\u00e7on"},"content":{"rendered":"<p>Test Sigma 150 macro F2.8 (non stabilis\u00e9)\u00a0<strong>avec et sans<\/strong> Kenko 1.4 sur un Charan\u00e7on.<\/p>\n<p>Photos faites en interieur au flash.<br \/>\nVous pouvez t\u00e9l\u00e9charger l&rsquo;image pour la voir en plus grand.<\/p>\n<p>Un petit r\u00e9sultat de Test du Sigma macro avec une note \u00e0 la <a title=\"Test et note Sigma 150 macro\" href=\"http:\/\/www.lemondedelaphoto.com\/Le-verdict,6227.html\" target=\"_blank\"><strong>hauteur de sa qualit\u00e9 optique<\/strong><\/a>.<\/p>\n<p>Outre son excellent piqu\u00e9 et sa luminosit\u00e9, cet objectif convient autant \u00e0 la prise de vue macro qu&rsquo;\u00e0 la photo portrait.<\/p>\n<p>Coupl\u00e9 au kenko 1.4, et pratiquant ce mariage depuis un moment en macro, l&rsquo;autofocus du D300 \u00e0 beaucoup de mal en prise rapproch\u00e9e et b\u00e9gaie \u00e0 souhait.<br \/>\nJe suis donc constamment en manuel pour la MAP, pas \u00e9vident en ext\u00e9rieur.<br \/>\nInconv\u00e9nient ou pas, la profondeur de champs est ultra r\u00e9duite. Je ne l&rsquo;utilise donc pas pour la prise de gouttes d&rsquo;eau par exemple. \u00e9tant donn\u00e9 qu&rsquo;il faut faire un choix : avoir le contour de la goutte net mais pas l&rsquo;interieur ou avoir l&rsquo;interieur net &#8211; tout l&rsquo;interet de la prise d&rsquo;une goutte d&rsquo;eau &#8211; mais pas le contour.<br \/>\nA noter qu&rsquo;il y a aussi une petite augmentation de bruits. je tenterais bien un test avec un D800.<\/p>\n<div id=\"attachment_3259\" style=\"width: 1087px\" class=\"wp-caption alignleft\"><a title=\"Test Sigma 150 macro F2.8 avec et sans Kenko 1.4 sur Charan\u00e7on\" href=\"https:\/\/www.lilavert.com\/blog_lilavert\/test-sigma-150-macro-f2-8-avec-et-sans-kenko-1-4-sur-charancon\/\"><img loading=\"lazy\" decoding=\"async\" aria-describedby=\"caption-attachment-3259\" class=\"alignleft size-full wp-image-3260\" title=\"Sigma 150 macro nikon\" src=\"https:\/\/www.lilavert.com\/blog_lilavert\/wp-content\/uploads\/2013\/09\/Sigma-150-macro-nikon.jpg\" alt=\"\" width=\"1077\" height=\"658\" srcset=\"https:\/\/www.lilavert.com\/blog_lilavert\/wp-content\/uploads\/2013\/09\/Sigma-150-macro-nikon.jpg 1077w, https:\/\/www.lilavert.com\/blog_lilavert\/wp-content\/uploads\/2013\/09\/Sigma-150-macro-nikon-300x183.jpg 300w, https:\/\/www.lilavert.com\/blog_lilavert\/wp-content\/uploads\/2013\/09\/Sigma-150-macro-nikon-1024x625.jpg 1024w, https:\/\/www.lilavert.com\/blog_lilavert\/wp-content\/uploads\/2013\/09\/Sigma-150-macro-nikon-400x244.jpg 400w\" sizes=\"(max-width: 1077px) 100vw, 1077px\" \/><\/a><\/p>\n<p id=\"caption-attachment-3259\" class=\"wp-caption-text\"><a title=\"Test Sigma 150 macro F2.8 avec et sans Kenko 1.4 sur Charan\u00e7on\" href=\"https:\/\/www.lilavert.com\/blog_lilavert\/test-sigma-150-macro-f2-8-avec-et-sans-kenko-1-4-sur-charancon\/\"><img loading=\"lazy\" decoding=\"async\" class=\"alignleft size-full wp-image-3261\" title=\"kenko_1-4x_pro\" src=\"https:\/\/www.lilavert.com\/blog_lilavert\/wp-content\/uploads\/2013\/09\/kenko_1-4x_pro.jpg\" alt=\"\" width=\"1077\" height=\"745\" srcset=\"https:\/\/www.lilavert.com\/blog_lilavert\/wp-content\/uploads\/2013\/09\/kenko_1-4x_pro.jpg 1077w, https:\/\/www.lilavert.com\/blog_lilavert\/wp-content\/uploads\/2013\/09\/kenko_1-4x_pro-300x207.jpg 300w, https:\/\/www.lilavert.com\/blog_lilavert\/wp-content\/uploads\/2013\/09\/kenko_1-4x_pro-1024x708.jpg 1024w, https:\/\/www.lilavert.com\/blog_lilavert\/wp-content\/uploads\/2013\/09\/kenko_1-4x_pro-400x276.jpg 400w, https:\/\/www.lilavert.com\/blog_lilavert\/wp-content\/uploads\/2013\/09\/kenko_1-4x_pro-800x553.jpg 800w\" sizes=\"(max-width: 1077px) 100vw, 1077px\" \/><\/a><a title=\"Test Sigma 150 macro F2.8 avec et sans Kenko 1.4 sur Charan\u00e7on\" href=\"https:\/\/www.lilavert.com\/blog_lilavert\/test-sigma-150-macro-f2-8-avec-et-sans-kenko-1-4-sur-charancon\/\"><img loading=\"lazy\" decoding=\"async\" class=\"size-full wp-image-3259\" title=\"test sigma 150 macro 2.8 et kenko 1.4\" src=\"https:\/\/www.lilavert.com\/blog_lilavert\/wp-content\/uploads\/2013\/09\/test-sigma-150-macro-2.8-et-kenko-1.4.jpg\" alt=\"test sigma 150 macro 2.8 et kenko 1.4\" width=\"1077\" height=\"2878\" srcset=\"https:\/\/www.lilavert.com\/blog_lilavert\/wp-content\/uploads\/2013\/09\/test-sigma-150-macro-2.8-et-kenko-1.4.jpg 1077w, https:\/\/www.lilavert.com\/blog_lilavert\/wp-content\/uploads\/2013\/09\/test-sigma-150-macro-2.8-et-kenko-1.4-112x300.jpg 112w, https:\/\/www.lilavert.com\/blog_lilavert\/wp-content\/uploads\/2013\/09\/test-sigma-150-macro-2.8-et-kenko-1.4-383x1024.jpg 383w, https:\/\/www.lilavert.com\/blog_lilavert\/wp-content\/uploads\/2013\/09\/test-sigma-150-macro-2.8-et-kenko-1.4-400x1068.jpg 400w\" sizes=\"(max-width: 1077px) 100vw, 1077px\" \/><\/a> test sigma 150 macro 2.8 et kenko 1.4<\/p>\n<\/div>\n","protected":false},"excerpt":{"rendered":"<p>Test Sigma 150 macro F2.8 (non stabilis\u00e9)\u00a0avec et sans Kenko 1.4 sur un Charan\u00e7on. Photos faites en interieur au flash.<\/p>\n","protected":false},"author":1,"featured_media":0,"comment_status":"open","ping_status":"open","sticky":false,"template":"","format":"image","meta":{"_monsterinsights_skip_tracking":false,"_monsterinsights_sitenote_active":false,"_monsterinsights_sitenote_note":"","_monsterinsights_sitenote_category":0,"jetpack_post_was_ever_published":false,"_jetpack_newsletter_access":"","_jetpack_newsletter_tier_id":0,"footnotes":""},"categories":[558,16,178,180],"tags":[1265,1263,1257,1261,505,1267,1262,1264,1259,1266,1258,1260,1170,1269,1268],"jetpack_sharing_enabled":true,"jetpack_featured_media_url":"","jetpack_shortlink":"https:\/\/wp.me\/p6hYQX-Qy","jetpack-related-posts":[{"id":2950,"url":"https:\/\/www.lilavert.com\/blog_lilavert\/coquelicots-dans-gouttes-deau\/","url_meta":{"origin":3258,"position":0},"title":"Coquelicots dans gouttes d&rsquo;eau","author":"LilaVert I-I","date":"26\/08\/2013","format":"link","excerpt":"Visitez ma galerie macro Nikon D300, Sigma 150 macro + Kenko 1.4 - {Drops poppies -\u00a0Coquelicots dans gouttes d'eau} #nikon \u00a0 #macrophotography \u00a0 #drops \u00a0 #poppyphotography \u00a0 #LilaVert","rel":"","context":"Dans &quot;LilaVert&quot;","block_context":{"text":"LilaVert","link":"https:\/\/www.lilavert.com\/blog_lilavert\/category\/lilavert\/"},"img":{"alt_text":"Coquelicots dans gouttes d'eau - Poppies drops","src":"https:\/\/i0.wp.com\/www.lilavert.com\/blog_lilavert\/wp-content\/uploads\/2013\/08\/drops-poppies_3346_3.jpg?resize=350%2C200&ssl=1","width":350,"height":200,"srcset":"https:\/\/i0.wp.com\/www.lilavert.com\/blog_lilavert\/wp-content\/uploads\/2013\/08\/drops-poppies_3346_3.jpg?resize=350%2C200&ssl=1 1x, https:\/\/i0.wp.com\/www.lilavert.com\/blog_lilavert\/wp-content\/uploads\/2013\/08\/drops-poppies_3346_3.jpg?resize=525%2C300&ssl=1 1.5x, https:\/\/i0.wp.com\/www.lilavert.com\/blog_lilavert\/wp-content\/uploads\/2013\/08\/drops-poppies_3346_3.jpg?resize=700%2C400&ssl=1 2x, https:\/\/i0.wp.com\/www.lilavert.com\/blog_lilavert\/wp-content\/uploads\/2013\/08\/drops-poppies_3346_3.jpg?resize=1050%2C600&ssl=1 3x, https:\/\/i0.wp.com\/www.lilavert.com\/blog_lilavert\/wp-content\/uploads\/2013\/08\/drops-poppies_3346_3.jpg?resize=1400%2C800&ssl=1 4x"},"classes":[]},{"id":2698,"url":"https:\/\/www.lilavert.com\/blog_lilavert\/incompatibilite-sigma-150-macro-macro-extension-tube-sans-af\/","url_meta":{"origin":3258,"position":1},"title":"Incompatibilit\u00e9 Sigma 150 macro \/ macro extension tube sans AF","author":"LilaVert I-I","date":"03\/08\/2013","format":"image","excerpt":"Incompatibilit\u00e9 Sigma 150 macro \/ macro extension tube sans AF. Tout est dans le titre. Boitier Nikon D300, Sigma 150 macro F2,8 avec un excellent piqu\u00e9, Kenko 1,4 : c'est le mat\u00e9riel que j'utilise habituellement pour faire de la macro. Par curiosit\u00e9, j'ai achet\u00e9 un tube d'extension phottix sans AF.\u2026","rel":"","context":"Dans &quot;LilaVert&quot;","block_context":{"text":"LilaVert","link":"https:\/\/www.lilavert.com\/blog_lilavert\/category\/lilavert\/"},"img":{"alt_text":"","src":"https:\/\/i0.wp.com\/www.lilavert.com\/blog_lilavert\/wp-content\/uploads\/2013\/08\/sigma-150-macro-F28.jpg?resize=350%2C200&ssl=1","width":350,"height":200,"srcset":"https:\/\/i0.wp.com\/www.lilavert.com\/blog_lilavert\/wp-content\/uploads\/2013\/08\/sigma-150-macro-F28.jpg?resize=350%2C200&ssl=1 1x, https:\/\/i0.wp.com\/www.lilavert.com\/blog_lilavert\/wp-content\/uploads\/2013\/08\/sigma-150-macro-F28.jpg?resize=525%2C300&ssl=1 1.5x"},"classes":[]},{"id":7246,"url":"https:\/\/www.lilavert.com\/blog_lilavert\/test-nikon-d610-en-basse-lumiere-iso-6400-et-maxi\/","url_meta":{"origin":3258,"position":2},"title":"Test Nikon D610 en basse lumiere \/ iso 6400 et maxi","author":"LilaVert I-I","date":"04\/07\/2014","format":false,"excerpt":"Test Nikon D610 en basse lumiere \/ iso 6400 et maxi. Condition : 1 source de lumi\u00e8re type petit halog\u00e8ne en Int\u00e9rieur. Sans Flash. Sans pied. Objectif : Sigma\u00a0150.0 mm macro - f\/2.8 Sujet :\u00a0MonTiti tr\u00e8s patient :) (Clic droit sur l\"image, ouvrir l'image dans un nouvel onglet pour la\u2026","rel":"","context":"Dans &quot;News&quot;","block_context":{"text":"News","link":"https:\/\/www.lilavert.com\/blog_lilavert\/category\/news\/"},"img":{"alt_text":"comparatif Nikon D610-D800-D700","src":"https:\/\/i0.wp.com\/www.lilavert.com\/blog_lilavert\/wp-content\/uploads\/2014\/07\/comparatif-nikonD610-D800-D700.png?resize=350%2C200&ssl=1","width":350,"height":200,"srcset":"https:\/\/i0.wp.com\/www.lilavert.com\/blog_lilavert\/wp-content\/uploads\/2014\/07\/comparatif-nikonD610-D800-D700.png?resize=350%2C200&ssl=1 1x, https:\/\/i0.wp.com\/www.lilavert.com\/blog_lilavert\/wp-content\/uploads\/2014\/07\/comparatif-nikonD610-D800-D700.png?resize=525%2C300&ssl=1 1.5x, https:\/\/i0.wp.com\/www.lilavert.com\/blog_lilavert\/wp-content\/uploads\/2014\/07\/comparatif-nikonD610-D800-D700.png?resize=700%2C400&ssl=1 2x"},"classes":[]},{"id":3133,"url":"https:\/\/www.lilavert.com\/blog_lilavert\/macro-coquelicot-blanc\/","url_meta":{"origin":3258,"position":3},"title":"Macro Coquelicot blanc","author":"LilaVert I-I","date":"10\/09\/2013","format":"image","excerpt":"Macro Coquelicot blanc. Visitez\u00a0ma galerie macro ou fleurs.","rel":"","context":"Dans &quot;LilaVert&quot;","block_context":{"text":"LilaVert","link":"https:\/\/www.lilavert.com\/blog_lilavert\/category\/lilavert\/"},"img":{"alt_text":"White poppy - coquelicot blanc \/ \u00a9LilaVert","src":"https:\/\/i0.wp.com\/www.lilavert.com\/blog_lilavert\/wp-content\/uploads\/2013\/09\/White-poppy-coquelicot-blanc_3874.jpg?resize=350%2C200&ssl=1","width":350,"height":200,"srcset":"https:\/\/i0.wp.com\/www.lilavert.com\/blog_lilavert\/wp-content\/uploads\/2013\/09\/White-poppy-coquelicot-blanc_3874.jpg?resize=350%2C200&ssl=1 1x, https:\/\/i0.wp.com\/www.lilavert.com\/blog_lilavert\/wp-content\/uploads\/2013\/09\/White-poppy-coquelicot-blanc_3874.jpg?resize=525%2C300&ssl=1 1.5x, https:\/\/i0.wp.com\/www.lilavert.com\/blog_lilavert\/wp-content\/uploads\/2013\/09\/White-poppy-coquelicot-blanc_3874.jpg?resize=700%2C400&ssl=1 2x, https:\/\/i0.wp.com\/www.lilavert.com\/blog_lilavert\/wp-content\/uploads\/2013\/09\/White-poppy-coquelicot-blanc_3874.jpg?resize=1050%2C600&ssl=1 3x, https:\/\/i0.wp.com\/www.lilavert.com\/blog_lilavert\/wp-content\/uploads\/2013\/09\/White-poppy-coquelicot-blanc_3874.jpg?resize=1400%2C800&ssl=1 4x"},"classes":[]},{"id":3518,"url":"https:\/\/www.lilavert.com\/blog_lilavert\/white-poppy-coquelicot-blanc-black-version\/","url_meta":{"origin":3258,"position":4},"title":"White poppy &#8211; coquelicot blanc \/ Black version","author":"LilaVert I-I","date":"11\/10\/2013","format":false,"excerpt":"White poppy - coquelicot blanc \/ Black version Visitez mes galeries\u00a0Macro ou fleurs.","rel":"","context":"Dans &quot;LilaVert&quot;","block_context":{"text":"LilaVert","link":"https:\/\/www.lilavert.com\/blog_lilavert\/category\/lilavert\/"},"img":{"alt_text":"White poppy - coquelicot blanc \/ Black version","src":"https:\/\/i0.wp.com\/www.lilavert.com\/blog_lilavert\/wp-content\/uploads\/2013\/10\/White-poppy-coquelicot-blc_3771-3.jpg?resize=350%2C200&ssl=1","width":350,"height":200,"srcset":"https:\/\/i0.wp.com\/www.lilavert.com\/blog_lilavert\/wp-content\/uploads\/2013\/10\/White-poppy-coquelicot-blc_3771-3.jpg?resize=350%2C200&ssl=1 1x, https:\/\/i0.wp.com\/www.lilavert.com\/blog_lilavert\/wp-content\/uploads\/2013\/10\/White-poppy-coquelicot-blc_3771-3.jpg?resize=525%2C300&ssl=1 1.5x, https:\/\/i0.wp.com\/www.lilavert.com\/blog_lilavert\/wp-content\/uploads\/2013\/10\/White-poppy-coquelicot-blc_3771-3.jpg?resize=700%2C400&ssl=1 2x"},"classes":[]},{"id":3191,"url":"https:\/\/www.lilavert.com\/blog_lilavert\/pink-spider-drops\/","url_meta":{"origin":3258,"position":5},"title":"Pink spider drops","author":"LilaVert I-I","date":"13\/09\/2013","format":"image","excerpt":"Pink spider drops \u00a9LilaVert Visitez ma galerie Macro\u00a0pour voir les photos en plus grand.","rel":"","context":"Dans &quot;LilaVert&quot;","block_context":{"text":"LilaVert","link":"https:\/\/www.lilavert.com\/blog_lilavert\/category\/lilavert\/"},"img":{"alt_text":"Pink spider drops - \u00a9LilaVert","src":"https:\/\/i0.wp.com\/www.lilavert.com\/blog_lilavert\/wp-content\/uploads\/2013\/09\/pink-spider-drops_4011-2.jpg?resize=350%2C200&ssl=1","width":350,"height":200,"srcset":"https:\/\/i0.wp.com\/www.lilavert.com\/blog_lilavert\/wp-content\/uploads\/2013\/09\/pink-spider-drops_4011-2.jpg?resize=350%2C200&ssl=1 1x, https:\/\/i0.wp.com\/www.lilavert.com\/blog_lilavert\/wp-content\/uploads\/2013\/09\/pink-spider-drops_4011-2.jpg?resize=525%2C300&ssl=1 1.5x, https:\/\/i0.wp.com\/www.lilavert.com\/blog_lilavert\/wp-content\/uploads\/2013\/09\/pink-spider-drops_4011-2.jpg?resize=700%2C400&ssl=1 2x, https:\/\/i0.wp.com\/www.lilavert.com\/blog_lilavert\/wp-content\/uploads\/2013\/09\/pink-spider-drops_4011-2.jpg?resize=1050%2C600&ssl=1 3x, https:\/\/i0.wp.com\/www.lilavert.com\/blog_lilavert\/wp-content\/uploads\/2013\/09\/pink-spider-drops_4011-2.jpg?resize=1400%2C800&ssl=1 4x"},"classes":[]}],"_links":{"self":[{"href":"https:\/\/www.lilavert.com\/blog_lilavert\/wp-json\/wp\/v2\/posts\/3258"}],"collection":[{"href":"https:\/\/www.lilavert.com\/blog_lilavert\/wp-json\/wp\/v2\/posts"}],"about":[{"href":"https:\/\/www.lilavert.com\/blog_lilavert\/wp-json\/wp\/v2\/types\/post"}],"author":[{"embeddable":true,"href":"https:\/\/www.lilavert.com\/blog_lilavert\/wp-json\/wp\/v2\/users\/1"}],"replies":[{"embeddable":true,"href":"https:\/\/www.lilavert.com\/blog_lilavert\/wp-json\/wp\/v2\/comments?post=3258"}],"version-history":[{"count":0,"href":"https:\/\/www.lilavert.com\/blog_lilavert\/wp-json\/wp\/v2\/posts\/3258\/revisions"}],"wp:attachment":[{"href":"https:\/\/www.lilavert.com\/blog_lilavert\/wp-json\/wp\/v2\/media?parent=3258"}],"wp:term":[{"taxonomy":"category","embeddable":true,"href":"https:\/\/www.lilavert.com\/blog_lilavert\/wp-json\/wp\/v2\/categories?post=3258"},{"taxonomy":"post_tag","embeddable":true,"href":"https:\/\/www.lilavert.com\/blog_lilavert\/wp-json\/wp\/v2\/tags?post=3258"}],"curies":[{"name":"wp","href":"https:\/\/api.w.org\/{rel}","templated":true}]}}