{"id":3252,"date":"2013-09-14T21:28:19","date_gmt":"2013-09-14T21:28:19","guid":{"rendered":"https:\/\/www.lilavert.com\/blog_lilavert\/?p=3252"},"modified":"2013-09-15T12:36:36","modified_gmt":"2013-09-15T12:36:36","slug":"ma-vie-en-ton-pouvoir-que-jai-crue-infinie","status":"publish","type":"post","link":"https:\/\/www.lilavert.com\/blog_lilavert\/ma-vie-en-ton-pouvoir-que-jai-crue-infinie\/","title":{"rendered":"Ma vie en ton pouvoir.. Que j\u2019ai crue infinie"},"content":{"rendered":"<div id=\"attachment_374\" style=\"width: 729px\" class=\"wp-caption alignnone\"><a title=\"Ma vie en ton pouvoir.. Que j\u2019ai crue infinie\" href=\"https:\/\/www.lilavert.com\/blog_lilavert\/ma-vie-en-ton-pouvoir-que-jai-crue-infinie\/\"><img loading=\"lazy\" decoding=\"async\" aria-describedby=\"caption-attachment-374\" class=\"size-full wp-image-374 \" title=\"Prozac [Faience brune]- Sculpture \u00a9LilaVert\" src=\"https:\/\/www.lilavert.com\/blog_lilavert\/wp-content\/uploads\/2012\/08\/PICT0010.jpg\" alt=\"Prozac [Faience brune]- Sculpture \u00a9LilaVert\" width=\"719\" height=\"935\" srcset=\"https:\/\/www.lilavert.com\/blog_lilavert\/wp-content\/uploads\/2012\/08\/PICT0010.jpg 719w, https:\/\/www.lilavert.com\/blog_lilavert\/wp-content\/uploads\/2012\/08\/PICT0010-230x300.jpg 230w, https:\/\/www.lilavert.com\/blog_lilavert\/wp-content\/uploads\/2012\/08\/PICT0010-400x520.jpg 400w\" sizes=\"(max-width: 719px) 100vw, 719px\" \/><\/a><\/p>\n<p id=\"caption-attachment-374\" class=\"wp-caption-text\">Prozac [Faience brune]- Sculpture \u00a9LilaVert<\/p>\n<\/div>\n<p>Dans mon chagrin, rien n\u2019est en mouvement<br \/>\nJ\u2019attends, personne ne viendra<br \/>\nNi de jour, ni de nuit<br \/>\nNi jamais plus de ce qui fut moi-m\u00eame<br \/>\nMa bouche s\u2019est s\u00e9par\u00e9e de ta bouche<br \/>\nMa bouche s\u2019est s\u00e9par\u00e9e du plaisir<br \/>\nEt du sens de l\u2019amour, et du sens de la vie<br \/>\nMes mains se sont s\u00e9par\u00e9es de tes mains<br \/>\nMes mains laissent tout \u00e9chapper<br \/>\nMes pieds se sont s\u00e9par\u00e9s de tes pieds<br \/>\nIls n\u2019avanceront plus, il n\u2019y a plus de route<br \/>\nIls ne conna\u00eetront plus mon poids, ni le repos<br \/>\nIl m\u2019est donn\u00e9 de voir ma vie finir<br \/>\nAvec la tienne<br \/>\nMa vie en ton pouvoir<br \/>\nQue j\u2019ai crue infinie<br \/>\nEt l\u2019avenir mon seul espoir c\u2019est mon tombeau<br \/>\nPareil au tien, cern\u00e9 d\u2019un monde indiff\u00e9rent<br \/>\nJ\u2019\u00e9tais si pr\u00e8s de toi que j\u2019ai froid pr\u00e8s des autres.<\/p>\n<p><strong>Paul Eluard<\/strong><\/p>\n","protected":false},"excerpt":{"rendered":"<p>Dans mon chagrin, rien n\u2019est en mouvement J\u2019attends, personne ne viendra Ni de jour, ni de nuit Ni jamais plus<\/p>\n","protected":false},"author":1,"featured_media":0,"comment_status":"open","ping_status":"open","sticky":false,"template":"","format":"standard","meta":{"_monsterinsights_skip_tracking":false,"_monsterinsights_sitenote_active":false,"_monsterinsights_sitenote_note":"","_monsterinsights_sitenote_category":0,"jetpack_post_was_ever_published":false,"_jetpack_newsletter_access":"","_jetpack_newsletter_tier_id":0,"footnotes":""},"categories":[220,934,818,16],"tags":[319,114,1256,78,1255,1247,1249,902,820,905,1251,1250,1253,1248,1252,1254,304],"jetpack_sharing_enabled":true,"jetpack_featured_media_url":"","jetpack_shortlink":"https:\/\/wp.me\/p6hYQX-Qs","jetpack-related-posts":[{"id":5381,"url":"https:\/\/www.lilavert.com\/blog_lilavert\/anne-je-vous-supplie-baiser-apprenez\/","url_meta":{"origin":3252,"position":0},"title":"Anne, je vous supplie, \u00e0 baiser apprenez","author":"LilaVert I-I","date":"16\/01\/2014","format":"image","excerpt":"Anne, je vous supplie, \u00e0 baiser apprenez, A baiser apprenez, Anne, je vous supplie, Car parmi les plaisirs qu'en amour on publie, Les baisers sont divins quand ils sont bien donn\u00e9s. Je suis, et comme moi plusieurs sont \u00e9tonn\u00e9s, Ayant ainsi la bouche en beaut\u00e9 accomplie, Et de si bonne\u2026","rel":"","context":"Dans &quot;Litterature&quot;","block_context":{"text":"Litterature","link":"https:\/\/www.lilavert.com\/blog_lilavert\/category\/litterature-2\/"},"img":{"alt_text":"ty_jestes_aniol_ja_jestem_trup_by_wyrazobcy on Deviantart","src":"https:\/\/i0.wp.com\/www.lilavert.com\/blog_lilavert\/wp-content\/uploads\/2014\/01\/ty_jestes_aniol_ja_jestem_trup_by_wyrazobcy.jpg?resize=350%2C200&ssl=1","width":350,"height":200,"srcset":"https:\/\/i0.wp.com\/www.lilavert.com\/blog_lilavert\/wp-content\/uploads\/2014\/01\/ty_jestes_aniol_ja_jestem_trup_by_wyrazobcy.jpg?resize=350%2C200&ssl=1 1x, https:\/\/i0.wp.com\/www.lilavert.com\/blog_lilavert\/wp-content\/uploads\/2014\/01\/ty_jestes_aniol_ja_jestem_trup_by_wyrazobcy.jpg?resize=525%2C300&ssl=1 1.5x"},"classes":[]},{"id":10470,"url":"https:\/\/www.lilavert.com\/blog_lilavert\/left-pour-une-tragedie-qui-na-pas-de-sens\/","url_meta":{"origin":3252,"position":1},"title":"L&rsquo;EFT pour une trag\u00e9die qui n&rsquo;a pas de sens","author":"LilaVert I-I","date":"15\/11\/2015","format":false,"excerpt":"L'utilisation de\u00a0L'EFT pour une trag\u00e9die qui n'a pas de sens. J'esp\u00e8re sinc\u00e8rement que cette technique, tellement efficace en cas de traumatisme - sera utilis\u00e9e dans les h\u00f4pitaux parisiens suite \u00e0 la trag\u00e9die de ce vendredi 13 novembre \u00e0 Paris. Traduction en fran\u00e7ais du texte de\u00a0Dawson Church\u00a0traduit par Liz Libbrecht. (Source\u2026","rel":"","context":"Dans &quot;News&quot;","block_context":{"text":"News","link":"https:\/\/www.lilavert.com\/blog_lilavert\/category\/news\/"},"img":{"alt_text":"EFT methode simplidi\u00c3\u00a9e en cas de tragedie","src":"https:\/\/i0.wp.com\/www.lilavert.com\/blog_lilavert\/wp-content\/uploads\/2015\/11\/EFT-methode-simplidi\u00c3\u00a9e-en-cas-de-tragedie.jpg?resize=350%2C200&ssl=1","width":350,"height":200,"srcset":"https:\/\/i0.wp.com\/www.lilavert.com\/blog_lilavert\/wp-content\/uploads\/2015\/11\/EFT-methode-simplidi\u00c3\u00a9e-en-cas-de-tragedie.jpg?resize=350%2C200&ssl=1 1x, https:\/\/i0.wp.com\/www.lilavert.com\/blog_lilavert\/wp-content\/uploads\/2015\/11\/EFT-methode-simplidi\u00c3\u00a9e-en-cas-de-tragedie.jpg?resize=525%2C300&ssl=1 1.5x"},"classes":[]},{"id":6695,"url":"https:\/\/www.lilavert.com\/blog_lilavert\/le-reve-des-italiens\/","url_meta":{"origin":3252,"position":2},"title":"Le r\u00eave des italiens&#8230; :)","author":"LilaVert I-I","date":"01\/04\/2014","format":"image","excerpt":"Uniquement pour la performance hyper-realiste de la sculpture cr\u00e9\u00e9e par 2 artistes italiens\u00a0Antonio Garullo et Mario Ottocento... \"Le r\u00eave des italiens\"... :) et le\u00a0sourire niais de Berlusconi... (expos\u00e9 \u00e0 Rome en 2012) \"Dans un cercueil de verre repose une statue de\u00a0Silvio Berlusconi, sourire en coin, cravate en bataille et pantoufles\u2026","rel":"","context":"Dans &quot;art&quot;","block_context":{"text":"art","link":"https:\/\/www.lilavert.com\/blog_lilavert\/category\/art\/"},"img":{"alt_text":"le reve des italiens - berlusconi - by Antonio Garullo et Mario Ottocento","src":"https:\/\/i0.wp.com\/www.lilavert.com\/blog_lilavert\/wp-content\/uploads\/2014\/04\/le-reve-des-italiens-berlusconi-Antonio-Garullo-et-Mario-Ottocento.jpg?resize=350%2C200&ssl=1","width":350,"height":200,"srcset":"https:\/\/i0.wp.com\/www.lilavert.com\/blog_lilavert\/wp-content\/uploads\/2014\/04\/le-reve-des-italiens-berlusconi-Antonio-Garullo-et-Mario-Ottocento.jpg?resize=350%2C200&ssl=1 1x, https:\/\/i0.wp.com\/www.lilavert.com\/blog_lilavert\/wp-content\/uploads\/2014\/04\/le-reve-des-italiens-berlusconi-Antonio-Garullo-et-Mario-Ottocento.jpg?resize=525%2C300&ssl=1 1.5x"},"classes":[]},{"id":3709,"url":"https:\/\/www.lilavert.com\/blog_lilavert\/art-vegetal-and-greenbottle\/","url_meta":{"origin":3252,"position":3},"title":"Art v\u00e9g\u00e9tal and Greenbottle","author":"LilaVert I-I","date":"22\/10\/2013","format":false,"excerpt":"Art vegetal Kokedama Choco-darien and Greenbottle - vine plant in a bottle. Art v\u00e9g\u00e9tal and Greenbottle.\u00a0Joli,\u00a0Un cep de vigne abrite sa croissance lov\u00e9 dans une bouteille de vin. Re-plantable hopefully. Le Kokedama quant \u00e0 lui est un art v\u00e9g\u00e9tal n\u00e9 au Japon de la fusion de techniques ancestrales.\u00a0Bas\u00e9es sur une\u2026","rel":"","context":"Dans &quot;art&quot;","block_context":{"text":"art","link":"https:\/\/www.lilavert.com\/blog_lilavert\/category\/art\/"},"img":{"alt_text":"pied-de-vigne-en bouteille","src":"https:\/\/i0.wp.com\/www.lilavert.com\/blog_lilavert\/wp-content\/uploads\/2013\/10\/pied-de-vigne-bouteille.jpg?resize=350%2C200&ssl=1","width":350,"height":200,"srcset":"https:\/\/i0.wp.com\/www.lilavert.com\/blog_lilavert\/wp-content\/uploads\/2013\/10\/pied-de-vigne-bouteille.jpg?resize=350%2C200&ssl=1 1x, https:\/\/i0.wp.com\/www.lilavert.com\/blog_lilavert\/wp-content\/uploads\/2013\/10\/pied-de-vigne-bouteille.jpg?resize=525%2C300&ssl=1 1.5x, https:\/\/i0.wp.com\/www.lilavert.com\/blog_lilavert\/wp-content\/uploads\/2013\/10\/pied-de-vigne-bouteille.jpg?resize=700%2C400&ssl=1 2x"},"classes":[]},{"id":1683,"url":"https:\/\/www.lilavert.com\/blog_lilavert\/doit-on-encore-croire-en-les-medias\/","url_meta":{"origin":3252,"position":4},"title":"Doit-on encore croire en les m\u00e9dias ?","author":"LilaVert I-I","date":"07\/04\/2013","format":false,"excerpt":"Un abus de Lib\u00e9ration r\u00e9vis\u00e9 comme tel dans Mediapart...\u00a0Doit-on encore croire en les m\u00e9dias ? \u00a0 Abus de Lib\u00e9ration... 07 avril 2013\u00a0Par\u00a0christian salmon \"\u00a0A la suite de l\u2019entretien que j\u2019ai accord\u00e9 \u00e0 Lib\u00e9ration le 4 avril, je tiens \u00e0 faire la mise au point suivante.\u00a0Mes propos qui se voulaient une\u2026","rel":"","context":"Dans &quot;News&quot;","block_context":{"text":"News","link":"https:\/\/www.lilavert.com\/blog_lilavert\/category\/news\/"},"img":{"alt_text":"","src":"","width":0,"height":0},"classes":[]},{"id":2811,"url":"https:\/\/www.lilavert.com\/blog_lilavert\/au-dela-des-mots-mots-dire\/","url_meta":{"origin":3252,"position":5},"title":"au del\u00e0 des mots.. mots dire.","author":"LilaVert I-I","date":"13\/08\/2013","format":"link","excerpt":"Au del\u00e0 des mots.. mots dire.\u00a0Mots Perdus.\u00a0 ...Mots dire\u00a0son blog (ou sur fb) - alias Pascal Sauvaire \/\/\/\/\/ Pour \u00e9chapper \u00e0 tes dents En embuscades depuis le jour d\u2019apr\u00e8s Je ferme les yeux pour me surprendre. Le silence doit se loger dans les blessures Qui s\u00e9parent les mots, La parole\u2026","rel":"","context":"Dans &quot;Artiste&quot;","block_context":{"text":"Artiste","link":"https:\/\/www.lilavert.com\/blog_lilavert\/category\/artiste-2\/"},"img":{"alt_text":"","src":"https:\/\/i0.wp.com\/www.lilavert.com\/blog_lilavert\/wp-content\/uploads\/2013\/08\/mots-dire.jpg?resize=350%2C200&ssl=1","width":350,"height":200},"classes":[]}],"_links":{"self":[{"href":"https:\/\/www.lilavert.com\/blog_lilavert\/wp-json\/wp\/v2\/posts\/3252"}],"collection":[{"href":"https:\/\/www.lilavert.com\/blog_lilavert\/wp-json\/wp\/v2\/posts"}],"about":[{"href":"https:\/\/www.lilavert.com\/blog_lilavert\/wp-json\/wp\/v2\/types\/post"}],"author":[{"embeddable":true,"href":"https:\/\/www.lilavert.com\/blog_lilavert\/wp-json\/wp\/v2\/users\/1"}],"replies":[{"embeddable":true,"href":"https:\/\/www.lilavert.com\/blog_lilavert\/wp-json\/wp\/v2\/comments?post=3252"}],"version-history":[{"count":0,"href":"https:\/\/www.lilavert.com\/blog_lilavert\/wp-json\/wp\/v2\/posts\/3252\/revisions"}],"wp:attachment":[{"href":"https:\/\/www.lilavert.com\/blog_lilavert\/wp-json\/wp\/v2\/media?parent=3252"}],"wp:term":[{"taxonomy":"category","embeddable":true,"href":"https:\/\/www.lilavert.com\/blog_lilavert\/wp-json\/wp\/v2\/categories?post=3252"},{"taxonomy":"post_tag","embeddable":true,"href":"https:\/\/www.lilavert.com\/blog_lilavert\/wp-json\/wp\/v2\/tags?post=3252"}],"curies":[{"name":"wp","href":"https:\/\/api.w.org\/{rel}","templated":true}]}}