{"id":3019,"date":"2013-09-04T21:33:00","date_gmt":"2013-09-04T21:33:00","guid":{"rendered":"https:\/\/www.lilavert.com\/blog_lilavert\/?p=3019"},"modified":"2018-09-30T16:26:14","modified_gmt":"2018-09-30T16:26:14","slug":"amelie-les-bains-le-taureau-de-feu","status":"publish","type":"post","link":"https:\/\/www.lilavert.com\/blog_lilavert\/amelie-les-bains-le-taureau-de-feu\/","title":{"rendered":"AMELIE LES BAINS, Le taureau de feu.."},"content":{"rendered":"<p style=\"text-align: center;\"><a href=\"https:\/\/www.lilavert.com\/blog_lilavert\/wp-content\/uploads\/2013\/09\/amelie-les-bains-taureau-en-feu.jpg\"><img loading=\"lazy\" decoding=\"async\" class=\"size-full wp-image-3020 aligncenter\" title=\"amelie les bains, taureau en feu\" src=\"https:\/\/www.lilavert.com\/blog_lilavert\/wp-content\/uploads\/2013\/09\/amelie-les-bains-taureau-en-feu.jpg\" alt=\"\" width=\"485\" height=\"327\" srcset=\"https:\/\/www.lilavert.com\/blog_lilavert\/wp-content\/uploads\/2013\/09\/amelie-les-bains-taureau-en-feu.jpg 485w, https:\/\/www.lilavert.com\/blog_lilavert\/wp-content\/uploads\/2013\/09\/amelie-les-bains-taureau-en-feu-300x202.jpg 300w, https:\/\/www.lilavert.com\/blog_lilavert\/wp-content\/uploads\/2013\/09\/amelie-les-bains-taureau-en-feu-400x269.jpg 400w\" sizes=\"(max-width: 485px) 100vw, 485px\" \/><\/a><\/p>\n<p><strong>M\u00e0jr &#8211; 5 septembre :<\/strong><\/p>\n<h3>Am\u00e9lie-les-Bains : le \u00ab\u00a0toro de fuego\u00a0\u00bb annul\u00e9<\/h3>\n<p><strong>Source :<\/strong> <a title=\"toro de feu amelie les bains\" href=\"http:\/\/www.lindependant.fr\/2013\/09\/05\/amelie-les-bains-le-toro-de-fuego-annule,1787285.php\" target=\"_blank\" rel=\"noopener\">lindependant.fr\/2013\/09\/05\/amelie-les-bains-le-toro-de-fuego-annule<\/a><\/p>\n<p><strong>Bravo \u00e0 tout ceux qui se sont mobilis\u00e9. Je reste dubitative du message de l&rsquo;organisateur sur son site quant \u00e0 cette manifestation :<\/strong><\/p>\n<p><em>\u00ab\u00a0Le spectacle dit \u00ab\u00a0EMBOLADA\u00a0\u00bb pr\u00e9vu pour le 7 septembre 2013 22heures est bien annul\u00e9.<\/em><br \/>\n<em> Nous pr\u00e9cisons par ailleurs malgr\u00e9 tout ce qui a pu \u00eatre \u00e9crit ou dit qu&rsquo;il n&rsquo;a jamais \u00e9t\u00e9 question de porter atteinte \u00e0 l&rsquo;int\u00e9grit\u00e9 physique de l&rsquo;animal.\u00a0\u00bb<\/em><\/p>\n<div>\n<p><a href=\"http:\/\/www.festibanyes.free.fr\/article.php?sid=34\" target=\"_blank\" rel=\"noopener\">Le president de Festibanyes.<\/a><\/p>\n<p>&nbsp;<\/p>\n<p><strong>Mercredi 4 septembre :<\/strong><\/p>\n<p><strong>AMELIE LES BAINS, Le taureau de feu.. La Honte !<\/strong><br \/>\n<strong>Maintenant, il est temps de se r\u00e9veiller et vite !<br \/>\nLettre type en bas du post !<br \/>\net Profitez-en pour regarder cette magnifique video et prendre conscience du monde sensible dans lequel vous vivez si cela n&rsquo;est pas encore trop tard pour vous.<\/strong><\/p>\n<p><strong><strong>Par cette manifestation, la ville d&rsquo;Am\u00e9lie les Bains en laissant jouer ce spectacle se porte hors la loi fran\u00e7aise.\u00a0<\/strong><br \/>\n<\/strong><\/p>\n<p><a href=\"http:\/\/www.lindependant.fr\/2013\/09\/04\/amelie-les-bains-l-organisation-d-un-toro-de-fuego-vivant-samedi-met-le-feu-aux-poudres-video,1787029.php\">Am\u00e9lie-les-Bains : l&rsquo;organisation d&rsquo;un \u00ab\u00a0toro de fuego\u00a0\u00bb met le feu aux poudres\/VIDEO www.lindependant.fr<br \/>\nLe spectacle pr\u00e9vu samedi \u00e0 Am\u00e9lie-les-Bains a d\u00e9clench\u00e9 de vives protestations qui se mat\u00e9rialisent sur Facebook, o\u00f9 un appel lanc\u00e9 mercredi matin a bien failli faire sauter le&#8230;<\/a><\/p>\n<p>Am\u00e9lie les bains, a french town (Catalonia) is having entertainment on saturday 7th september, including TORO DE FUEGO (embolada) !!! this spanish torture consists of setting fire on a poor bull&rsquo;s horns. The horns, the body, the eyes burn (some get blind). The suffering is unbearable and lasts for hours. The animal gets horribly stressed and tries desperately to get rid of the fire while people, having fun, harass him. PLEASE, send mails to the different adresses above. thank you for prevent this torture from happening !!<\/p>\n<div id=\"attachment_3050\" style=\"width: 778px\" class=\"wp-caption aligncenter\"><a href=\"https:\/\/www.lilavert.com\/blog_lilavert\/wp-content\/uploads\/2013\/09\/taureau-de-feu-l-horreur.jpg\"><img loading=\"lazy\" decoding=\"async\" aria-describedby=\"caption-attachment-3050\" class=\"size-full wp-image-3050 \" title=\"taureau de feu l'horreur\" src=\"https:\/\/www.lilavert.com\/blog_lilavert\/wp-content\/uploads\/2013\/09\/taureau-de-feu-l-horreur.jpg\" alt=\"taureau de feu l'horreur\" width=\"768\" height=\"544\" srcset=\"https:\/\/www.lilavert.com\/blog_lilavert\/wp-content\/uploads\/2013\/09\/taureau-de-feu-l-horreur.jpg 768w, https:\/\/www.lilavert.com\/blog_lilavert\/wp-content\/uploads\/2013\/09\/taureau-de-feu-l-horreur-300x212.jpg 300w, https:\/\/www.lilavert.com\/blog_lilavert\/wp-content\/uploads\/2013\/09\/taureau-de-feu-l-horreur-400x283.jpg 400w\" sizes=\"(max-width: 768px) 100vw, 768px\" \/><\/a><\/p>\n<p id=\"caption-attachment-3050\" class=\"wp-caption-text\">taureau de feu l&rsquo;horreur<\/p>\n<\/div>\n<p>\/\/\/<\/p>\n<p><strong>NOUVELLE CATASTROPHIQUE : MALTRAITANCE D&rsquo;UN AUTRE AGE A AMELIE LES BAINS, TORO de FUEGO VIVANT !<\/strong><\/p>\n<p>Nous avons d\u00e9couvert en lisant les informations sur les \u00ab\u00a0Festibanyes , spectacle de jeux taurins catalans anciens\u00a0\u00bb, qu&rsquo;il y aurait , cette ann\u00e9e, l&rsquo;attraction du \u00ab\u00a0toro de\u00a0fuego\u00a0\u00bb(embolada) , SAMEDI \u00a07 SEPTEMBRE, 22 H. Th\u00e9\u00e2tre de Verdure d&rsquo; AMELIE les BAINS (Pyr. Orientales). GRATUIT !<\/p>\n<p><strong>EXPLICATIONS :<\/strong> Les cornes de la b\u00eate seront enflamm\u00e9es et les hommes devront esquiver l&rsquo;animal affol\u00e9.<\/p>\n<p><strong>Les Catalans du sud ont aboli la corrida, et se battent maintenant contre le \u00ab\u00a0TORO de FUEGO\u00a0\u00bb chez eux.<\/strong><br \/>\nNe pouvant produire leur horrible spectacle en Catalogne sud, des \u00ab\u00a0emboladors\u00a0\u00bb viennent le donner en Catalogne nord !<\/p>\n<p><del>Nous vous demandons d&rsquo;intervenir (avec correction) afin de demander l&rsquo;interdiction de ces s\u00e9vices , aupr\u00e8s de :<br \/>\n&#8211; <strong>MAIRIE d&rsquo;AMELIE<\/strong> : c<br \/>\n&#8211; <strong>Mail du maire d&rsquo;Am\u00e9lie<\/strong> :<br \/>\n&#8211; <strong>OFFICE de TOURISME d&rsquo;AMELIE<\/strong> :<br \/>\n&#8211; <strong>SOUS -PREFECTURE<\/strong> ( la secr\u00e9taire) :<br \/>\n&#8211; <strong>PREFECTURE<\/strong> : s<\/del><\/p>\n<p><strong>********* EVENEMENT EN ESPAGNOL : *****<\/strong><\/p>\n<p>NOTICIA CATASTROFICA: MALTRATO ANIMAL DE OTROS TIEMPOS EN AMELIE-LES-BAINS (FRANCIA), TORO EMBOLADO!<br \/>\nHemos descubierto leyendo las informaciones en las \u00ab\u00a0Festibanyes, espect\u00e1culo de juegos taurinos catalanes antiguos)\u00a0\u00bb, donde este a\u00f1o dar\u00e1 lugar el espect\u00e1culo del \u00ab\u00a0toro embolado\u201d. Sera el s\u00e1bado, 7 de septiembre a las 22h. en el Teatro de Verdure de Amelie-les-Bains (Pirineos Orientales, Francia.) La entrada es gratuita.<br \/>\nEXPLICACI\u00d3N: Se prenden fuego a los cuernos del toro con el objetivo de que la gente esquive al animal en p\u00e1nico.<br \/>\nLos catalanes han abolido las corridas de toros y ahora est\u00e1n luchando para acabar con los \u201ccorrebous\u201d.<br \/>\nSin poder hacer su horrible espect\u00e1culo en Catalu\u00f1a, los \u201ctoros embolados\u201d vienen de dar el salto a la Catalu\u00f1a francesa.<\/p>\n<p><del>Por eso, os pedimos de intervenir (educadamente) y pedir la prohibici\u00f3n de este espect\u00e1culo, escribid o llamar a:<\/del><\/p>\n<p><del>&#8211;\u00a0<strong>MAIRIE d&rsquo;AMELIE<\/strong>\u00a0: c<br \/>\n&#8211;\u00a0<strong>Mail du maire d&rsquo;Am\u00e9lie<\/strong>\u00a0:<br \/>\n&#8211;\u00a0<strong>OFFICE de TOURISME d&rsquo;AMELIE<\/strong>\u00a0:<br \/>\n&#8211;\u00a0<strong>SOUS -PREFECTURE<\/strong>\u00a0( la secr\u00e9taire) :<br \/>\n&#8211;\u00a0<strong>PREFECTURE<\/strong>\u00a0: s<\/del><\/p>\n<p><strong>*********** EVENEMENT EN CATALAN *****<\/strong><\/p>\n<p>NOTICIA CAT\u00c0STROFICA: MALTRACTE ANIMAL D\u2019ALTRES TEMPS A AMELIE-LES-BAINS, BOU EMBOLAT!<br \/>\nAl llegir la informaci\u00f3 a la \u00ab\u00a0Festibanyes, espectacle de jocs taurins catalans antics) ens assabentem que aquest any faran l\u2019espectacle del bou embolat. Ser\u00e0 el dissabte 7 de Setembre a les 22h. al Teatre Verdure d\u2018Am\u00e8lie-les-Bains (a la Catalunya Nord), on l\u2019entrada ser\u00e0 gratu\u00efta!<br \/>\nEXPLICACI\u00d3: S\u2019encenen dues boles de foc a les banyes del toro amb l\u2019objectiu que la gent esquivi l\u2019animal en p\u00e0nic.<br \/>\nEls catalans han abolit les corrides de toros i ara estan lluitant per acabar amb els correbous.<br \/>\nSense que puguin fer l\u2019horrible espectacle a Catalunya, els \u201ctoros embolats\u201d venen de donar el salt a la Catalunya Nord.<\/p>\n<p><del>Per aix\u00f2, us demanem d\u2019intervenir (educadament) i demanar la prohibici\u00f3 d\u2019aquest espectacle, escriviu o truqueu a:<\/del><\/p>\n<p><del>&#8211;\u00a0<strong>MAIRIE d&rsquo;AMELIE<\/strong>\u00a0: c<br \/>\n&#8211;\u00a0<strong>Mail du maire d&rsquo;Am\u00e9lie<\/strong>\u00a0:<br \/>\n&#8211;\u00a0<strong>OFFICE de TOURISME d&rsquo;AMELIE<\/strong>\u00a0:<br \/>\n&#8211;\u00a0<strong>SOUS -PREFECTURE<\/strong>\u00a0( la secr\u00e9taire) :<br \/>\n&#8211;\u00a0<strong>PREFECTURE<\/strong>\u00a0: s<\/del><\/p>\n<p><strong>***** EVENEMENT EN ANGLAIS *****<\/strong><\/p>\n<p>By phone, by email and at Am\u00e9lie les Bains next Saturday<\/p>\n<p>NEW CATASTROPHE :ABUSE AT AMELIE LES BAINS, TORO of FUEGO LIVE!<\/p>\n<p>We discovered by reading the information on the \u00ab\u00a0Festibanyes, game show former Catalan bullfighting\u00a0\u00bb, there would be this year, the attraction of the \u00ab\u00a0toro<br \/>\nfuego \u00ab\u00a0(embolada), Saturday, September 7, 22 H. Verdure Theatre of Amelie les Bains (Pyr. East.) FREE!<\/p>\n<p>EXPLANATION: The horns of the animal will be set on fire and men must dodge the animal in panic .<\/p>\n<p>The Catalans of the South abolished bullfighting and are now fighting against the \u00ab\u00a0TORO of FUEGO\u00a0\u00bb in their area.<br \/>\nThey cannot produe their horrible show in Southern Catalonia the \u00ab\u00a0emboladors\u00a0\u00bb they are coming to give it to North Catalonia !<\/p>\n<p><del>We ask you to intervene (with correction) to request the prohibition of the abuse, from:<\/del><\/p>\n<p><del>&#8211;\u00a0<strong>MAIRIE d&rsquo;AMELIE<\/strong>\u00a0: c<br \/>\n&#8211;\u00a0<strong>Mail du maire d&rsquo;Am\u00e9lie<\/strong>\u00a0:<br \/>\n&#8211;\u00a0<strong>OFFICE de TOURISME d&rsquo;AMELIE<\/strong>\u00a0:<br \/>\n&#8211;\u00a0<strong>SOUS -PREFECTURE<\/strong>\u00a0( la secr\u00e9taire) :<br \/>\n&#8211;\u00a0<strong>PREFECTURE<\/strong>\u00a0: s<\/del><\/p>\n<p>&nbsp;<\/p>\n<p>&nbsp;<\/p>\n<p><strong>Lettre type \u00e0 envoyer\u00a0au pr\u00e9fet, sous-pr\u00e9fet, etc.<\/strong><\/p>\n<p>Monsieur le maire,<\/p>\n<p>J&rsquo;ai appris aujourd&rsquo;hui en lisant les informations sur les \u00a0\u00bb Festibanyes , spectacle de jeux taurins catalans anciens \u00ab\u00a0, qu&rsquo;il y aurait , cette ann\u00e9e, l&rsquo;attraction du \u00a0\u00bb toro de fuego \u00ab\u00a0( embolada) , le SAMEDI 7 SEPTEMBRE, \u00e0 22 H. au Th\u00e9\u00e2tre de Verdure d&rsquo; AMELIE les BAINS, .et que ce spectacle serait GRATUIT !!<\/p>\n<p>Vous comprendrez mon sentiment d&rsquo;horreur et de d\u00e9go\u00fbt \u00e0 la lecture de cette annonce, qui pr\u00e9tend inciter les spectateurs \u00e0 se r\u00e9jouir de la souffrance et de l&rsquo;agonie d&rsquo;une b\u00eate \u00e9pouvant\u00e9e, dont les cornes et le reste de la t\u00eate se consummeront lentement, sans qu&rsquo;elle puisse \u00e9chapper \u00e0 son supplice&#8230; comme cela se passe malheureusement, d\u00e9j\u00e0, en Espagne, chaque ann\u00e9e.<\/p>\n<p>Une telle provocation de la part du milieu tauromachique s&rsquo;av\u00e8re insupportable pour bien des Fran\u00e7ais, soucieux de pr\u00e9server leurs codes \u00e9thiques r\u00e9publicains, et RIEN ne peut justifier, \u00e0 nos yeux, qu&rsquo;on puisse &#8211; pour le seul plaisir d&rsquo;humains pervertis et d\u00e9cadents &#8211; infliger de tels s\u00e9vices, aussi cruels, \u00e0 un animal sans d\u00e9fense !<\/p>\n<p>Je vous serais donc oblig\u00e9e de faire annuler au plus VITE ce spectacle inf\u00e2me, qui souillera, non seulement votre ville et ses administr\u00e9s, mais l&rsquo;ensemble de notre nation au regard des autres pays civilis\u00e9s&#8230;<\/p>\n<p>Bien cordialement,<\/p>\n<p>&#8230;<\/p>\n<p><strong>&gt;&gt;&gt;\u00a0<a title=\"Le taureau de feu, p\u00e9tition\" href=\"http:\/\/www.petitions-solidaires.com\/toutes-les-petitions\/non-au-toro-de-fuego\/\" target=\"_blank\" rel=\"noopener\">Signez la PETITION !<\/a><\/strong><\/p>\n<\/div>\n","protected":false},"excerpt":{"rendered":"<p>M\u00e0jr &#8211; 5 septembre : Am\u00e9lie-les-Bains : le \u00ab\u00a0toro de fuego\u00a0\u00bb annul\u00e9 Source : lindependant.fr\/2013\/09\/05\/amelie-les-bains-le-toro-de-fuego-annule Bravo \u00e0 tout ceux qui<\/p>\n","protected":false},"author":1,"featured_media":0,"comment_status":"open","ping_status":"open","sticky":false,"template":"","format":"video","meta":{"_monsterinsights_skip_tracking":false,"_monsterinsights_sitenote_active":false,"_monsterinsights_sitenote_note":"","_monsterinsights_sitenote_category":0,"jetpack_post_was_ever_published":false,"_jetpack_newsletter_access":"","_jetpack_newsletter_tier_id":0,"footnotes":""},"categories":[670,700,647,699,16,47],"tags":[1072,1085,306,1086,1082,1083,59,1076,1089,1088,1081,194,1087,1084,51,1077,140,1075,1080,1073,1078,1074,1079],"jetpack_sharing_enabled":true,"jetpack_featured_media_url":"","jetpack_shortlink":"https:\/\/wp.me\/p6hYQX-MH","jetpack-related-posts":[{"id":8880,"url":"https:\/\/www.lilavert.com\/blog_lilavert\/felieke-van-der-leest-jewelry\/","url_meta":{"origin":3019,"position":0},"title":"Felieke van der Leest &#8211; Jewelry","author":"LilaVert I-I","date":"21\/02\/2015","format":"gallery","excerpt":"Felieke van der Leest - Jewelry\u00a0designer (Netherlands) \"When I am working with colours, I feel like a painter. When I am working with metal, I feel like a constructor. And when I am working with toys, I feel like a child.\" Website Facebook","rel":"","context":"Dans &quot;art&quot;","block_context":{"text":"art","link":"https:\/\/www.lilavert.com\/blog_lilavert\/category\/art\/"},"img":{"alt_text":"Felieke van der Leest - Jewelry toro","src":"https:\/\/i0.wp.com\/www.lilavert.com\/blog_lilavert\/wp-content\/uploads\/2015\/02\/Felieke-van-der-Leest-Jewelry-toro.jpg?resize=350%2C200&ssl=1","width":350,"height":200,"srcset":"https:\/\/i0.wp.com\/www.lilavert.com\/blog_lilavert\/wp-content\/uploads\/2015\/02\/Felieke-van-der-Leest-Jewelry-toro.jpg?resize=350%2C200&ssl=1 1x, https:\/\/i0.wp.com\/www.lilavert.com\/blog_lilavert\/wp-content\/uploads\/2015\/02\/Felieke-van-der-Leest-Jewelry-toro.jpg?resize=525%2C300&ssl=1 1.5x, https:\/\/i0.wp.com\/www.lilavert.com\/blog_lilavert\/wp-content\/uploads\/2015\/02\/Felieke-van-der-Leest-Jewelry-toro.jpg?resize=700%2C400&ssl=1 2x"},"classes":[]},{"id":5654,"url":"https:\/\/www.lilavert.com\/blog_lilavert\/sculptures-du-ceramiste-animaliers-gaynor-ostinelli\/","url_meta":{"origin":3019,"position":1},"title":"Sculptures du Ceramiste animaliers Gaynor Ostinelli","author":"LilaVert I-I","date":"27\/01\/2014","format":"gallery","excerpt":"Sculptures du Ceramiste animaliers Gaynor Ostinelli (England). Tres bel art animalier, tres expressif et un tres beau travail du pigment. Visitez son site et Follow on FB","rel":"","context":"Dans &quot;Animaux&quot;","block_context":{"text":"Animaux","link":"https:\/\/www.lilavert.com\/blog_lilavert\/category\/animaux-2\/"},"img":{"alt_text":"Minotaur sculpture - Ostinelli details","src":"https:\/\/i0.wp.com\/www.lilavert.com\/blog_lilavert\/wp-content\/uploads\/2014\/01\/Minotaur-sculpture-Ostinelli-1024x683.jpg?resize=350%2C200&ssl=1","width":350,"height":200,"srcset":"https:\/\/i0.wp.com\/www.lilavert.com\/blog_lilavert\/wp-content\/uploads\/2014\/01\/Minotaur-sculpture-Ostinelli-1024x683.jpg?resize=350%2C200&ssl=1 1x, https:\/\/i0.wp.com\/www.lilavert.com\/blog_lilavert\/wp-content\/uploads\/2014\/01\/Minotaur-sculpture-Ostinelli-1024x683.jpg?resize=525%2C300&ssl=1 1.5x, https:\/\/i0.wp.com\/www.lilavert.com\/blog_lilavert\/wp-content\/uploads\/2014\/01\/Minotaur-sculpture-Ostinelli-1024x683.jpg?resize=700%2C400&ssl=1 2x"},"classes":[]},{"id":8224,"url":"https:\/\/www.lilavert.com\/blog_lilavert\/awsome-mixed-media-sculptures-kris-kuksi\/","url_meta":{"origin":3019,"position":2},"title":"AWSOME Mixed media sculptures of Kris Kuksi","author":"LilaVert I-I","date":"13\/11\/2014","format":"gallery","excerpt":"AWSOME Mixed media sculptures of Kris Kuksi et le mot est faible face \u00e0 son imagination, des d\u00e9tails et de la technique ! (Born 1973, in Springfield Missouri and growing up in neighboring Kansas) A post-industrial Rococo master, Kris Kuksi obsessively arranges characters and architecture in asymmetric compositions with an\u2026","rel":"","context":"Dans &quot;art&quot;","block_context":{"text":"art","link":"https:\/\/www.lilavert.com\/blog_lilavert\/category\/art\/"},"img":{"alt_text":"Kris Kuksi - Dharma Bovine - sculpture","src":"https:\/\/i0.wp.com\/www.lilavert.com\/blog_lilavert\/wp-content\/uploads\/2014\/11\/Kris-Kuksi-Dharma-Bovine-sculpture.png?resize=350%2C200&ssl=1","width":350,"height":200,"srcset":"https:\/\/i0.wp.com\/www.lilavert.com\/blog_lilavert\/wp-content\/uploads\/2014\/11\/Kris-Kuksi-Dharma-Bovine-sculpture.png?resize=350%2C200&ssl=1 1x, https:\/\/i0.wp.com\/www.lilavert.com\/blog_lilavert\/wp-content\/uploads\/2014\/11\/Kris-Kuksi-Dharma-Bovine-sculpture.png?resize=525%2C300&ssl=1 1.5x, https:\/\/i0.wp.com\/www.lilavert.com\/blog_lilavert\/wp-content\/uploads\/2014\/11\/Kris-Kuksi-Dharma-Bovine-sculpture.png?resize=700%2C400&ssl=1 2x, https:\/\/i0.wp.com\/www.lilavert.com\/blog_lilavert\/wp-content\/uploads\/2014\/11\/Kris-Kuksi-Dharma-Bovine-sculpture.png?resize=1050%2C600&ssl=1 3x"},"classes":[]},{"id":2862,"url":"https:\/\/www.lilavert.com\/blog_lilavert\/il-sent-que-sa-porte-est-grande-ouverte-alors-que-la-leur-sentrebaille-a-peine\/","url_meta":{"origin":3019,"position":3},"title":"Il sent que sa porte est grande ouverte alors que la leur s\u2019entreb\u00e2ille \u00e0 peine.","author":"LilaVert I-I","date":"19\/08\/2013","format":"link","excerpt":"Mauvaise journ\u00e9e. Genoux \u00e9gratign\u00e9s. Rires m\u00e9chants de la rousse laiteuse. Frissons au creux du ventre. Elle se bidonne, elle se tortille. Il grimace sous ce visage hilare. Et encore, grelots de rire derri\u00e8re lui. Alors l\u2019horizon est comme un gouffre. De toute fa\u00e7on, la maison est aussi d\u00e9glingu\u00e9e que la\u2026","rel":"","context":"Dans &quot;Litterature&quot;","block_context":{"text":"Litterature","link":"https:\/\/www.lilavert.com\/blog_lilavert\/category\/litterature-2\/"},"img":{"alt_text":"","src":"https:\/\/i0.wp.com\/www.lilavert.com\/blog_lilavert\/wp-content\/uploads\/2013\/08\/Hugo-Urlacher.jpg?resize=350%2C200&ssl=1","width":350,"height":200,"srcset":"https:\/\/i0.wp.com\/www.lilavert.com\/blog_lilavert\/wp-content\/uploads\/2013\/08\/Hugo-Urlacher.jpg?resize=350%2C200&ssl=1 1x, https:\/\/i0.wp.com\/www.lilavert.com\/blog_lilavert\/wp-content\/uploads\/2013\/08\/Hugo-Urlacher.jpg?resize=525%2C300&ssl=1 1.5x, https:\/\/i0.wp.com\/www.lilavert.com\/blog_lilavert\/wp-content\/uploads\/2013\/08\/Hugo-Urlacher.jpg?resize=700%2C400&ssl=1 2x"},"classes":[]},{"id":5180,"url":"https:\/\/www.lilavert.com\/blog_lilavert\/alberto-bustos-ceramiste-de-talent\/","url_meta":{"origin":3019,"position":4},"title":"Alberto Bustos &#8211; Ceramiste de Talent !","author":"LilaVert I-I","date":"08\/01\/2014","format":"gallery","excerpt":"Alberto Bustos - Ceramiste de Talent !\u00a0(Espagne) D\u00e9couvrez ses magnifiques sculptures ! Website Follow on FB","rel":"","context":"Dans &quot;art&quot;","block_context":{"text":"art","link":"https:\/\/www.lilavert.com\/blog_lilavert\/category\/art\/"},"img":{"alt_text":"","src":"","width":0,"height":0},"classes":[]},{"id":5438,"url":"https:\/\/www.lilavert.com\/blog_lilavert\/peter-gronquist-victimes-et-predateurs\/","url_meta":{"origin":3019,"position":5},"title":"Peter Gronquist, victimes et pr\u00e9dateurs","author":"LilaVert I-I","date":"20\/01\/2014","format":"gallery","excerpt":"Sculpteur taxidermiste \u00a0(et oui encore un) et peintre\u00a0- Peter Gronquist m\u00e8le victimes et pr\u00e9dateurs dans ses oeuvres. Il essaie d'\u00e9viter toute \u00a0interpr\u00e9tation facile (et c'est pas gagn\u00e9), et ne donne pas d'explications pr\u00e9cises des sculptures qu'il cr\u00e9\u00e9. Dans un style N\u00e9o-baroque - Or dor\u00e9 et ultra-brillance, il s'attaque \u00e0 l'hyper-am\u00e9ricanisme\u2026","rel":"","context":"Dans &quot;Animaux&quot;","block_context":{"text":"Animaux","link":"https:\/\/www.lilavert.com\/blog_lilavert\/category\/animaux-2\/"},"img":{"alt_text":"","src":"","width":0,"height":0},"classes":[]}],"_links":{"self":[{"href":"https:\/\/www.lilavert.com\/blog_lilavert\/wp-json\/wp\/v2\/posts\/3019"}],"collection":[{"href":"https:\/\/www.lilavert.com\/blog_lilavert\/wp-json\/wp\/v2\/posts"}],"about":[{"href":"https:\/\/www.lilavert.com\/blog_lilavert\/wp-json\/wp\/v2\/types\/post"}],"author":[{"embeddable":true,"href":"https:\/\/www.lilavert.com\/blog_lilavert\/wp-json\/wp\/v2\/users\/1"}],"replies":[{"embeddable":true,"href":"https:\/\/www.lilavert.com\/blog_lilavert\/wp-json\/wp\/v2\/comments?post=3019"}],"version-history":[{"count":0,"href":"https:\/\/www.lilavert.com\/blog_lilavert\/wp-json\/wp\/v2\/posts\/3019\/revisions"}],"wp:attachment":[{"href":"https:\/\/www.lilavert.com\/blog_lilavert\/wp-json\/wp\/v2\/media?parent=3019"}],"wp:term":[{"taxonomy":"category","embeddable":true,"href":"https:\/\/www.lilavert.com\/blog_lilavert\/wp-json\/wp\/v2\/categories?post=3019"},{"taxonomy":"post_tag","embeddable":true,"href":"https:\/\/www.lilavert.com\/blog_lilavert\/wp-json\/wp\/v2\/tags?post=3019"}],"curies":[{"name":"wp","href":"https:\/\/api.w.org\/{rel}","templated":true}]}}