{"id":2950,"date":"2013-08-26T17:47:51","date_gmt":"2013-08-26T17:47:51","guid":{"rendered":"https:\/\/www.lilavert.com\/blog_lilavert\/?p=2950"},"modified":"2013-08-26T17:47:51","modified_gmt":"2013-08-26T17:47:51","slug":"coquelicots-dans-gouttes-deau","status":"publish","type":"post","link":"https:\/\/www.lilavert.com\/blog_lilavert\/coquelicots-dans-gouttes-deau\/","title":{"rendered":"Coquelicots dans gouttes d&rsquo;eau"},"content":{"rendered":"<p><a title=\"Gallerie macrophotographie LilaVert\" href=\"https:\/\/www.lilavert.com\/blog_lilavert\/gallerie-1\/macro\/\"><strong>Visitez ma galerie macro<\/strong><\/a><br \/>\nNikon D300, Sigma 150 macro + Kenko 1.4 &#8211; {Drops poppies &#8211;\u00a0Coquelicots dans gouttes d&rsquo;eau}<br \/>\n#nikon \u00a0 #macrophotography \u00a0 #drops \u00a0 #poppyphotography \u00a0 #LilaVert<\/p>\n<div id=\"attachment_2951\" style=\"width: 1427px\" class=\"wp-caption alignleft\"><a title=\"Macrophotographies, coquelicots dans gouttes d'eau\" href=\"https:\/\/www.lilavert.com\/blog_lilavert\/gallerie-1\/macro\/\"><img loading=\"lazy\" decoding=\"async\" aria-describedby=\"caption-attachment-2951\" class=\"size-full wp-image-2951\" title=\"Coquelicots dans gouttes d'eau - Poppies drops\" src=\"https:\/\/www.lilavert.com\/blog_lilavert\/wp-content\/uploads\/2013\/08\/drops-poppies_3346_3.jpg\" alt=\"Coquelicots dans gouttes d'eau - Poppies drops\" width=\"1417\" height=\"876\" srcset=\"https:\/\/www.lilavert.com\/blog_lilavert\/wp-content\/uploads\/2013\/08\/drops-poppies_3346_3.jpg 1417w, https:\/\/www.lilavert.com\/blog_lilavert\/wp-content\/uploads\/2013\/08\/drops-poppies_3346_3-300x185.jpg 300w, https:\/\/www.lilavert.com\/blog_lilavert\/wp-content\/uploads\/2013\/08\/drops-poppies_3346_3-1024x633.jpg 1024w, https:\/\/www.lilavert.com\/blog_lilavert\/wp-content\/uploads\/2013\/08\/drops-poppies_3346_3-400x247.jpg 400w, https:\/\/www.lilavert.com\/blog_lilavert\/wp-content\/uploads\/2013\/08\/drops-poppies_3346_3-800x495.jpg 800w\" sizes=\"(max-width: 1417px) 100vw, 1417px\" \/><\/a><\/p>\n<p id=\"caption-attachment-2951\" class=\"wp-caption-text\">Coquelicots dans gouttes d&rsquo;eau &#8211; Poppies drops<\/p>\n<\/div>\n","protected":false},"excerpt":{"rendered":"<p>Visitez ma galerie macro Nikon D300, Sigma 150 macro + Kenko 1.4 &#8211; {Drops poppies &#8211;\u00a0Coquelicots dans gouttes d&rsquo;eau} #nikon<\/p>\n","protected":false},"author":1,"featured_media":0,"comment_status":"open","ping_status":"open","sticky":false,"template":"","format":"link","meta":{"_monsterinsights_skip_tracking":false,"_monsterinsights_sitenote_active":false,"_monsterinsights_sitenote_note":"","_monsterinsights_sitenote_category":0,"jetpack_post_was_ever_published":false,"_jetpack_newsletter_access":"","_jetpack_newsletter_tier_id":0,"footnotes":""},"categories":[558,207,16,178],"tags":[1008,1009,1011,1010,4012,4007,839,52,19,182,555,556,836],"jetpack_sharing_enabled":true,"jetpack_featured_media_url":"","jetpack_shortlink":"https:\/\/wp.me\/p6hYQX-LA","jetpack-related-posts":[{"id":3133,"url":"https:\/\/www.lilavert.com\/blog_lilavert\/macro-coquelicot-blanc\/","url_meta":{"origin":2950,"position":0},"title":"Macro Coquelicot blanc","author":"LilaVert I-I","date":"10\/09\/2013","format":"image","excerpt":"Macro Coquelicot blanc. Visitez\u00a0ma galerie macro ou fleurs.","rel":"","context":"Dans &quot;LilaVert&quot;","block_context":{"text":"LilaVert","link":"https:\/\/www.lilavert.com\/blog_lilavert\/category\/lilavert\/"},"img":{"alt_text":"White poppy - coquelicot blanc \/ \u00a9LilaVert","src":"https:\/\/i0.wp.com\/www.lilavert.com\/blog_lilavert\/wp-content\/uploads\/2013\/09\/White-poppy-coquelicot-blanc_3874.jpg?resize=350%2C200&ssl=1","width":350,"height":200,"srcset":"https:\/\/i0.wp.com\/www.lilavert.com\/blog_lilavert\/wp-content\/uploads\/2013\/09\/White-poppy-coquelicot-blanc_3874.jpg?resize=350%2C200&ssl=1 1x, https:\/\/i0.wp.com\/www.lilavert.com\/blog_lilavert\/wp-content\/uploads\/2013\/09\/White-poppy-coquelicot-blanc_3874.jpg?resize=525%2C300&ssl=1 1.5x, https:\/\/i0.wp.com\/www.lilavert.com\/blog_lilavert\/wp-content\/uploads\/2013\/09\/White-poppy-coquelicot-blanc_3874.jpg?resize=700%2C400&ssl=1 2x, https:\/\/i0.wp.com\/www.lilavert.com\/blog_lilavert\/wp-content\/uploads\/2013\/09\/White-poppy-coquelicot-blanc_3874.jpg?resize=1050%2C600&ssl=1 3x, https:\/\/i0.wp.com\/www.lilavert.com\/blog_lilavert\/wp-content\/uploads\/2013\/09\/White-poppy-coquelicot-blanc_3874.jpg?resize=1400%2C800&ssl=1 4x"},"classes":[]},{"id":3258,"url":"https:\/\/www.lilavert.com\/blog_lilavert\/test-sigma-150-macro-f2-8-avec-et-sans-kenko-1-4-sur-charancon\/","url_meta":{"origin":2950,"position":1},"title":"Test Sigma 150 macro F2.8 avec et sans Kenko 1.4 sur Charan\u00e7on","author":"LilaVert I-I","date":"15\/09\/2013","format":"image","excerpt":"Test Sigma 150 macro F2.8 (non stabilis\u00e9)\u00a0avec et sans Kenko 1.4 sur un Charan\u00e7on. Photos faites en interieur au flash. Vous pouvez t\u00e9l\u00e9charger l'image pour la voir en plus grand. Un petit r\u00e9sultat de Test du Sigma macro avec une note \u00e0 la hauteur de sa qualit\u00e9 optique. Outre son\u2026","rel":"","context":"Dans &quot;LilaVert&quot;","block_context":{"text":"LilaVert","link":"https:\/\/www.lilavert.com\/blog_lilavert\/category\/lilavert\/"},"img":{"alt_text":"","src":"https:\/\/i0.wp.com\/www.lilavert.com\/blog_lilavert\/wp-content\/uploads\/2013\/09\/kenko_1-4x_pro.jpg?resize=350%2C200&ssl=1","width":350,"height":200,"srcset":"https:\/\/i0.wp.com\/www.lilavert.com\/blog_lilavert\/wp-content\/uploads\/2013\/09\/kenko_1-4x_pro.jpg?resize=350%2C200&ssl=1 1x, https:\/\/i0.wp.com\/www.lilavert.com\/blog_lilavert\/wp-content\/uploads\/2013\/09\/kenko_1-4x_pro.jpg?resize=525%2C300&ssl=1 1.5x, https:\/\/i0.wp.com\/www.lilavert.com\/blog_lilavert\/wp-content\/uploads\/2013\/09\/kenko_1-4x_pro.jpg?resize=700%2C400&ssl=1 2x, https:\/\/i0.wp.com\/www.lilavert.com\/blog_lilavert\/wp-content\/uploads\/2013\/09\/kenko_1-4x_pro.jpg?resize=1050%2C600&ssl=1 3x"},"classes":[]},{"id":3191,"url":"https:\/\/www.lilavert.com\/blog_lilavert\/pink-spider-drops\/","url_meta":{"origin":2950,"position":2},"title":"Pink spider drops","author":"LilaVert I-I","date":"13\/09\/2013","format":"image","excerpt":"Pink spider drops \u00a9LilaVert Visitez ma galerie Macro\u00a0pour voir les photos en plus grand.","rel":"","context":"Dans &quot;LilaVert&quot;","block_context":{"text":"LilaVert","link":"https:\/\/www.lilavert.com\/blog_lilavert\/category\/lilavert\/"},"img":{"alt_text":"Pink spider drops - \u00a9LilaVert","src":"https:\/\/i0.wp.com\/www.lilavert.com\/blog_lilavert\/wp-content\/uploads\/2013\/09\/pink-spider-drops_4011-2.jpg?resize=350%2C200&ssl=1","width":350,"height":200,"srcset":"https:\/\/i0.wp.com\/www.lilavert.com\/blog_lilavert\/wp-content\/uploads\/2013\/09\/pink-spider-drops_4011-2.jpg?resize=350%2C200&ssl=1 1x, https:\/\/i0.wp.com\/www.lilavert.com\/blog_lilavert\/wp-content\/uploads\/2013\/09\/pink-spider-drops_4011-2.jpg?resize=525%2C300&ssl=1 1.5x, https:\/\/i0.wp.com\/www.lilavert.com\/blog_lilavert\/wp-content\/uploads\/2013\/09\/pink-spider-drops_4011-2.jpg?resize=700%2C400&ssl=1 2x, https:\/\/i0.wp.com\/www.lilavert.com\/blog_lilavert\/wp-content\/uploads\/2013\/09\/pink-spider-drops_4011-2.jpg?resize=1050%2C600&ssl=1 3x, https:\/\/i0.wp.com\/www.lilavert.com\/blog_lilavert\/wp-content\/uploads\/2013\/09\/pink-spider-drops_4011-2.jpg?resize=1400%2C800&ssl=1 4x"},"classes":[]},{"id":2698,"url":"https:\/\/www.lilavert.com\/blog_lilavert\/incompatibilite-sigma-150-macro-macro-extension-tube-sans-af\/","url_meta":{"origin":2950,"position":3},"title":"Incompatibilit\u00e9 Sigma 150 macro \/ macro extension tube sans AF","author":"LilaVert I-I","date":"03\/08\/2013","format":"image","excerpt":"Incompatibilit\u00e9 Sigma 150 macro \/ macro extension tube sans AF. Tout est dans le titre. Boitier Nikon D300, Sigma 150 macro F2,8 avec un excellent piqu\u00e9, Kenko 1,4 : c'est le mat\u00e9riel que j'utilise habituellement pour faire de la macro. Par curiosit\u00e9, j'ai achet\u00e9 un tube d'extension phottix sans AF.\u2026","rel":"","context":"Dans &quot;LilaVert&quot;","block_context":{"text":"LilaVert","link":"https:\/\/www.lilavert.com\/blog_lilavert\/category\/lilavert\/"},"img":{"alt_text":"","src":"https:\/\/i0.wp.com\/www.lilavert.com\/blog_lilavert\/wp-content\/uploads\/2013\/08\/sigma-150-macro-F28.jpg?resize=350%2C200&ssl=1","width":350,"height":200,"srcset":"https:\/\/i0.wp.com\/www.lilavert.com\/blog_lilavert\/wp-content\/uploads\/2013\/08\/sigma-150-macro-F28.jpg?resize=350%2C200&ssl=1 1x, https:\/\/i0.wp.com\/www.lilavert.com\/blog_lilavert\/wp-content\/uploads\/2013\/08\/sigma-150-macro-F28.jpg?resize=525%2C300&ssl=1 1.5x"},"classes":[]},{"id":3518,"url":"https:\/\/www.lilavert.com\/blog_lilavert\/white-poppy-coquelicot-blanc-black-version\/","url_meta":{"origin":2950,"position":4},"title":"White poppy &#8211; coquelicot blanc \/ Black version","author":"LilaVert I-I","date":"11\/10\/2013","format":false,"excerpt":"White poppy - coquelicot blanc \/ Black version Visitez mes galeries\u00a0Macro ou fleurs.","rel":"","context":"Dans &quot;LilaVert&quot;","block_context":{"text":"LilaVert","link":"https:\/\/www.lilavert.com\/blog_lilavert\/category\/lilavert\/"},"img":{"alt_text":"White poppy - coquelicot blanc \/ Black version","src":"https:\/\/i0.wp.com\/www.lilavert.com\/blog_lilavert\/wp-content\/uploads\/2013\/10\/White-poppy-coquelicot-blc_3771-3.jpg?resize=350%2C200&ssl=1","width":350,"height":200,"srcset":"https:\/\/i0.wp.com\/www.lilavert.com\/blog_lilavert\/wp-content\/uploads\/2013\/10\/White-poppy-coquelicot-blc_3771-3.jpg?resize=350%2C200&ssl=1 1x, https:\/\/i0.wp.com\/www.lilavert.com\/blog_lilavert\/wp-content\/uploads\/2013\/10\/White-poppy-coquelicot-blc_3771-3.jpg?resize=525%2C300&ssl=1 1.5x, https:\/\/i0.wp.com\/www.lilavert.com\/blog_lilavert\/wp-content\/uploads\/2013\/10\/White-poppy-coquelicot-blc_3771-3.jpg?resize=700%2C400&ssl=1 2x"},"classes":[]},{"id":7246,"url":"https:\/\/www.lilavert.com\/blog_lilavert\/test-nikon-d610-en-basse-lumiere-iso-6400-et-maxi\/","url_meta":{"origin":2950,"position":5},"title":"Test Nikon D610 en basse lumiere \/ iso 6400 et maxi","author":"LilaVert I-I","date":"04\/07\/2014","format":false,"excerpt":"Test Nikon D610 en basse lumiere \/ iso 6400 et maxi. Condition : 1 source de lumi\u00e8re type petit halog\u00e8ne en Int\u00e9rieur. Sans Flash. Sans pied. Objectif : Sigma\u00a0150.0 mm macro - f\/2.8 Sujet :\u00a0MonTiti tr\u00e8s patient :) (Clic droit sur l\"image, ouvrir l'image dans un nouvel onglet pour la\u2026","rel":"","context":"Dans &quot;News&quot;","block_context":{"text":"News","link":"https:\/\/www.lilavert.com\/blog_lilavert\/category\/news\/"},"img":{"alt_text":"comparatif Nikon D610-D800-D700","src":"https:\/\/i0.wp.com\/www.lilavert.com\/blog_lilavert\/wp-content\/uploads\/2014\/07\/comparatif-nikonD610-D800-D700.png?resize=350%2C200&ssl=1","width":350,"height":200,"srcset":"https:\/\/i0.wp.com\/www.lilavert.com\/blog_lilavert\/wp-content\/uploads\/2014\/07\/comparatif-nikonD610-D800-D700.png?resize=350%2C200&ssl=1 1x, https:\/\/i0.wp.com\/www.lilavert.com\/blog_lilavert\/wp-content\/uploads\/2014\/07\/comparatif-nikonD610-D800-D700.png?resize=525%2C300&ssl=1 1.5x, https:\/\/i0.wp.com\/www.lilavert.com\/blog_lilavert\/wp-content\/uploads\/2014\/07\/comparatif-nikonD610-D800-D700.png?resize=700%2C400&ssl=1 2x"},"classes":[]}],"_links":{"self":[{"href":"https:\/\/www.lilavert.com\/blog_lilavert\/wp-json\/wp\/v2\/posts\/2950"}],"collection":[{"href":"https:\/\/www.lilavert.com\/blog_lilavert\/wp-json\/wp\/v2\/posts"}],"about":[{"href":"https:\/\/www.lilavert.com\/blog_lilavert\/wp-json\/wp\/v2\/types\/post"}],"author":[{"embeddable":true,"href":"https:\/\/www.lilavert.com\/blog_lilavert\/wp-json\/wp\/v2\/users\/1"}],"replies":[{"embeddable":true,"href":"https:\/\/www.lilavert.com\/blog_lilavert\/wp-json\/wp\/v2\/comments?post=2950"}],"version-history":[{"count":0,"href":"https:\/\/www.lilavert.com\/blog_lilavert\/wp-json\/wp\/v2\/posts\/2950\/revisions"}],"wp:attachment":[{"href":"https:\/\/www.lilavert.com\/blog_lilavert\/wp-json\/wp\/v2\/media?parent=2950"}],"wp:term":[{"taxonomy":"category","embeddable":true,"href":"https:\/\/www.lilavert.com\/blog_lilavert\/wp-json\/wp\/v2\/categories?post=2950"},{"taxonomy":"post_tag","embeddable":true,"href":"https:\/\/www.lilavert.com\/blog_lilavert\/wp-json\/wp\/v2\/tags?post=2950"}],"curies":[{"name":"wp","href":"https:\/\/api.w.org\/{rel}","templated":true}]}}