{"id":2871,"date":"2013-08-20T10:46:57","date_gmt":"2013-08-20T10:46:57","guid":{"rendered":"https:\/\/www.lilavert.com\/blog_lilavert\/?p=2871"},"modified":"2016-06-16T15:56:32","modified_gmt":"2016-06-16T15:56:32","slug":"peintures-de-daniel-barkley","status":"publish","type":"post","link":"https:\/\/www.lilavert.com\/blog_lilavert\/peintures-de-daniel-barkley\/","title":{"rendered":"Peintures de Daniel Barkley"},"content":{"rendered":"<p>N\u00e9 \u00e0 Montr\u00e9al en 1962, l&rsquo;artiste <strong>Daniel Barkley,<\/strong> dipl\u00f4m\u00e9 de l&rsquo;Universit\u00e9 Concordia avec une ma\u00eetrise en beaux-arts\u00a0et\u00a0peint depuis une vingtaine d&rsquo;ann\u00e9es.<\/p>\n<p><a href=\"http:\/\/wp.me\/p6hYQX-Kj\" rel=\"attachment wp-att-2873\"><img loading=\"lazy\" decoding=\"async\" class=\"alignnone wp-image-2873 size-large\" src=\"https:\/\/www.lilavert.com\/blog_lilavert\/wp-content\/uploads\/2013\/08\/Daniel-Barkley-725x1024.jpg\" alt=\"\" width=\"725\" height=\"1024\" srcset=\"https:\/\/www.lilavert.com\/blog_lilavert\/wp-content\/uploads\/2013\/08\/Daniel-Barkley-725x1024.jpg 725w, https:\/\/www.lilavert.com\/blog_lilavert\/wp-content\/uploads\/2013\/08\/Daniel-Barkley-212x300.jpg 212w, https:\/\/www.lilavert.com\/blog_lilavert\/wp-content\/uploads\/2013\/08\/Daniel-Barkley-400x564.jpg 400w, https:\/\/www.lilavert.com\/blog_lilavert\/wp-content\/uploads\/2013\/08\/Daniel-Barkley.jpg 1450w\" sizes=\"(max-width: 725px) 100vw, 725px\" \/><\/a><\/p>\n<p>Visitez <a title=\"Site Daniel Barkley, artiste peintre\" href=\"http:\/\/danielbarkley.com\" target=\"_blank\"><strong>son site<\/strong><\/a>, suivez-le sur <a title=\"Daniel Barkley, artiste\" href=\"https:\/\/www.facebook.com\/daniel.barkley1\" target=\"_blank\"><strong>Facebook<\/strong><\/a>.<\/p>\n<p><iframe loading=\"lazy\" src=\"https:\/\/www.youtube.com\/embed\/LuwczmTz6Bk\" width=\"560\" height=\"315\" frameborder=\"0\" allowfullscreen=\"allowfullscreen\"><\/iframe><\/p>\n","protected":false},"excerpt":{"rendered":"<p>N\u00e9 \u00e0 Montr\u00e9al en 1962, l&rsquo;artiste Daniel Barkley, dipl\u00f4m\u00e9 de l&rsquo;Universit\u00e9 Concordia avec une ma\u00eetrise en beaux-arts\u00a0et\u00a0peint depuis une vingtaine<\/p>\n","protected":false},"author":1,"featured_media":0,"comment_status":"open","ping_status":"open","sticky":false,"template":"","format":"gallery","meta":{"_monsterinsights_skip_tracking":false,"_monsterinsights_sitenote_active":false,"_monsterinsights_sitenote_note":"","_monsterinsights_sitenote_category":0,"jetpack_post_was_ever_published":false,"_jetpack_newsletter_access":"","_jetpack_newsletter_tier_id":0,"footnotes":""},"categories":[220,16,216],"tags":[4003,44,40,977,981,979,982,28,26,976,616,295,51,50,980,978],"jetpack_sharing_enabled":true,"jetpack_featured_media_url":"","jetpack_shortlink":"https:\/\/wp.me\/p6hYQX-Kj","jetpack-related-posts":[{"id":405,"url":"https:\/\/www.lilavert.com\/blog_lilavert\/peintures-de-corinne-brenner\/","url_meta":{"origin":2871,"position":0},"title":"Peintures de Corinne Brenner","author":"LilaVert I-I","date":"31\/08\/2013","format":"gallery","excerpt":"Peintures de Corinne Brenner. (FR) D\u00e9couvrez ses diff\u00e9rentes s\u00e9ries : Swimmers, Sexy housewives, Tango, La plage, Femme nue, Nageuse, Pin-up, Julie,\u00a0Sc\u00e8ne festive Visitez son site Rejoignez-la sur Facebook Sa E-boutique \u00a0","rel":"","context":"Dans &quot;art&quot;","block_context":{"text":"art","link":"https:\/\/www.lilavert.com\/blog_lilavert\/category\/art\/"},"img":{"alt_text":"","src":"https:\/\/i0.wp.com\/www.lilavert.com\/blog_lilavert\/wp-content\/uploads\/2012\/08\/Julie.jpg?resize=350%2C200&ssl=1","width":350,"height":200,"srcset":"https:\/\/i0.wp.com\/www.lilavert.com\/blog_lilavert\/wp-content\/uploads\/2012\/08\/Julie.jpg?resize=350%2C200&ssl=1 1x, https:\/\/i0.wp.com\/www.lilavert.com\/blog_lilavert\/wp-content\/uploads\/2012\/08\/Julie.jpg?resize=525%2C300&ssl=1 1.5x"},"classes":[]},{"id":4087,"url":"https:\/\/www.lilavert.com\/blog_lilavert\/corps-ame-de-benjamin-carbonne\/","url_meta":{"origin":2871,"position":1},"title":"Corps &#038; Ame de Benjamin Carbonne","author":"LilaVert I-I","date":"03\/11\/2013","format":"gallery","excerpt":"Corps & Ame de Benjamin Carbonne, \u00a0Artiste peintre, performer Parti de l'\u00e9tude purement plastique de l'Homme, Benjamin Carbonne peint l'histoire de ses personnages. Chacune de ses peintures porte en elle un h\u00e9ritage qu\u0092il s'attache \u00e0 r\u00e9v\u00e9ler dans les visages, les corps, la chair. Ne rendant compte avec pr\u00e9cision que d'un\u2026","rel":"","context":"Dans &quot;art&quot;","block_context":{"text":"art","link":"https:\/\/www.lilavert.com\/blog_lilavert\/category\/art\/"},"img":{"alt_text":"","src":"","width":0,"height":0},"classes":[]},{"id":1120,"url":"https:\/\/www.lilavert.com\/blog_lilavert\/antoine-colin-artiste-peintre-et-quel-style-superbe-decouverte\/","url_meta":{"origin":2871,"position":2},"title":"Antoine Colin &#8211; Artiste peintre \/ et quel style \/ Superbe d\u00e9couverte","author":"LilaVert I-I","date":"05\/01\/2013","format":"gallery","excerpt":"Antoine Colin - Artiste peintre \/ et quel style \/ Superbe d\u00e9couverte N\u00e9 en 1977 dans le Nord, diplom\u00e9 en 2000 de l'\u00c9cole Sup\u00e9rieure d'Art de Cambrai\u00a0(DNAT-Design Graphique et Dipl\u00f4me National d'Arts Plastiques). En 2011, il retrouve enfin les outils et supports qui lui permettent de s'exprimer plus librement\u00a0\u00e0 travers\u2026","rel":"","context":"Dans &quot;art&quot;","block_context":{"text":"art","link":"https:\/\/www.lilavert.com\/blog_lilavert\/category\/art\/"},"img":{"alt_text":"la_chambre - Antoine Colin - Artiste peintre","src":"https:\/\/i0.wp.com\/www.lilavert.com\/blog_lilavert\/wp-content\/uploads\/2013\/01\/la_chambre.jpg?resize=350%2C200&ssl=1","width":350,"height":200,"srcset":"https:\/\/i0.wp.com\/www.lilavert.com\/blog_lilavert\/wp-content\/uploads\/2013\/01\/la_chambre.jpg?resize=350%2C200&ssl=1 1x, https:\/\/i0.wp.com\/www.lilavert.com\/blog_lilavert\/wp-content\/uploads\/2013\/01\/la_chambre.jpg?resize=525%2C300&ssl=1 1.5x, https:\/\/i0.wp.com\/www.lilavert.com\/blog_lilavert\/wp-content\/uploads\/2013\/01\/la_chambre.jpg?resize=700%2C400&ssl=1 2x, https:\/\/i0.wp.com\/www.lilavert.com\/blog_lilavert\/wp-content\/uploads\/2013\/01\/la_chambre.jpg?resize=1050%2C600&ssl=1 3x, https:\/\/i0.wp.com\/www.lilavert.com\/blog_lilavert\/wp-content\/uploads\/2013\/01\/la_chambre.jpg?resize=1400%2C800&ssl=1 4x"},"classes":[]},{"id":665,"url":"https:\/\/www.lilavert.com\/blog_lilavert\/les-peintures-de-ryan-hewett\/","url_meta":{"origin":2871,"position":3},"title":"Les peintures de Ryan Hewett","author":"LilaVert I-I","date":"05\/09\/2014","format":"gallery","excerpt":"Les peintures de Ryan Hewett,\u00a0excellentes et puissantes d'expressions\u00a0(Afrique du Sud) Facebook Website \u00a0 \u00a0","rel":"","context":"Dans &quot;art&quot;","block_context":{"text":"art","link":"https:\/\/www.lilavert.com\/blog_lilavert\/category\/art\/"},"img":{"alt_text":"","src":"","width":0,"height":0},"classes":[]},{"id":2083,"url":"https:\/\/www.lilavert.com\/blog_lilavert\/poupees-sculptures-peintures-les-oeuvres-de-cecile-perra\/","url_meta":{"origin":2871,"position":4},"title":"Poup\u00e9es, sculptures, peintures : Les oeuvres de C\u00e9cile Perra","author":"LilaVert I-I","date":"03\/05\/2013","format":"gallery","excerpt":"Poup\u00e9es, sculptures, peintures : Les oeuvres sensibles de C\u00e9cile Perra, visitez son site ou la suivre sur Facebook.\u00a0 \"Ma rencontre, dans le cadre d\u2019un atelier de peinture, avec des handicap\u00e9s mentaux adultes\u00a0dot\u00e9s d\u2019une richesse humaine et artistique admirable, m\u2019a r\u00e9v\u00e9l\u00e9 combien la spontan\u00e9it\u00e9 dans l\u2019acte de cr\u00e9er m\u2019importait. J\u2019aborde mon\u2026","rel":"","context":"Dans &quot;Artiste&quot;","block_context":{"text":"Artiste","link":"https:\/\/www.lilavert.com\/blog_lilavert\/category\/artiste-2\/"},"img":{"alt_text":"","src":"https:\/\/i0.wp.com\/www.lilavert.com\/blog_lilavert\/wp-content\/uploads\/2013\/05\/cecile-perra6.jpg?resize=350%2C200&ssl=1","width":350,"height":200,"srcset":"https:\/\/i0.wp.com\/www.lilavert.com\/blog_lilavert\/wp-content\/uploads\/2013\/05\/cecile-perra6.jpg?resize=350%2C200&ssl=1 1x, https:\/\/i0.wp.com\/www.lilavert.com\/blog_lilavert\/wp-content\/uploads\/2013\/05\/cecile-perra6.jpg?resize=525%2C300&ssl=1 1.5x"},"classes":[]},{"id":5586,"url":"https:\/\/www.lilavert.com\/blog_lilavert\/explosif-paolo-troilo\/","url_meta":{"origin":2871,"position":5},"title":"Explosif Paolo Troilo","author":"LilaVert I-I","date":"25\/01\/2014","format":"gallery","excerpt":"Explosif Paolo Troilo (Italie) Peinture explosive et de combat perp\u00e9tuel,\u00a0Paolo Troilo n'utilise que ses doigts pour donner naissance \u00e0 des corps remplis de force et de violence. WEBSITE de Paolo Troilo","rel":"","context":"Dans &quot;art&quot;","block_context":{"text":"art","link":"https:\/\/www.lilavert.com\/blog_lilavert\/category\/art\/"},"img":{"alt_text":"","src":"","width":0,"height":0},"classes":[]}],"_links":{"self":[{"href":"https:\/\/www.lilavert.com\/blog_lilavert\/wp-json\/wp\/v2\/posts\/2871"}],"collection":[{"href":"https:\/\/www.lilavert.com\/blog_lilavert\/wp-json\/wp\/v2\/posts"}],"about":[{"href":"https:\/\/www.lilavert.com\/blog_lilavert\/wp-json\/wp\/v2\/types\/post"}],"author":[{"embeddable":true,"href":"https:\/\/www.lilavert.com\/blog_lilavert\/wp-json\/wp\/v2\/users\/1"}],"replies":[{"embeddable":true,"href":"https:\/\/www.lilavert.com\/blog_lilavert\/wp-json\/wp\/v2\/comments?post=2871"}],"version-history":[{"count":0,"href":"https:\/\/www.lilavert.com\/blog_lilavert\/wp-json\/wp\/v2\/posts\/2871\/revisions"}],"wp:attachment":[{"href":"https:\/\/www.lilavert.com\/blog_lilavert\/wp-json\/wp\/v2\/media?parent=2871"}],"wp:term":[{"taxonomy":"category","embeddable":true,"href":"https:\/\/www.lilavert.com\/blog_lilavert\/wp-json\/wp\/v2\/categories?post=2871"},{"taxonomy":"post_tag","embeddable":true,"href":"https:\/\/www.lilavert.com\/blog_lilavert\/wp-json\/wp\/v2\/tags?post=2871"}],"curies":[{"name":"wp","href":"https:\/\/api.w.org\/{rel}","templated":true}]}}