{"id":2787,"date":"2013-08-11T14:28:57","date_gmt":"2013-08-11T14:28:57","guid":{"rendered":"https:\/\/www.lilavert.com\/blog_lilavert\/?p=2787"},"modified":"2013-08-11T14:33:48","modified_gmt":"2013-08-11T14:33:48","slug":"anti-racism-poster","status":"publish","type":"post","link":"https:\/\/www.lilavert.com\/blog_lilavert\/anti-racism-poster\/","title":{"rendered":"Anti-racism poster"},"content":{"rendered":"<p><strong>Anti-racism poster<\/strong> &#8211;\u00a015th Anti &#8211; Racism Fest.<br \/>\n<a id=\"owner\" title=\"anti-racism poster\" href=\"http:\/\/www.behance.net\/angelosnti\" target=\"_blank\">Angelos Ntinas<\/a>\u00a0on behance \/\u00a0Thessaloniki, Greece<\/p>\n<p><a href=\"https:\/\/www.lilavert.com\/blog_lilavert\/wp-content\/uploads\/2013\/08\/Angelos-Ntinas-15th-Anti-Racism-Fest..png\"><img loading=\"lazy\" decoding=\"async\" class=\"alignleft size-full wp-image-2788\" title=\"Angelos Ntinas - 15th Anti - Racism Fest.\" src=\"https:\/\/www.lilavert.com\/blog_lilavert\/wp-content\/uploads\/2013\/08\/Angelos-Ntinas-15th-Anti-Racism-Fest..png\" alt=\"\" width=\"482\" height=\"680\" srcset=\"https:\/\/www.lilavert.com\/blog_lilavert\/wp-content\/uploads\/2013\/08\/Angelos-Ntinas-15th-Anti-Racism-Fest..png 482w, https:\/\/www.lilavert.com\/blog_lilavert\/wp-content\/uploads\/2013\/08\/Angelos-Ntinas-15th-Anti-Racism-Fest.-212x300.png 212w, https:\/\/www.lilavert.com\/blog_lilavert\/wp-content\/uploads\/2013\/08\/Angelos-Ntinas-15th-Anti-Racism-Fest.-400x564.png 400w\" sizes=\"(max-width: 482px) 100vw, 482px\" \/><\/a><\/p>\n","protected":false},"excerpt":{"rendered":"<p>Anti-racism poster &#8211;\u00a015th Anti &#8211; Racism Fest. Angelos Ntinas\u00a0on behance \/\u00a0Thessaloniki, Greece<\/p>\n","protected":false},"author":1,"featured_media":0,"comment_status":"open","ping_status":"open","sticky":false,"template":"","format":"image","meta":{"_monsterinsights_skip_tracking":false,"_monsterinsights_sitenote_active":false,"_monsterinsights_sitenote_note":"","_monsterinsights_sitenote_category":0,"jetpack_post_was_ever_published":false,"_jetpack_newsletter_access":"","_jetpack_newsletter_tier_id":0,"footnotes":""},"categories":[220,215,206,16],"tags":[888,883,22,885,103,884,889,93,890,891,410,887,683,892,31,886],"jetpack_sharing_enabled":true,"jetpack_featured_media_url":"","jetpack_shortlink":"https:\/\/wp.me\/p6hYQX-IX","jetpack-related-posts":[{"id":11715,"url":"https:\/\/www.lilavert.com\/blog_lilavert\/anti-racism-activist-jane-elliott\/","url_meta":{"origin":2787,"position":0},"title":"Anti-Racism Activist \u00ab\u00a0Jane Elliott\u00a0\u00bb","author":"LilaVert I-I","date":"21\/07\/2016","format":"video","excerpt":"Anti-Racism Activist \"Jane Elliott\" Speaks On The Psychology Of Racism.","rel":"","context":"Dans &quot;News&quot;","block_context":{"text":"News","link":"https:\/\/www.lilavert.com\/blog_lilavert\/category\/news\/"},"img":{"alt_text":"","src":"https:\/\/i0.wp.com\/www.lilavert.com\/blog_lilavert\/wp-content\/uploads\/2016\/07\/anti-racism.png?resize=350%2C200&ssl=1","width":350,"height":200,"srcset":"https:\/\/i0.wp.com\/www.lilavert.com\/blog_lilavert\/wp-content\/uploads\/2016\/07\/anti-racism.png?resize=350%2C200&ssl=1 1x, https:\/\/i0.wp.com\/www.lilavert.com\/blog_lilavert\/wp-content\/uploads\/2016\/07\/anti-racism.png?resize=525%2C300&ssl=1 1.5x, https:\/\/i0.wp.com\/www.lilavert.com\/blog_lilavert\/wp-content\/uploads\/2016\/07\/anti-racism.png?resize=700%2C400&ssl=1 2x"},"classes":[]},{"id":565,"url":"https:\/\/www.lilavert.com\/blog_lilavert\/lecture-par-saphia-azzedine-de-confidences-a-allah\/","url_meta":{"origin":2787,"position":1},"title":"Lecture par Saphia Azzeddine de Confidences \u00e0 Allah","author":"LilaVert I-I","date":"11\/08\/2012","format":"video","excerpt":"Livre touchant, \u00a0sinc\u00e8re. Livre brutal. Anti-con, post con. Post ignare. Pure. \u00a0Allah, celui qui aimait les femmes et l'amour... C'est beau, c'est bon comme. A suivre, son 3eme roman : elle_oct03_10","rel":"","context":"Dans &quot;Litterature&quot;","block_context":{"text":"Litterature","link":"https:\/\/www.lilavert.com\/blog_lilavert\/category\/litterature-2\/"},"img":{"alt_text":"","src":"https:\/\/i0.wp.com\/www.lilavert.com\/blog_lilavert\/wp-content\/uploads\/2012\/08\/9782756101194.jpg?resize=350%2C200&ssl=1","width":350,"height":200},"classes":[]},{"id":3850,"url":"https:\/\/www.lilavert.com\/blog_lilavert\/les-petites-bonnes-femmes-de-valerie-hadida-sculpteur-et-peintre\/","url_meta":{"origin":2787,"position":2},"title":"Les \u201cpetites bonnes femmes\u201d de Val\u00e9rie HADIDA, sculpteure et peintre","author":"LilaVert I-I","date":"27\/10\/2013","format":"gallery","excerpt":"The little girls \/ Les \u201cpetites bonnes femmes\u201d de Val\u00e9rie HADIDA, sculpteure et peintre. (France) Dipl\u00f4me de l\u2019Ecole d\u2019arts plastiques et publicit\u00e9 de la ville de Paris (EMSAT). Travail dans l\u2019atelier de Marielle POLSKA pendant 6 ans. Prix Fondation Paul RICARD en 1991. Expose en galeries depuis 1990. Ses \u201cpetites\u2026","rel":"","context":"Dans &quot;art&quot;","block_context":{"text":"art","link":"https:\/\/www.lilavert.com\/blog_lilavert\/category\/art\/"},"img":{"alt_text":"Val\u00c3\u00a9rie Hadida - melancolie, sculpture","src":"https:\/\/i0.wp.com\/www.lilavert.com\/blog_lilavert\/wp-content\/uploads\/2013\/10\/Val\u00c3\u00a9rie-Hadida-melancolie2.jpg?resize=350%2C200&ssl=1","width":350,"height":200},"classes":[]},{"id":13236,"url":"https:\/\/www.lilavert.com\/blog_lilavert\/anti-ivg-en-est-encore-la-en-2018\/","url_meta":{"origin":2787,"position":3},"title":"Anti IVG, on en est encore l\u00e0 en 2018 ?","author":"LilaVert I-I","date":"07\/03\/2018","format":false,"excerpt":"Anti IVG, on en est encore l\u00e0 en 2018 ? Alors que la plan\u00e8te est surpeupl\u00e9e, qu'on la bouffe, que l'homme d\u00e9truit sans \u00e9tat d'\u00e2me et qu'une solution devrait \u00eatre trouv\u00e9e pour d\u00e9c\u00e9l\u00e9rer cette croissance, il y a encore des inconscients sous couvert de religion pour lutter contre les IVG\u2026","rel":"","context":"Dans &quot;Environnement&quot;","block_context":{"text":"Environnement","link":"https:\/\/www.lilavert.com\/blog_lilavert\/category\/environnement-2\/"},"img":{"alt_text":"","src":"","width":0,"height":0},"classes":[]},{"id":3040,"url":"https:\/\/www.lilavert.com\/blog_lilavert\/nikon-d800-et-probleme-sur-les-poses-longues\/","url_meta":{"origin":2787,"position":4},"title":"Nikon D800 et probl\u00e8me sur les poses longues","author":"LilaVert I-I","date":"05\/09\/2013","format":false,"excerpt":"Discussion \u00e0 suivre [sur fb]\u00a0sur le Nikon D800\u00a0\u00a0et probl\u00e8me sur les poses longues. Au vu du prix du boitier... \u00e7a serait dommage qu'il ait un probl\u00e8me de capteur. Voir t\u00e9moignage ci-dessous. \/\/\/\/ de\u00a0David Keochkerian photographie Je suis l'\"heureux\" propri\u00e9taire d'un nikon D800 depuis bient\u00f4t 1 an. Comme vous l'avez remarqu\u00e9\u2026","rel":"","context":"Dans &quot;News&quot;","block_context":{"text":"News","link":"https:\/\/www.lilavert.com\/blog_lilavert\/category\/news\/"},"img":{"alt_text":"nikon D800 - problemes poses longues pixels morts","src":"https:\/\/i0.wp.com\/www.lilavert.com\/blog_lilavert\/wp-content\/uploads\/2013\/09\/nikon-D800-problemes-poses-longues-pixels.jpg?resize=350%2C200&ssl=1","width":350,"height":200,"srcset":"https:\/\/i0.wp.com\/www.lilavert.com\/blog_lilavert\/wp-content\/uploads\/2013\/09\/nikon-D800-problemes-poses-longues-pixels.jpg?resize=350%2C200&ssl=1 1x, https:\/\/i0.wp.com\/www.lilavert.com\/blog_lilavert\/wp-content\/uploads\/2013\/09\/nikon-D800-problemes-poses-longues-pixels.jpg?resize=525%2C300&ssl=1 1.5x, https:\/\/i0.wp.com\/www.lilavert.com\/blog_lilavert\/wp-content\/uploads\/2013\/09\/nikon-D800-problemes-poses-longues-pixels.jpg?resize=700%2C400&ssl=1 2x, https:\/\/i0.wp.com\/www.lilavert.com\/blog_lilavert\/wp-content\/uploads\/2013\/09\/nikon-D800-problemes-poses-longues-pixels.jpg?resize=1050%2C600&ssl=1 3x, https:\/\/i0.wp.com\/www.lilavert.com\/blog_lilavert\/wp-content\/uploads\/2013\/09\/nikon-D800-problemes-poses-longues-pixels.jpg?resize=1400%2C800&ssl=1 4x"},"classes":[]},{"id":2215,"url":"https:\/\/www.lilavert.com\/blog_lilavert\/ourlittleworld-nature-illustration-for-poster-ipad-iphone-etc\/","url_meta":{"origin":2787,"position":5},"title":"OurLittleWorld &#8211; Nature Illustration for Poster, ipad, iphone etc&#8230;","author":"LilaVert I-I","date":"23\/05\/2013","format":false,"excerpt":"OurLittleWorld - Nature floral Illustration for Poster, ipad, iphone etc... disponible sur\u00a0Society6\u00a0[Poster, Ipad, Iphone, coussin...] ou\u00a0RedBubble [Poster, Ipad, Iphone, coussin...]. D'autres couleurs sont disponibles sur demande","rel":"","context":"Dans &quot;Artiste&quot;","block_context":{"text":"Artiste","link":"https:\/\/www.lilavert.com\/blog_lilavert\/category\/artiste-2\/"},"img":{"alt_text":"OurLittleWorld Nature illustration pour Iphone, ipad, poster etc..","src":"https:\/\/i0.wp.com\/www.lilavert.com\/blog_lilavert\/wp-content\/uploads\/2013\/05\/our-little-world-illustration.jpg?resize=350%2C200&ssl=1","width":350,"height":200,"srcset":"https:\/\/i0.wp.com\/www.lilavert.com\/blog_lilavert\/wp-content\/uploads\/2013\/05\/our-little-world-illustration.jpg?resize=350%2C200&ssl=1 1x, https:\/\/i0.wp.com\/www.lilavert.com\/blog_lilavert\/wp-content\/uploads\/2013\/05\/our-little-world-illustration.jpg?resize=525%2C300&ssl=1 1.5x, https:\/\/i0.wp.com\/www.lilavert.com\/blog_lilavert\/wp-content\/uploads\/2013\/05\/our-little-world-illustration.jpg?resize=700%2C400&ssl=1 2x"},"classes":[]}],"_links":{"self":[{"href":"https:\/\/www.lilavert.com\/blog_lilavert\/wp-json\/wp\/v2\/posts\/2787"}],"collection":[{"href":"https:\/\/www.lilavert.com\/blog_lilavert\/wp-json\/wp\/v2\/posts"}],"about":[{"href":"https:\/\/www.lilavert.com\/blog_lilavert\/wp-json\/wp\/v2\/types\/post"}],"author":[{"embeddable":true,"href":"https:\/\/www.lilavert.com\/blog_lilavert\/wp-json\/wp\/v2\/users\/1"}],"replies":[{"embeddable":true,"href":"https:\/\/www.lilavert.com\/blog_lilavert\/wp-json\/wp\/v2\/comments?post=2787"}],"version-history":[{"count":0,"href":"https:\/\/www.lilavert.com\/blog_lilavert\/wp-json\/wp\/v2\/posts\/2787\/revisions"}],"wp:attachment":[{"href":"https:\/\/www.lilavert.com\/blog_lilavert\/wp-json\/wp\/v2\/media?parent=2787"}],"wp:term":[{"taxonomy":"category","embeddable":true,"href":"https:\/\/www.lilavert.com\/blog_lilavert\/wp-json\/wp\/v2\/categories?post=2787"},{"taxonomy":"post_tag","embeddable":true,"href":"https:\/\/www.lilavert.com\/blog_lilavert\/wp-json\/wp\/v2\/tags?post=2787"}],"curies":[{"name":"wp","href":"https:\/\/api.w.org\/{rel}","templated":true}]}}