{"id":2416,"date":"2013-07-05T14:06:13","date_gmt":"2013-07-05T14:06:13","guid":{"rendered":"https:\/\/www.lilavert.com\/blog_lilavert\/?p=2416"},"modified":"2013-07-05T14:06:13","modified_gmt":"2013-07-05T14:06:13","slug":"place-aux-artistes","status":"publish","type":"post","link":"https:\/\/www.lilavert.com\/blog_lilavert\/place-aux-artistes\/","title":{"rendered":"Place aux artistes ?"},"content":{"rendered":"<p><strong>Place aux artistes ?<\/strong><\/p>\n<p><strong>NUIT BLANCHE\u00a0: ART NIQUE L\u2019ARTISTE \u00e0 PARIS\u00a0<\/strong><br \/>\n\u00c9crit par\u00a0<a href=\"mailto:pier.garcon@wanadoo.fr\">Pierre Gar\u00e7on<\/a>\u00a0le 4\u00a0juillet\u00a02013\u00a0\u00e0\u00a008h35<\/p>\n<p><strong>On nous a transmis \u00e7a\u00a0:<\/strong><\/p>\n<p><em>Bonjour,<br \/>\n<\/em>Nous sommes heureux de vous annoncer le prochain salon d\u2019art contemporain en plein air\u00a0<strong>Place aux artistes\u00a0!<\/strong>\u00a0qui se d\u00e9roulera durant la Nuit Blanche parisienne du 5 au 7 octobre 2013, place Maubert 75005 Paris.<br \/>\nCe salon s\u2019installe sur les places publiques afin de faire sortir l\u2019art des lieux ferm\u00e9s pour aller au devant du public. Pour postuler, il est n\u00e9cessaire de me faire parvenir 3 visuels pour le catalogue d\u2019exposition<br \/>\n<em>Cordialement,<\/em>\u00a0(&#8230;)<\/p>\n<p><strong>Donn\u00e9es techniques\u00a0:<\/strong><\/p>\n<p><img decoding=\"async\" src=\"http:\/\/www.snapcgt.org\/puce.gif\" alt=\"-\" \/>\u00a0\u00a0Chaque artiste dispose d\u2019un stand de 2 x 4 m\u00e8tres<br \/>\n<img decoding=\"async\" src=\"http:\/\/www.snapcgt.org\/puce.gif\" alt=\"-\" \/>\u00a0\u00a0Un catalogue d\u2019exposition est imprim\u00e9<br \/>\n<img decoding=\"async\" src=\"http:\/\/www.snapcgt.org\/puce.gif\" alt=\"-\" \/>\u00a0\u00a0Sont fournis\u00a0: une table, une chaise et l\u2019\u00e9clairage\u00a0<strong>&#8211; Co\u00fbt de l\u2019inscription\u00a0: 700 euros<\/strong><\/p>\n<div>\n<div><em>(&#8230;)Les artistes pourront pr\u00e9senter leurs \u0153uvres et communiquer avec le public mais aucune vente ne sera permise au cours de la journ\u00e9e. Votre pr\u00e9sence ne pourra donner lieu \u00e0 r\u00e9mun\u00e9ration mais vous b\u00e9n\u00e9ficierez d\u2019une publicit\u00e9 \u00e9tendue.(&#8230;)<\/em><\/div>\n<\/div>\n<p><strong>LE SNAPcgt d\u00e9conseille ce type de manifestation financ\u00e9e sur le dos des artistes. Nous regrettons que la Ville de Paris la cautionne en apposant son logo sur l\u2019affiche.<\/strong><\/p>\n<hr \/>\n<h3><strong>imb\u00e9cilit\u00e9, m\u00e9pris ou incomp\u00e9tence crasse\u00a0?<\/strong><\/h3>\n<hr \/>\n<p><strong>\u00ab\u00a0ART ACCES\u00a0\u00bb de la jeune chambre \u00e9conomique d\u2019Epernay\u00a0:<\/strong><\/p>\n<p><a title=\"exploitation artiste\" href=\"http:\/\/www.snapcgt.org\/article.php3?id_article=326\" target=\"_blank\"><strong>Une proposition honteuse et scandaleuse\u00a0!<\/strong><\/a><\/p>\n","protected":false},"excerpt":{"rendered":"<p>Place aux artistes ? NUIT BLANCHE\u00a0: ART NIQUE L\u2019ARTISTE \u00e0 PARIS\u00a0 \u00c9crit par\u00a0Pierre Gar\u00e7on\u00a0le 4\u00a0juillet\u00a02013\u00a0\u00e0\u00a008h35 On nous a transmis \u00e7a\u00a0:<\/p>\n","protected":false},"author":1,"featured_media":0,"comment_status":"open","ping_status":"open","sticky":false,"template":"","format":"link","meta":{"_monsterinsights_skip_tracking":false,"_monsterinsights_sitenote_active":false,"_monsterinsights_sitenote_note":"","_monsterinsights_sitenote_category":0,"jetpack_post_was_ever_published":false,"_jetpack_newsletter_access":"","_jetpack_newsletter_tier_id":0,"footnotes":""},"categories":[220,647,215,206,16],"tags":[455,4003,44,40,640,107,730,324,726,727,728,729,731,733,732],"jetpack_sharing_enabled":true,"jetpack_featured_media_url":"","jetpack_shortlink":"https:\/\/wp.me\/p6hYQX-CY","jetpack-related-posts":[{"id":8972,"url":"https:\/\/www.lilavert.com\/blog_lilavert\/virginie-ropars-art-dolls\/","url_meta":{"origin":2416,"position":0},"title":"Virginie Ropars &#8211; Art Dolls","author":"LilaVert I-I","date":"01\/03\/2015","format":"gallery","excerpt":"Virginie Ropars - Art Dolls (FR) Virginie Ropars est n\u00e9e en Bretagne en 1976. Ses travaux sont au confluent de la sculpture, de la poup\u00e9e, de la mode et de l'illustration, ce sont des visions pleines de merveilleux et souvent sombre, la f\u00e9minit\u00e9 y prend une large place. Un univers\u2026","rel":"","context":"Dans &quot;art&quot;","block_context":{"text":"art","link":"https:\/\/www.lilavert.com\/blog_lilavert\/category\/art\/"},"img":{"alt_text":"","src":"https:\/\/i0.wp.com\/www.lilavert.com\/blog_lilavert\/wp-content\/uploads\/2015\/03\/Virginie-Ropars-Art-Dolls5.jpg?resize=350%2C200&ssl=1","width":350,"height":200,"srcset":"https:\/\/i0.wp.com\/www.lilavert.com\/blog_lilavert\/wp-content\/uploads\/2015\/03\/Virginie-Ropars-Art-Dolls5.jpg?resize=350%2C200&ssl=1 1x, https:\/\/i0.wp.com\/www.lilavert.com\/blog_lilavert\/wp-content\/uploads\/2015\/03\/Virginie-Ropars-Art-Dolls5.jpg?resize=525%2C300&ssl=1 1.5x, https:\/\/i0.wp.com\/www.lilavert.com\/blog_lilavert\/wp-content\/uploads\/2015\/03\/Virginie-Ropars-Art-Dolls5.jpg?resize=700%2C400&ssl=1 2x"},"classes":[]},{"id":6398,"url":"https:\/\/www.lilavert.com\/blog_lilavert\/expo-choi-xooang-blind-blind-paris\/","url_meta":{"origin":2416,"position":1},"title":"EXPO CHOI XOOANG \u00ab The Blind for the Blind \u00bb &#8211; Paris","author":"LilaVert I-I","date":"14\/03\/2014","format":"gallery","excerpt":"L'un des plus grand sculpteur hyper-realistes expose \u00e0 Paris CHOI XOOANG (Cor\u00e9e du sud) \u00ab The Blind for the Blind \u00bb Galerie Albert Benamou 6 March to 17 April 2014 Galerie Albert Benamou - V\u00e9ronique Max\u00e9 24 rue de Penthi\u00e8vre 75008 Paris","rel":"","context":"Dans &quot;art&quot;","block_context":{"text":"art","link":"https:\/\/www.lilavert.com\/blog_lilavert\/category\/art\/"},"img":{"alt_text":"","src":"","width":0,"height":0},"classes":[]},{"id":4194,"url":"https:\/\/www.lilavert.com\/blog_lilavert\/anormalite-selon-eric-lacombe\/","url_meta":{"origin":2416,"position":2},"title":"anormalit\u00e9 selon Eric Lacombe","author":"LilaVert I-I","date":"06\/11\/2013","format":"gallery","excerpt":"Anormalit\u00e9 selon Eric Lacombe, Au regard des profondeurs de l'\u00e2me. N\u00e9 en 1968, vit \u00e0 Lyon. Artiste peintre et digital painting. EXPOSITION Novembre\/D\u00e9cembre 2013 - LE 59 RIVOLI - Paris (France) \"La Cave\" - exposition collective avec H.R Giger, john santerineross, Karl Persson. Nihil, ... Website Facebook Tumblr Pinterest","rel":"","context":"Dans &quot;art&quot;","block_context":{"text":"art","link":"https:\/\/www.lilavert.com\/blog_lilavert\/category\/art\/"},"img":{"alt_text":"Eric Lacombe - AN018 : 50 x 65 cm : acrylic and pen on paper \/ 2014","src":"https:\/\/i0.wp.com\/www.lilavert.com\/blog_lilavert\/wp-content\/uploads\/2013\/11\/Eric-Lacombe-AN018-50-x-65-cm-acrylic-and-pen-on-paper-1024x772.jpg?resize=350%2C200&ssl=1","width":350,"height":200,"srcset":"https:\/\/i0.wp.com\/www.lilavert.com\/blog_lilavert\/wp-content\/uploads\/2013\/11\/Eric-Lacombe-AN018-50-x-65-cm-acrylic-and-pen-on-paper-1024x772.jpg?resize=350%2C200&ssl=1 1x, https:\/\/i0.wp.com\/www.lilavert.com\/blog_lilavert\/wp-content\/uploads\/2013\/11\/Eric-Lacombe-AN018-50-x-65-cm-acrylic-and-pen-on-paper-1024x772.jpg?resize=525%2C300&ssl=1 1.5x, https:\/\/i0.wp.com\/www.lilavert.com\/blog_lilavert\/wp-content\/uploads\/2013\/11\/Eric-Lacombe-AN018-50-x-65-cm-acrylic-and-pen-on-paper-1024x772.jpg?resize=700%2C400&ssl=1 2x"},"classes":[]},{"id":1421,"url":"https:\/\/www.lilavert.com\/blog_lilavert\/petites-et-grandes-creatures-de-makhi-xenakis\/","url_meta":{"origin":2416,"position":3},"title":"Petites et grandes cr\u00e9atures de Makhi Xenakis","author":"LilaVert I-I","date":"28\/01\/2013","format":"gallery","excerpt":"Petites et grandes cr\u00e9atures de Makhi Xenakis.\u00a0N\u00e9e \u00e0 Paris en 1956. Vit et travaille \u00e0 Paris. Le dessin fait depuis toujours partie de son quotidien. Etudie l\u2019architecture avec Paul Virilio et cr\u00e9e des d\u00e9cors et des costumes pour le th\u00e9\u00e2tre, notamment avec Claude Regy. En 2004, invit\u00e9e \u00e0 exposer des\u2026","rel":"","context":"Dans &quot;art&quot;","block_context":{"text":"art","link":"https:\/\/www.lilavert.com\/blog_lilavert\/category\/art\/"},"img":{"alt_text":"Petites et grandes creatures - Makhi Xenakis, Sculptures","src":"https:\/\/i0.wp.com\/www.lilavert.com\/blog_lilavert\/wp-content\/uploads\/2013\/01\/makhi3.png?resize=350%2C200&ssl=1","width":350,"height":200},"classes":[]},{"id":2051,"url":"https:\/\/www.lilavert.com\/blog_lilavert\/artistes-sculpteurs-hyperrealistes-contemporains\/","url_meta":{"origin":2416,"position":4},"title":"Artistes sculpteurs hyperrealistes contemporains","author":"LilaVert I-I","date":"30\/04\/2013","format":false,"excerpt":"SCULPTURES ADDICT. MOUVANCE HYPER-R\u00c9ALISTE CONTEMPORAINE. A l'occasion de l'exposition Ron MUECK \u00e0 la Fondation Cartier, 2013, retrouvez tous les sculpteurs\u00a0hyperRealistes contemporains sur ma page \"SCULPTURES ADDICT\" >> Xooang Choi,\u00a0Patricia Piccini, Ron Mueck,\u00a0Tip Toland,\u00a0et aussi Sam Jinks, Evan Penny, Jamie Salmon, Mu Boyan,\u00a0Liu Xue\u2026","rel":"","context":"Dans &quot;Artiste&quot;","block_context":{"text":"Artiste","link":"https:\/\/www.lilavert.com\/blog_lilavert\/category\/artiste-2\/"},"img":{"alt_text":"","src":"https:\/\/i0.wp.com\/www.lilavert.com\/blog_lilavert\/wp-content\/uploads\/2013\/04\/Capture-d\u00e2\u0080\u0099\u00c3\u00a9cran-2013-04-30-\u00c3\u00a0-17.27.05.png?resize=350%2C200&ssl=1","width":350,"height":200,"srcset":"https:\/\/i0.wp.com\/www.lilavert.com\/blog_lilavert\/wp-content\/uploads\/2013\/04\/Capture-d\u00e2\u0080\u0099\u00c3\u00a9cran-2013-04-30-\u00c3\u00a0-17.27.05.png?resize=350%2C200&ssl=1 1x, https:\/\/i0.wp.com\/www.lilavert.com\/blog_lilavert\/wp-content\/uploads\/2013\/04\/Capture-d\u00e2\u0080\u0099\u00c3\u00a9cran-2013-04-30-\u00c3\u00a0-17.27.05.png?resize=525%2C300&ssl=1 1.5x, https:\/\/i0.wp.com\/www.lilavert.com\/blog_lilavert\/wp-content\/uploads\/2013\/04\/Capture-d\u00e2\u0080\u0099\u00c3\u00a9cran-2013-04-30-\u00c3\u00a0-17.27.05.png?resize=700%2C400&ssl=1 2x, https:\/\/i0.wp.com\/www.lilavert.com\/blog_lilavert\/wp-content\/uploads\/2013\/04\/Capture-d\u00e2\u0080\u0099\u00c3\u00a9cran-2013-04-30-\u00c3\u00a0-17.27.05.png?resize=1050%2C600&ssl=1 3x, https:\/\/i0.wp.com\/www.lilavert.com\/blog_lilavert\/wp-content\/uploads\/2013\/04\/Capture-d\u00e2\u0080\u0099\u00c3\u00a9cran-2013-04-30-\u00c3\u00a0-17.27.05.png?resize=1400%2C800&ssl=1 4x"},"classes":[]},{"id":8375,"url":"https:\/\/www.lilavert.com\/blog_lilavert\/subtilite-et-matiere-martine-schildge\/","url_meta":{"origin":2416,"position":5},"title":"Subtilit\u00e9 et mati\u00e8re Martine Schildge","author":"LilaVert I-I","date":"05\/12\/2014","format":"gallery","excerpt":"Subtilit\u00e9 et mati\u00e8re Martine Schildge. N\u00e9e en 1951, vit et travaille \u00e0 Paris. Dans son travail, l\u2019artiste se met \u00e0 l\u2019ouvrage en nous proposant des installations de textiles blancs. Coutures et broderies se d\u00e9voilent au fil d\u2019un parcours con\u00e7u de volumes intrigants. Le blanc donne le ton et apporte aux\u2026","rel":"","context":"Dans &quot;art&quot;","block_context":{"text":"art","link":"https:\/\/www.lilavert.com\/blog_lilavert\/category\/art\/"},"img":{"alt_text":"Martine Schildge - art textile artiste","src":"https:\/\/i0.wp.com\/www.lilavert.com\/blog_lilavert\/wp-content\/uploads\/2014\/12\/Martine-Schildge-art-textile.jpg?resize=350%2C200&ssl=1","width":350,"height":200},"classes":[]}],"_links":{"self":[{"href":"https:\/\/www.lilavert.com\/blog_lilavert\/wp-json\/wp\/v2\/posts\/2416"}],"collection":[{"href":"https:\/\/www.lilavert.com\/blog_lilavert\/wp-json\/wp\/v2\/posts"}],"about":[{"href":"https:\/\/www.lilavert.com\/blog_lilavert\/wp-json\/wp\/v2\/types\/post"}],"author":[{"embeddable":true,"href":"https:\/\/www.lilavert.com\/blog_lilavert\/wp-json\/wp\/v2\/users\/1"}],"replies":[{"embeddable":true,"href":"https:\/\/www.lilavert.com\/blog_lilavert\/wp-json\/wp\/v2\/comments?post=2416"}],"version-history":[{"count":0,"href":"https:\/\/www.lilavert.com\/blog_lilavert\/wp-json\/wp\/v2\/posts\/2416\/revisions"}],"wp:attachment":[{"href":"https:\/\/www.lilavert.com\/blog_lilavert\/wp-json\/wp\/v2\/media?parent=2416"}],"wp:term":[{"taxonomy":"category","embeddable":true,"href":"https:\/\/www.lilavert.com\/blog_lilavert\/wp-json\/wp\/v2\/categories?post=2416"},{"taxonomy":"post_tag","embeddable":true,"href":"https:\/\/www.lilavert.com\/blog_lilavert\/wp-json\/wp\/v2\/tags?post=2416"}],"curies":[{"name":"wp","href":"https:\/\/api.w.org\/{rel}","templated":true}]}}