{"id":2400,"date":"2013-07-01T13:59:35","date_gmt":"2013-07-01T13:59:35","guid":{"rendered":"https:\/\/www.lilavert.com\/blog_lilavert\/?p=2400"},"modified":"2013-07-01T13:59:35","modified_gmt":"2013-07-01T13:59:35","slug":"pas-de-decharge-en-broceliande","status":"publish","type":"post","link":"https:\/\/www.lilavert.com\/blog_lilavert\/pas-de-decharge-en-broceliande\/","title":{"rendered":"Pas de d\u00e9charge en Broceliande"},"content":{"rendered":"<p><strong>Pas de d\u00e9charge en Broceliande<\/strong><br \/>\nLe Vendredi 28 juin 2013, le tribunal administratif de Rennes a rendu son verdict concernant l&rsquo;implantation d&rsquo;une m\u00e9ga d\u00e9charge au sein de la For\u00eat de Broc\u00e9liande, vestiges des l\u00e9gendes arthuriennes et de notre patrimoine historique&#8230; L\u2019association &lsquo;<strong>Sauvegarde de Broc\u00e9liande&rsquo;<\/strong> qui se bat depuis 9 ans contre ce projet immonde a \u00e9t\u00e9 condamn\u00e9e \u00e0 12000\u20ac d&rsquo;amende, qu&rsquo;elle ne peut payer, et a donc \u00e9t\u00e9 liquid\u00e9e&#8230;<\/p>\n<p>Pour plus d&rsquo; infos:\u00a0<a title=\"D\u00e9charge foret Broceliande\" href=\"http:\/\/www.sauvegarde-broceliande.org\/\" target=\"_blank\"><strong><em><strong>http:\/\/www.sauvegarde-broceliande.org\/<\/strong><\/em><\/strong><\/a><\/p>\n<h4>et signez la <a title=\"Petition contre une d\u00e9charge dans la foret de Broceliande\" href=\"http:\/\/www.avaaz.org\/fr\/petition\/Pas_Decharge_en_Broceliande\/\" target=\"_blank\">p\u00e9tition en ligne !<\/a><\/h4>\n<p><a href=\"https:\/\/www.lilavert.com\/blog_lilavert\/wp-content\/uploads\/2013\/07\/la-vie-en-for\u00eat-broc\u00e9liande-en-bretagne-sud-le-gite-broc\u00e9liande-\u00e0-moins-de-100-m\u00e8tres.jpg\"><img loading=\"lazy\" decoding=\"async\" class=\"alignleft size-full wp-image-2401\" title=\"la-vie-en-for\u00eat-broc\u00e9liande-en-bretagne-sud-le-gite-broc\u00e9liande-\u00e0-moins-de-100-m\u00e8tres\" src=\"https:\/\/www.lilavert.com\/blog_lilavert\/wp-content\/uploads\/2013\/07\/la-vie-en-for\u00eat-broc\u00e9liande-en-bretagne-sud-le-gite-broc\u00e9liande-\u00e0-moins-de-100-m\u00e8tres.jpg\" alt=\"\" width=\"566\" height=\"379\" srcset=\"https:\/\/www.lilavert.com\/blog_lilavert\/wp-content\/uploads\/2013\/07\/la-vie-en-for\u00eat-broc\u00e9liande-en-bretagne-sud-le-gite-broc\u00e9liande-\u00e0-moins-de-100-m\u00e8tres.jpg 566w, https:\/\/www.lilavert.com\/blog_lilavert\/wp-content\/uploads\/2013\/07\/la-vie-en-for\u00eat-broc\u00e9liande-en-bretagne-sud-le-gite-broc\u00e9liande-\u00e0-moins-de-100-m\u00e8tres-300x200.jpg 300w, https:\/\/www.lilavert.com\/blog_lilavert\/wp-content\/uploads\/2013\/07\/la-vie-en-for\u00eat-broc\u00e9liande-en-bretagne-sud-le-gite-broc\u00e9liande-\u00e0-moins-de-100-m\u00e8tres-400x267.jpg 400w\" sizes=\"(max-width: 566px) 100vw, 566px\" \/><\/a><\/p>\n","protected":false},"excerpt":{"rendered":"<p>Pas de d\u00e9charge en Broceliande Le Vendredi 28 juin 2013, le tribunal administratif de Rennes a rendu son verdict concernant<\/p>\n","protected":false},"author":1,"featured_media":0,"comment_status":"open","ping_status":"open","sticky":false,"template":"","format":"standard","meta":{"_monsterinsights_skip_tracking":false,"_monsterinsights_sitenote_active":false,"_monsterinsights_sitenote_note":"","_monsterinsights_sitenote_category":0,"jetpack_post_was_ever_published":false,"_jetpack_newsletter_access":"","_jetpack_newsletter_tier_id":0,"footnotes":""},"categories":[700,647,699,16],"tags":[704,703,702,701,307,196,194,101,705],"jetpack_sharing_enabled":true,"jetpack_featured_media_url":"","jetpack_shortlink":"https:\/\/wp.me\/p6hYQX-CI","jetpack-related-posts":[{"id":1334,"url":"https:\/\/www.lilavert.com\/blog_lilavert\/sculptures-de-susan-valyi\/","url_meta":{"origin":2400,"position":0},"title":"Sculptures de Susan Valyi","author":"LilaVert I-I","date":"26\/01\/2013","format":"gallery","excerpt":"Sculptures de Susan Valyi [Canada] Cr\u00e9ation de sculptures, en trois dimensions, comme un puzzle. Susan aime explorer des mat\u00e9riaux non conventionnels. Int\u00e9ress\u00e9e par le geste et l'humour. Etres humains, animaux ou les deux. Ses sculptures sont\u00a0faites de bois flott\u00e9 ou provenant de meubles anciens, de vieux outils, d'objets r\u00e9cup\u00e9r\u00e9s dans\u2026","rel":"","context":"Dans &quot;ART Recup&quot;","block_context":{"text":"ART Recup","link":"https:\/\/www.lilavert.com\/blog_lilavert\/category\/art-recup\/"},"img":{"alt_text":"","src":"https:\/\/i0.wp.com\/www.lilavert.com\/blog_lilavert\/wp-content\/uploads\/2013\/01\/Susan-Valyi4.jpg?resize=350%2C200&ssl=1","width":350,"height":200},"classes":[]},{"id":6191,"url":"https:\/\/www.lilavert.com\/blog_lilavert\/contre-lepandage-de-pesticides-et-soutien-a-emmanuel-giboulot\/","url_meta":{"origin":2400,"position":1},"title":"Contre l&rsquo;\u00e9pandage de pesticides et soutien \u00e0 Emmanuel Giboulot","author":"LilaVert I-I","date":"21\/02\/2014","format":"video","excerpt":"Contre l'\u00e9pandage de pesticides et soutien \u00e0 Emmanuel Giboulot; Emmanuel Giboulot, viticulteur dans le d\u00e9partement de C\u00f4te-d'Or, exploite depuis les ann\u00e9es 1970 dix hectares de vignes en agriculture biologique sur la C\u00f4te-de-Beaune et la Haute-C\u00f4te-de-Nuits. Aujourd'hui, il encourt jusqu'\u00e0 six mois d'emprisonnement et 30 000 euros d'amende pour avoir refus\u00e9\u2026","rel":"","context":"Dans &quot;Animaux&quot;","block_context":{"text":"Animaux","link":"https:\/\/www.lilavert.com\/blog_lilavert\/category\/animaux-2\/"},"img":{"alt_text":"","src":"","width":0,"height":0},"classes":[]},{"id":8909,"url":"https:\/\/www.lilavert.com\/blog_lilavert\/quoi-tas-pas-encore-signe-la-petition-contre-les-discriminations-administratives-des-designers-independants\/","url_meta":{"origin":2400,"position":2},"title":"Quoi ! t&rsquo;as pas encore sign\u00e9 la p\u00e9tition contre les discriminations administratives des designers ind\u00e9pendants ?","author":"LilaVert I-I","date":"24\/02\/2015","format":false,"excerpt":"Quoi ! t'as pas encore sign\u00e9 la p\u00e9tition contre les discriminations administratives des designers ind\u00e9pendants ? Extrait : Quelle valeur la France veut-elle donner \u00e0 ses designers ? Pourquoi aucune part de\u00a0cr\u00e9ation\u00a0n'est pas\u00a0de facto\u00a0reconnue au design ? Cette discipline, qui compte peu de salari\u00e9s, est pratiqu\u00e9e en soci\u00e9t\u00e9 et par\u2026","rel":"","context":"Dans &quot;Artiste&quot;","block_context":{"text":"Artiste","link":"https:\/\/www.lilavert.com\/blog_lilavert\/category\/artiste-2\/"},"img":{"alt_text":"AFD - P\u00e9tition droits designers","src":"https:\/\/i0.wp.com\/www.lilavert.com\/blog_lilavert\/wp-content\/uploads\/2015\/02\/AFD.png?resize=350%2C200&ssl=1","width":350,"height":200},"classes":[]},{"id":2284,"url":"https:\/\/www.lilavert.com\/blog_lilavert\/xooang-choi-studio%ec%b5%9c%ec%88%98%ec%95%99-%ec%9e%91%ec%97%85%ec%8b%a4-video-juin-2013\/","url_meta":{"origin":2400,"position":3},"title":"Xooang Choi Studio(\ucd5c\uc218\uc559 \uc791\uc5c5\uc2e4) video juin 2013","author":"LilaVert I-I","date":"02\/06\/2013","format":"video","excerpt":"Xooang Choi Studio(\ucd5c\uc218\uc559 \uc791\uc5c5\uc2e4) video juin 2013. L'un des plus grand sculpteur hyperr\u00e9aliste contemporain (Cor\u00e9e du Sud) et une petite video de 28 sec. Pas de quoi nous rassasier sur son travail... mais c'est mieux que rien. L'occasion de rappeler que l'une de ses sculpture \"The Wings\"\u00a0est expos\u00e9e \u00e0 la\u2026","rel":"","context":"Dans &quot;Artiste&quot;","block_context":{"text":"Artiste","link":"https:\/\/www.lilavert.com\/blog_lilavert\/category\/artiste-2\/"},"img":{"alt_text":"The Wings and the hero - Installation sculpture de Xooang Choi","src":"https:\/\/i0.wp.com\/www.lilavert.com\/blog_lilavert\/wp-content\/uploads\/2013\/06\/The-Wings-Xooang-Choi2.jpg?resize=350%2C200&ssl=1","width":350,"height":200,"srcset":"https:\/\/i0.wp.com\/www.lilavert.com\/blog_lilavert\/wp-content\/uploads\/2013\/06\/The-Wings-Xooang-Choi2.jpg?resize=350%2C200&ssl=1 1x, https:\/\/i0.wp.com\/www.lilavert.com\/blog_lilavert\/wp-content\/uploads\/2013\/06\/The-Wings-Xooang-Choi2.jpg?resize=525%2C300&ssl=1 1.5x, https:\/\/i0.wp.com\/www.lilavert.com\/blog_lilavert\/wp-content\/uploads\/2013\/06\/The-Wings-Xooang-Choi2.jpg?resize=700%2C400&ssl=1 2x, https:\/\/i0.wp.com\/www.lilavert.com\/blog_lilavert\/wp-content\/uploads\/2013\/06\/The-Wings-Xooang-Choi2.jpg?resize=1050%2C600&ssl=1 3x, https:\/\/i0.wp.com\/www.lilavert.com\/blog_lilavert\/wp-content\/uploads\/2013\/06\/The-Wings-Xooang-Choi2.jpg?resize=1400%2C800&ssl=1 4x"},"classes":[]},{"id":8921,"url":"https:\/\/www.lilavert.com\/blog_lilavert\/marc-petit-sculpteur\/","url_meta":{"origin":2400,"position":4},"title":"Marc Petit &#8211; Sculpteur","author":"LilaVert I-I","date":"28\/02\/2015","format":"gallery","excerpt":"Marc Petit - Sculpteur. (FR)\u00a0n\u00e9 le 27 juin 1961 \u00e0 Saint-C\u00e9r\u00e9 (Lot). Sculptures figuratives. C'est \u00e0 Cahors o\u00f9 il passe son enfance, qu\u2019il r\u00e9alise ses premi\u00e8res sculptures d\u00e8s l\u2019\u00e2ge de 14 ans. Il y c\u00f4toie deux sculpteurs, anciens \u00e9l\u00e8ves des beaux arts de Paris, qui corrigent r\u00e9guli\u00e8rement son travail :\u2026","rel":"","context":"Dans &quot;art&quot;","block_context":{"text":"art","link":"https:\/\/www.lilavert.com\/blog_lilavert\/category\/art\/"},"img":{"alt_text":"Marc Petit - sculpteur","src":"https:\/\/i0.wp.com\/www.lilavert.com\/blog_lilavert\/wp-content\/uploads\/2015\/02\/Marc-Petit-sculpteur.jpg?resize=350%2C200&ssl=1","width":350,"height":200,"srcset":"https:\/\/i0.wp.com\/www.lilavert.com\/blog_lilavert\/wp-content\/uploads\/2015\/02\/Marc-Petit-sculpteur.jpg?resize=350%2C200&ssl=1 1x, https:\/\/i0.wp.com\/www.lilavert.com\/blog_lilavert\/wp-content\/uploads\/2015\/02\/Marc-Petit-sculpteur.jpg?resize=525%2C300&ssl=1 1.5x, https:\/\/i0.wp.com\/www.lilavert.com\/blog_lilavert\/wp-content\/uploads\/2015\/02\/Marc-Petit-sculpteur.jpg?resize=700%2C400&ssl=1 2x"},"classes":[]},{"id":7874,"url":"https:\/\/www.lilavert.com\/blog_lilavert\/the-nature-dress-et-installations-nicole-dextras\/","url_meta":{"origin":2400,"position":5},"title":"The nature dress &#038; installations Nicole Dextras","author":"LilaVert I-I","date":"23\/09\/2014","format":"gallery","excerpt":"The nature dress & installations Nicole Dextras\u00a0- An environmental artist working with ephemeral materials.\u00a0(Canada) News : exposera ses \"Mobile Garden Dress\" :\u00a0Jardins, Jardin aux Tuileries\u00a0Paris, en Juin 2015. Le concept de \"Little Dress Garden\" a \u00e9t\u00e9 cr\u00e9\u00e9 afin que chaque femme ait au moins un \u00e9l\u00e9ment dans sa garde-robe qui\u2026","rel":"","context":"Dans &quot;art&quot;","block_context":{"text":"art","link":"https:\/\/www.lilavert.com\/blog_lilavert\/category\/art\/"},"img":{"alt_text":"Nicole Dextras - Little Green Dress","src":"https:\/\/i0.wp.com\/www.lilavert.com\/blog_lilavert\/wp-content\/uploads\/2014\/09\/Nicole-Dextras-Little-Green-Dress.jpg?resize=350%2C200&ssl=1","width":350,"height":200},"classes":[]}],"_links":{"self":[{"href":"https:\/\/www.lilavert.com\/blog_lilavert\/wp-json\/wp\/v2\/posts\/2400"}],"collection":[{"href":"https:\/\/www.lilavert.com\/blog_lilavert\/wp-json\/wp\/v2\/posts"}],"about":[{"href":"https:\/\/www.lilavert.com\/blog_lilavert\/wp-json\/wp\/v2\/types\/post"}],"author":[{"embeddable":true,"href":"https:\/\/www.lilavert.com\/blog_lilavert\/wp-json\/wp\/v2\/users\/1"}],"replies":[{"embeddable":true,"href":"https:\/\/www.lilavert.com\/blog_lilavert\/wp-json\/wp\/v2\/comments?post=2400"}],"version-history":[{"count":0,"href":"https:\/\/www.lilavert.com\/blog_lilavert\/wp-json\/wp\/v2\/posts\/2400\/revisions"}],"wp:attachment":[{"href":"https:\/\/www.lilavert.com\/blog_lilavert\/wp-json\/wp\/v2\/media?parent=2400"}],"wp:term":[{"taxonomy":"category","embeddable":true,"href":"https:\/\/www.lilavert.com\/blog_lilavert\/wp-json\/wp\/v2\/categories?post=2400"},{"taxonomy":"post_tag","embeddable":true,"href":"https:\/\/www.lilavert.com\/blog_lilavert\/wp-json\/wp\/v2\/tags?post=2400"}],"curies":[{"name":"wp","href":"https:\/\/api.w.org\/{rel}","templated":true}]}}