{"id":2051,"date":"2013-04-30T15:47:18","date_gmt":"2013-04-30T15:47:18","guid":{"rendered":"https:\/\/www.lilavert.com\/blog_lilavert\/?p=2051"},"modified":"2013-04-30T15:47:18","modified_gmt":"2013-04-30T15:47:18","slug":"artistes-sculpteurs-hyperrealistes-contemporains","status":"publish","type":"post","link":"https:\/\/www.lilavert.com\/blog_lilavert\/artistes-sculpteurs-hyperrealistes-contemporains\/","title":{"rendered":"Artistes sculpteurs hyperrealistes contemporains"},"content":{"rendered":"<h3><strong>SCULPTURES ADDICT. MOUVANCE HYPER-R\u00c9ALISTE CONTEMPORAINE.<\/strong><\/h3>\n<p>A l&rsquo;occasion de l&rsquo;<strong>exposition Ron MUECK \u00e0 la Fondation Cartier, 2013<\/strong>, retrouvez tous les <strong>sculpteurs\u00a0hyperRealistes contemporains<\/strong> sur ma page \u00ab\u00a0<a title=\"Artistes sculpteurs HyperRealiste contemporain\" href=\"https:\/\/www.lilavert.com\/blog_lilavert\/gallerie-1\/sculptures-hyperrealistes\/\"><strong>SCULPTURES ADDICT\u00a0\u00bb<\/strong><\/a><br \/>\n&gt;&gt; <strong>Xooang Choi,\u00a0<\/strong>Patricia Piccini, Ron Mueck,\u00a0<strong>Tip Toland,\u00a0et aussi Sam Jinks, Evan Penny, Jamie Salmon, Mu Boyan,\u00a0Liu Xue\u2026<\/strong><\/p>\n<p><a title=\"Sculpteurs hyper realistes, sculptures addict\" href=\"https:\/\/www.lilavert.com\/blog_lilavert\/gallerie-1\/sculptures-hyperrealistes\/\"><img loading=\"lazy\" decoding=\"async\" class=\"aligncenter size-full wp-image-2052\" title=\"Artistes sculpteurs hyper realistes contemporain, ron mueck, patricia piccinini\" src=\"https:\/\/www.lilavert.com\/blog_lilavert\/wp-content\/uploads\/2013\/04\/Capture-d\u2019\u00e9cran-2013-04-30-\u00e0-17.27.05.png\" alt=\"\" width=\"1608\" height=\"1127\" srcset=\"https:\/\/www.lilavert.com\/blog_lilavert\/wp-content\/uploads\/2013\/04\/Capture-d\u2019\u00e9cran-2013-04-30-\u00e0-17.27.05.png 1608w, https:\/\/www.lilavert.com\/blog_lilavert\/wp-content\/uploads\/2013\/04\/Capture-d\u2019\u00e9cran-2013-04-30-\u00e0-17.27.05-300x210.png 300w, https:\/\/www.lilavert.com\/blog_lilavert\/wp-content\/uploads\/2013\/04\/Capture-d\u2019\u00e9cran-2013-04-30-\u00e0-17.27.05-1024x717.png 1024w, https:\/\/www.lilavert.com\/blog_lilavert\/wp-content\/uploads\/2013\/04\/Capture-d\u2019\u00e9cran-2013-04-30-\u00e0-17.27.05-400x280.png 400w, https:\/\/www.lilavert.com\/blog_lilavert\/wp-content\/uploads\/2013\/04\/Capture-d\u2019\u00e9cran-2013-04-30-\u00e0-17.27.05-800x561.png 800w\" sizes=\"(max-width: 1608px) 100vw, 1608px\" \/><\/a><\/p>\n","protected":false},"excerpt":{"rendered":"<p>SCULPTURES ADDICT. MOUVANCE HYPER-R\u00c9ALISTE CONTEMPORAINE. A l&rsquo;occasion de l&rsquo;exposition Ron MUECK \u00e0 la Fondation Cartier, 2013, retrouvez tous les sculpteurs\u00a0hyperRealistes<\/p>\n","protected":false},"author":1,"featured_media":0,"comment_status":"open","ping_status":"open","sticky":false,"template":"","format":"standard","meta":{"_monsterinsights_skip_tracking":false,"_monsterinsights_sitenote_active":false,"_monsterinsights_sitenote_note":"","_monsterinsights_sitenote_category":0,"jetpack_post_was_ever_published":false,"_jetpack_newsletter_access":"","_jetpack_newsletter_tier_id":0,"footnotes":""},"categories":[220,16,179],"tags":[24,4003,44,40,445,324,481,381,134,480,129,466,25,20,133,534,533],"jetpack_sharing_enabled":true,"jetpack_featured_media_url":"","jetpack_shortlink":"https:\/\/wp.me\/p6hYQX-x5","jetpack-related-posts":[{"id":869,"url":"https:\/\/www.lilavert.com\/blog_lilavert\/entre-ron-mueck-et-patricia-piccinini-mon-coeur-balance\/","url_meta":{"origin":2051,"position":0},"title":"Entre Ron Mueck et Patricia Piccinini, mon coeur balance&#8230;","author":"LilaVert I-I","date":"15\/04\/2013","format":"gallery","excerpt":"Entre Ron Mueck et Patricia Piccinini, mon coeur balance... \u00a0 \/\/\/ Exposition RON MUECK Du 16 avril au 29 septembre 2013, la Fondation Cartier pour l\u2019art contemporain invite le sculpteur australien Ron Mueck \u00e0 pr\u00e9senter ses \u0153uvres \u00e9mouvantes et troublantes, marquant son grand retour institutionnel en Europe. Apr\u00e8s le succ\u00e8s\u2026","rel":"","context":"Dans &quot;art&quot;","block_context":{"text":"art","link":"https:\/\/www.lilavert.com\/blog_lilavert\/category\/art\/"},"img":{"alt_text":"Ron Mueck - Expo Paris 2013 - Fondation Cartier","src":"https:\/\/i0.wp.com\/www.lilavert.com\/blog_lilavert\/wp-content\/uploads\/2012\/11\/ron-mueck2.jpg?resize=350%2C200&ssl=1","width":350,"height":200,"srcset":"https:\/\/i0.wp.com\/www.lilavert.com\/blog_lilavert\/wp-content\/uploads\/2012\/11\/ron-mueck2.jpg?resize=350%2C200&ssl=1 1x, https:\/\/i0.wp.com\/www.lilavert.com\/blog_lilavert\/wp-content\/uploads\/2012\/11\/ron-mueck2.jpg?resize=525%2C300&ssl=1 1.5x"},"classes":[]},{"id":2005,"url":"https:\/\/www.lilavert.com\/blog_lilavert\/making-off-de-lexpo-ron-mueck-a-la-fondation-cartier-paris-2013\/","url_meta":{"origin":2051,"position":1},"title":"Making off de l&rsquo;expo Ron Mueck \u00e0 la Fondation Cartier &#8211; Paris 2013","author":"LilaVert I-I","date":"21\/04\/2013","format":"video","excerpt":"Making off de l'expo Ron Mueck \u00e0 la Fondation Cartier - Paris 2013 et la cr\u00e9ation acc\u00e9l\u00e9r\u00e9e de \"A girl\" \/ 2006 par Ron Mueck : http:\/\/youtu.be\/8d-Yub0lu7Q VOIR AUSSI MA PAGE DANS\u00a0\u201cSCULPTEUR ADDICT SUR LES SCULPTEURS HYPER-R\u00c9ALISTE\u201c","rel":"","context":"Dans &quot;Artiste&quot;","block_context":{"text":"Artiste","link":"https:\/\/www.lilavert.com\/blog_lilavert\/category\/artiste-2\/"},"img":{"alt_text":"","src":"","width":0,"height":0},"classes":[]},{"id":1694,"url":"https:\/\/www.lilavert.com\/blog_lilavert\/still-life-ron-mueck-at-work-short-edition-exposition-ron-mueck-fondation-cartier-2013\/","url_meta":{"origin":2051,"position":2},"title":"Still Life: Ron Mueck at Work &#8211; Short Edition. Exposition Ron Mueck, Fondation Cartier, 2013.","author":"LilaVert I-I","date":"24\/04\/2013","format":"video","excerpt":"Still Life : Ron Mueck at Work - Short Edition. Exposition Ron Mueck, Fondation Cartier, 2013. Fondation Cartier pour l'art contemporain IN\u00c9DIT : \"STILL LIFE : RON MUECK AT WORK\" Pr\u00e9sent\u00e9 en exclusivit\u00e9 dans l'exposition Ron Mueck. Ouverture le 16 avril 2013 \u00e0 la Fondation Cartier pour l'art contemporain. D\u00e9couvrez\u2026","rel":"","context":"Dans &quot;Artiste&quot;","block_context":{"text":"Artiste","link":"https:\/\/www.lilavert.com\/blog_lilavert\/category\/artiste-2\/"},"img":{"alt_text":"sculpture Ron mueck, fondation Cartier 2013","src":"https:\/\/i0.wp.com\/www.lilavert.com\/blog_lilavert\/wp-content\/uploads\/2013\/04\/sculpture-Ron-mueck-fondation-Cartier-2013.jpg?resize=350%2C200&ssl=1","width":350,"height":200,"srcset":"https:\/\/i0.wp.com\/www.lilavert.com\/blog_lilavert\/wp-content\/uploads\/2013\/04\/sculpture-Ron-mueck-fondation-Cartier-2013.jpg?resize=350%2C200&ssl=1 1x, https:\/\/i0.wp.com\/www.lilavert.com\/blog_lilavert\/wp-content\/uploads\/2013\/04\/sculpture-Ron-mueck-fondation-Cartier-2013.jpg?resize=525%2C300&ssl=1 1.5x, https:\/\/i0.wp.com\/www.lilavert.com\/blog_lilavert\/wp-content\/uploads\/2013\/04\/sculpture-Ron-mueck-fondation-Cartier-2013.jpg?resize=700%2C400&ssl=1 2x, https:\/\/i0.wp.com\/www.lilavert.com\/blog_lilavert\/wp-content\/uploads\/2013\/04\/sculpture-Ron-mueck-fondation-Cartier-2013.jpg?resize=1050%2C600&ssl=1 3x"},"classes":[]},{"id":2070,"url":"https:\/\/www.lilavert.com\/blog_lilavert\/lisa-lichtenfels-dans-la-mouvance-des-sculptures-hyperrealistes\/","url_meta":{"origin":2051,"position":3},"title":"Lisa Lichtenfels dans la mouvance des sculptures hyperrealistes","author":"LilaVert I-I","date":"03\/05\/2013","format":"gallery","excerpt":"Lisa Lichtenfels dans la mouvance des sculptures hyperrealistes, Origine : Etats-Unis D\u00e9couvrez ses oeuvres ! VOIR AUSSI MA PAGE DANS\u00a0\u201cSCULPTEUR ADDICT\u201d SUR LES SCULPTEURS HYPER-R\u00c9ALISTE","rel":"","context":"Dans &quot;Artiste&quot;","block_context":{"text":"Artiste","link":"https:\/\/www.lilavert.com\/blog_lilavert\/category\/artiste-2\/"},"img":{"alt_text":"","src":"https:\/\/i0.wp.com\/www.lilavert.com\/blog_lilavert\/wp-content\/uploads\/2013\/05\/Lisa-Lichtenfels5.jpg?resize=350%2C200&ssl=1","width":350,"height":200},"classes":[]},{"id":2284,"url":"https:\/\/www.lilavert.com\/blog_lilavert\/xooang-choi-studio%ec%b5%9c%ec%88%98%ec%95%99-%ec%9e%91%ec%97%85%ec%8b%a4-video-juin-2013\/","url_meta":{"origin":2051,"position":4},"title":"Xooang Choi Studio(\ucd5c\uc218\uc559 \uc791\uc5c5\uc2e4) video juin 2013","author":"LilaVert I-I","date":"02\/06\/2013","format":"video","excerpt":"Xooang Choi Studio(\ucd5c\uc218\uc559 \uc791\uc5c5\uc2e4) video juin 2013. L'un des plus grand sculpteur hyperr\u00e9aliste contemporain (Cor\u00e9e du Sud) et une petite video de 28 sec. Pas de quoi nous rassasier sur son travail... mais c'est mieux que rien. L'occasion de rappeler que l'une de ses sculpture \"The Wings\"\u00a0est expos\u00e9e \u00e0 la\u2026","rel":"","context":"Dans &quot;Artiste&quot;","block_context":{"text":"Artiste","link":"https:\/\/www.lilavert.com\/blog_lilavert\/category\/artiste-2\/"},"img":{"alt_text":"The Wings and the hero - Installation sculpture de Xooang Choi","src":"https:\/\/i0.wp.com\/www.lilavert.com\/blog_lilavert\/wp-content\/uploads\/2013\/06\/The-Wings-Xooang-Choi2.jpg?resize=350%2C200&ssl=1","width":350,"height":200,"srcset":"https:\/\/i0.wp.com\/www.lilavert.com\/blog_lilavert\/wp-content\/uploads\/2013\/06\/The-Wings-Xooang-Choi2.jpg?resize=350%2C200&ssl=1 1x, https:\/\/i0.wp.com\/www.lilavert.com\/blog_lilavert\/wp-content\/uploads\/2013\/06\/The-Wings-Xooang-Choi2.jpg?resize=525%2C300&ssl=1 1.5x, https:\/\/i0.wp.com\/www.lilavert.com\/blog_lilavert\/wp-content\/uploads\/2013\/06\/The-Wings-Xooang-Choi2.jpg?resize=700%2C400&ssl=1 2x, https:\/\/i0.wp.com\/www.lilavert.com\/blog_lilavert\/wp-content\/uploads\/2013\/06\/The-Wings-Xooang-Choi2.jpg?resize=1050%2C600&ssl=1 3x, https:\/\/i0.wp.com\/www.lilavert.com\/blog_lilavert\/wp-content\/uploads\/2013\/06\/The-Wings-Xooang-Choi2.jpg?resize=1400%2C800&ssl=1 4x"},"classes":[]},{"id":5572,"url":"https:\/\/www.lilavert.com\/blog_lilavert\/sculptures-hyperrealiste-de-tony-matelli\/","url_meta":{"origin":2051,"position":5},"title":"Sculptures hyperR\u00e9aliste de Tony Matelli","author":"LilaVert I-I","date":"25\/01\/2014","format":"gallery","excerpt":"Sculptures hyperR\u00e9aliste de Tony Matelli.\u00a0Born 1971 Chicago -\u00a0Lives and works in New York. \u00a0Website","rel":"","context":"Dans &quot;art&quot;","block_context":{"text":"art","link":"https:\/\/www.lilavert.com\/blog_lilavert\/category\/art\/"},"img":{"alt_text":"Tony Matelli - sculpture hyperrealiste - Old Enemy, New Victim1, 2006","src":"https:\/\/i0.wp.com\/www.lilavert.com\/blog_lilavert\/wp-content\/uploads\/2014\/01\/Tony-Matelli-sculpture-hyperrealiste-Old-Enemy-New-Victim1-2006.jpg?resize=350%2C200&ssl=1","width":350,"height":200,"srcset":"https:\/\/i0.wp.com\/www.lilavert.com\/blog_lilavert\/wp-content\/uploads\/2014\/01\/Tony-Matelli-sculpture-hyperrealiste-Old-Enemy-New-Victim1-2006.jpg?resize=350%2C200&ssl=1 1x, https:\/\/i0.wp.com\/www.lilavert.com\/blog_lilavert\/wp-content\/uploads\/2014\/01\/Tony-Matelli-sculpture-hyperrealiste-Old-Enemy-New-Victim1-2006.jpg?resize=525%2C300&ssl=1 1.5x, https:\/\/i0.wp.com\/www.lilavert.com\/blog_lilavert\/wp-content\/uploads\/2014\/01\/Tony-Matelli-sculpture-hyperrealiste-Old-Enemy-New-Victim1-2006.jpg?resize=700%2C400&ssl=1 2x"},"classes":[]}],"_links":{"self":[{"href":"https:\/\/www.lilavert.com\/blog_lilavert\/wp-json\/wp\/v2\/posts\/2051"}],"collection":[{"href":"https:\/\/www.lilavert.com\/blog_lilavert\/wp-json\/wp\/v2\/posts"}],"about":[{"href":"https:\/\/www.lilavert.com\/blog_lilavert\/wp-json\/wp\/v2\/types\/post"}],"author":[{"embeddable":true,"href":"https:\/\/www.lilavert.com\/blog_lilavert\/wp-json\/wp\/v2\/users\/1"}],"replies":[{"embeddable":true,"href":"https:\/\/www.lilavert.com\/blog_lilavert\/wp-json\/wp\/v2\/comments?post=2051"}],"version-history":[{"count":0,"href":"https:\/\/www.lilavert.com\/blog_lilavert\/wp-json\/wp\/v2\/posts\/2051\/revisions"}],"wp:attachment":[{"href":"https:\/\/www.lilavert.com\/blog_lilavert\/wp-json\/wp\/v2\/media?parent=2051"}],"wp:term":[{"taxonomy":"category","embeddable":true,"href":"https:\/\/www.lilavert.com\/blog_lilavert\/wp-json\/wp\/v2\/categories?post=2051"},{"taxonomy":"post_tag","embeddable":true,"href":"https:\/\/www.lilavert.com\/blog_lilavert\/wp-json\/wp\/v2\/tags?post=2051"}],"curies":[{"name":"wp","href":"https:\/\/api.w.org\/{rel}","templated":true}]}}