{"id":2021,"date":"2013-04-25T14:01:22","date_gmt":"2013-04-25T14:01:22","guid":{"rendered":"https:\/\/www.lilavert.com\/blog_lilavert\/?p=2021"},"modified":"2013-04-25T14:01:22","modified_gmt":"2013-04-25T14:01:22","slug":"ani-un-accord-qui-constitue-un-enorme-recul-pour-les-droits-des-salaries","status":"publish","type":"post","link":"https:\/\/www.lilavert.com\/blog_lilavert\/ani-un-accord-qui-constitue-un-enorme-recul-pour-les-droits-des-salaries\/","title":{"rendered":"ANI, un accord qui constitue un \u00e9norme recul pour les droits des salari\u00e9s !"},"content":{"rendered":"<h2>L\u2019ANI, un accord ill\u00e9gitime?<\/h2>\n<div>19 mars 2013\u00a0Par\u00a0<a title=\"Le blog de Gabriel Colletis\" href=\"http:\/\/blogs.mediapart.fr\/blog\/gabriel-colletis\">Gabriel Colletis<\/a><\/div>\n<div><a title=\"ANI contre la securisation de l'emploi\" href=\"http:\/\/blogs.mediapart.fr\/blog\/gabriel-colletis\/190313\/l-ani-un-accord-illegitime\" target=\"_blank\"><strong>Source : Mediapart<\/strong><\/a><\/div>\n<div>\n<blockquote><p>Par un \u00e9trange retournement de vocabulaire, les proc\u00e9dures que l\u2019on appelait autrefois\u00a0 \u00ab\u00a0plans de licenciements\u00a0\u00bb se sont mu\u00e9es en plans dits \u00ab\u00a0 sociaux\u00a0\u00bb puis, depuis 2002, en \u00ab\u00a0plans de sauvegarde de l\u2019emploi\u00a0\u00bb. L\u2019Accord national interprofessionnel (ANI) de \u00ab\u00a0s\u00e9curisation de l\u2019emploi\u00a0\u00bb proc\u00e8de du m\u00eame retournement s\u00e9mantique. L\u2019accord sign\u00e9 par la CFDT, la CFTC et\u00a0la CGC (et non pas FO comme \u00e9crit initialement par erreur), plut\u00f4t que de favoriser la s\u00e9curisation des emplois, \u00a0\u00ab\u00a0lib\u00e8re\u00a0\u00bb le patronat de nombre de ses obligations l\u00e9gales et rend possible une flexibilit\u00e9 jusque-l\u00e0 inconnue.<\/p>\n<p>Pour r\u00e9sumer une perspective curieusement d\u00e9sign\u00e9e comme \u00ab\u00a0s\u00e9curisant l\u2019emploi\u00a0\u00bb, les entreprises gagnent en flexibilit\u00e9 interne (mobilit\u00e9 g\u00e9ographique et professionnelle obligatoires, baisse des salaires ou variation du temps de travail en p\u00e9riode de conjoncture basse, CDI \u00ab\u00a0intermittents\u00a0\u00bb) et externe (simplification des proc\u00e9dures de licenciement collectif) tout en voyant leurs risques juridiques reculer (les salari\u00e9s n\u2019auront plus que deux ans pour saisir les prud\u2019hommes contre cinq actuellement\u00a0; l\u2019intervention des juges en cas de licenciement sera tr\u00e8s limit\u00e9e).<\/p>\n<p>La contrepartie pour les salari\u00e9s est une s\u00e9curisation\u00a0<em>individuelle<\/em>\u00a0constitu\u00e9e par des droits \u00ab\u00a0rechargeables\u00a0\u00bb (un salari\u00e9 qui reprendrait un emploi temporaire ne perdrait plus ses droits ant\u00e9rieurs\u00a0; un compte personnel de formation est cr\u00e9\u00e9).<\/p>\n<p>Selon les termes que nous venons de r\u00e9sumer, il para\u00eet difficile de consid\u00e9rer l\u2019accord comme \u00e9quilibr\u00e9 et on peut s\u2019interroger sur les raisons qui ont pouss\u00e9 certaines centrales syndicales \u00e0 accepter de le signer. Nous pensons que l\u2019entr\u00e9e d\u2019un ou deux repr\u00e9sentants des salari\u00e9s au Conseil d\u2019administration des entreprises de plus de 5\u00a0000 salari\u00e9s ou la refonte annonc\u00e9e des proc\u00e9dures de consultation ne sont pas de nature \u00e0 r\u00e9\u00e9quilibrer les termes d\u2019un accord qui profite principalement au patronat et qui s\u2019inscrit dans une conception du travail comme un co\u00fbt ou une contrainte.<\/p>\n<p>Mais il y a peut-\u00eatre plus grave encore du point de vue du respect de la d\u00e9mocratie. \u00a0La signature de l\u2019accord a \u00e9t\u00e9 pr\u00e9sent\u00e9e par le gouvernement comme l\u2019expression m\u00eame d\u2019un dialogue social devant servir \u00e0 produire la future loi.<\/p>\n<p>Comme le rappelait r\u00e9cemment sur Mediapart un ancien conseiller \u00e0 la Cour de cassation (<a href=\"http:\/\/blogs.mediapart.fr\/blog\/marie-laure-morin\/160113\/le-patronat-et-le-dialogue-social-une-approche-etriquee\">http:\/\/blogs.mediapart.fr\/blog\/marie-laure-morin\/160113\/le-patronat-et-le-dialogue-social-une-approche-etriquee<\/a>), en fonction de la loi du 20 ao\u00fbt 2008, les syndicats signataires d\u2019un accord doivent \u00eatre \u00ab\u00a0repr\u00e9sentatifs\u00a0\u00bb. Pour \u00eatre qualifi\u00e9s ainsi, les syndicats concern\u00e9s doivent avoir r\u00e9uni au moins 30% des suffrages exprim\u00e9s par les salari\u00e9s lors des \u00e9lections professionnelles. Leurs opposants doivent, pour leur part, ne pas atteindre la barre de 50% de ces m\u00eames suffrages.<\/p>\n<p>Or les r\u00e9sultats des \u00e9lections professionnelles, pourtant connus, restent sous le coude du ministre du Travail. La question que nous posons ici est simple\u00a0:\u00a0<em>pourquoi\u00a0?<\/em><\/p>\n<p>Il y a tout lieu de penser que la r\u00e9ponse est \u00e9vidente\u00a0: les syndicats signataires de l\u2019accord n\u2019ont pas r\u00e9uni les 30% de suffrages n\u00e9cessaires et ne sont donc pas repr\u00e9sentatifs.<\/p>\n<p>L\u2019accord, dans ce cas, serait ill\u00e9gitime et ne pourrait en aucun cas \u00eatre transpos\u00e9 dans une loi.<\/p>\n<p>Si tel n\u2019est pas le cas et que cette hypoth\u00e8se est erron\u00e9e, le ministre a un moyen simple de le d\u00e9montrer et un seul\u00a0: publier enfin, tout de suite, les r\u00e9sultats des \u00e9lections professionnelles\u00a0!<\/p>\n<p>S\u2019il ne le fait pas, la suspicion ne pourra que se transformer en certitude\u00a0: le gouvernement triche et le soi-disant dialogue social est une fable destin\u00e9e \u00e0 faire croire en la l\u00e9gitimit\u00e9 d\u2019un accord qui sous-tendrait sa l\u00e9galit\u00e9.<\/p>\n<p>Une question annexe pour conclure\u00a0: comment se fait-il que la question que nous avons pos\u00e9e, celle du motif de la non-publication des r\u00e9sultats des \u00e9lections professionnelles, n\u2019ait pas fait l\u2019objet de davantage de commentaires de la part des medias (hors Mediapart ou le Canard Encha\u00een\u00e9) ou de protestations du c\u00f4t\u00e9 des syndicats non-signataires de l\u2019accord\u00a0?<\/p>\n<p><a title=\"ANI contre la securisation de l'emploi\" href=\"http:\/\/blogs.mediapart.fr\/blog\/gabriel-colletis\/190313\/l-ani-un-accord-illegitime\" target=\"_blank\"><strong>Source : Mediapart<\/strong><\/a><\/p><\/blockquote>\n<\/div>\n","protected":false},"excerpt":{"rendered":"<p>L\u2019ANI, un accord ill\u00e9gitime? 19 mars 2013\u00a0Par\u00a0Gabriel Colletis Source : Mediapart Par un \u00e9trange retournement de vocabulaire, les proc\u00e9dures que<\/p>\n","protected":false},"author":1,"featured_media":0,"comment_status":"open","ping_status":"open","sticky":false,"template":"","format":"video","meta":{"_monsterinsights_skip_tracking":false,"_monsterinsights_sitenote_active":false,"_monsterinsights_sitenote_note":"","_monsterinsights_sitenote_category":0,"jetpack_post_was_ever_published":false,"_jetpack_newsletter_access":"","_jetpack_newsletter_tier_id":0,"footnotes":""},"categories":[16,488],"tags":[495,491,494,136,497,499,492,138,498,489,500,493,496,490],"jetpack_sharing_enabled":true,"jetpack_featured_media_url":"","jetpack_shortlink":"https:\/\/wp.me\/p6hYQX-wB","jetpack-related-posts":[{"id":903,"url":"https:\/\/www.lilavert.com\/blog_lilavert\/guide-cfdt-convention-collective-des-entreprises-techniques-au-service-de-la-creation-de-levenement\/","url_meta":{"origin":2021,"position":0},"title":"Guide CFDT : Convention Collective des Entreprises Techniques au service de la Cr\u00e9ation &#038; de l\u2019\u00c9v\u00e8nement","author":"LilaVert I-I","date":"24\/11\/2012","format":false,"excerpt":"Guide CFDT : Convention Collective des Entreprises Techniques au service de la Cr\u00e9ation & de l\u2019\u00c9v\u00e8nement Guide CFDT. Refonte 2012, 48 pages. Technicien ou administratif, permanent ou intermittent, vous avez choisi de travailler dans le Spectacle. Au plus pr\u00e8s du processus de cr\u00e9ation et de fabrication des oeuvres et des\u2026","rel":"","context":"Dans &quot;News&quot;","block_context":{"text":"News","link":"https:\/\/www.lilavert.com\/blog_lilavert\/category\/news\/"},"img":{"alt_text":"","src":"","width":0,"height":0},"classes":[]},{"id":8909,"url":"https:\/\/www.lilavert.com\/blog_lilavert\/quoi-tas-pas-encore-signe-la-petition-contre-les-discriminations-administratives-des-designers-independants\/","url_meta":{"origin":2021,"position":1},"title":"Quoi ! t&rsquo;as pas encore sign\u00e9 la p\u00e9tition contre les discriminations administratives des designers ind\u00e9pendants ?","author":"LilaVert I-I","date":"24\/02\/2015","format":false,"excerpt":"Quoi ! t'as pas encore sign\u00e9 la p\u00e9tition contre les discriminations administratives des designers ind\u00e9pendants ? Extrait : Quelle valeur la France veut-elle donner \u00e0 ses designers ? Pourquoi aucune part de\u00a0cr\u00e9ation\u00a0n'est pas\u00a0de facto\u00a0reconnue au design ? Cette discipline, qui compte peu de salari\u00e9s, est pratiqu\u00e9e en soci\u00e9t\u00e9 et par\u2026","rel":"","context":"Dans &quot;Artiste&quot;","block_context":{"text":"Artiste","link":"https:\/\/www.lilavert.com\/blog_lilavert\/category\/artiste-2\/"},"img":{"alt_text":"AFD - P\u00e9tition droits designers","src":"https:\/\/i0.wp.com\/www.lilavert.com\/blog_lilavert\/wp-content\/uploads\/2015\/02\/AFD.png?resize=350%2C200&ssl=1","width":350,"height":200},"classes":[]},{"id":1683,"url":"https:\/\/www.lilavert.com\/blog_lilavert\/doit-on-encore-croire-en-les-medias\/","url_meta":{"origin":2021,"position":2},"title":"Doit-on encore croire en les m\u00e9dias ?","author":"LilaVert I-I","date":"07\/04\/2013","format":false,"excerpt":"Un abus de Lib\u00e9ration r\u00e9vis\u00e9 comme tel dans Mediapart...\u00a0Doit-on encore croire en les m\u00e9dias ? \u00a0 Abus de Lib\u00e9ration... 07 avril 2013\u00a0Par\u00a0christian salmon \"\u00a0A la suite de l\u2019entretien que j\u2019ai accord\u00e9 \u00e0 Lib\u00e9ration le 4 avril, je tiens \u00e0 faire la mise au point suivante.\u00a0Mes propos qui se voulaient une\u2026","rel":"","context":"Dans &quot;News&quot;","block_context":{"text":"News","link":"https:\/\/www.lilavert.com\/blog_lilavert\/category\/news\/"},"img":{"alt_text":"","src":"","width":0,"height":0},"classes":[]},{"id":511,"url":"https:\/\/www.lilavert.com\/blog_lilavert\/franck-lepage-incultures-ou-le-nouvel-esprit-du-capitalisme\/","url_meta":{"origin":2021,"position":3},"title":"Franck LEPAGE : Inculture(s) ou le nouvel esprit du capitalisme","author":"LilaVert I-I","date":"08\/08\/2012","format":"image","excerpt":"La vid\u00e9o \u00e0 ne pas manquer. [DUr\u00e9e 2h3O) \u00ab\u00a0Avant, j\u2019\u00e9tais proph\u00e8te... Proph\u00e8te salari\u00e9. Mon travail consistait \u00e0 dire la v\u00e9rit\u00e9. (La v\u00e9rit\u00e9 officielle). Et puis un jour, je me suis mis \u00e0 mentir, et ils ont ador\u00e9. On me faisait venir de plus en plus souvent. On me disait que\u2026","rel":"","context":"Dans &quot;Humour&quot;","block_context":{"text":"Humour","link":"https:\/\/www.lilavert.com\/blog_lilavert\/category\/humour-2\/"},"img":{"alt_text":"","src":"https:\/\/i0.wp.com\/www.lilavert.com\/blog_lilavert\/wp-content\/uploads\/2012\/08\/fff.jpg?resize=350%2C200&ssl=1","width":350,"height":200},"classes":[]},{"id":11627,"url":"https:\/\/www.lilavert.com\/blog_lilavert\/genocide-marin\/","url_meta":{"origin":2021,"position":4},"title":"G\u00e9nocide marin","author":"LilaVert I-I","date":"30\/06\/2016","format":false,"excerpt":"G\u00e9nocide marin.. Brian Skerry photographie\u00a0la vie au-dessus et au-dessous des vagues - comme il le dit, il shoot\u00a0\u00e0 la fois l'horreur et la magie de l'oc\u00e9an. Dans cette vid\u00e9o,\u00a0Brian Skerry\u00a0montre au travers de ses photos la beaut\u00e9 des cr\u00e9atures qui vivent dans l'oc\u00e9an ainsi\u00a0que\u00a0l'horreur de l'intervention humaine,\u00a0qu'elle soit passive ou\u2026","rel":"","context":"Dans &quot;Animaux&quot;","block_context":{"text":"Animaux","link":"https:\/\/www.lilavert.com\/blog_lilavert\/category\/animaux-2\/"},"img":{"alt_text":"Brian Skerry - photographe sous-marin","src":"https:\/\/i0.wp.com\/www.lilavert.com\/blog_lilavert\/wp-content\/uploads\/2016\/06\/Brian-Skerry-photographe-sous-marin.jpg?resize=350%2C200&ssl=1","width":350,"height":200,"srcset":"https:\/\/i0.wp.com\/www.lilavert.com\/blog_lilavert\/wp-content\/uploads\/2016\/06\/Brian-Skerry-photographe-sous-marin.jpg?resize=350%2C200&ssl=1 1x, https:\/\/i0.wp.com\/www.lilavert.com\/blog_lilavert\/wp-content\/uploads\/2016\/06\/Brian-Skerry-photographe-sous-marin.jpg?resize=525%2C300&ssl=1 1.5x, https:\/\/i0.wp.com\/www.lilavert.com\/blog_lilavert\/wp-content\/uploads\/2016\/06\/Brian-Skerry-photographe-sous-marin.jpg?resize=700%2C400&ssl=1 2x, https:\/\/i0.wp.com\/www.lilavert.com\/blog_lilavert\/wp-content\/uploads\/2016\/06\/Brian-Skerry-photographe-sous-marin.jpg?resize=1050%2C600&ssl=1 3x"},"classes":[]},{"id":8703,"url":"https:\/\/www.lilavert.com\/blog_lilavert\/lavant-projet-de-la-loi-sur-la-creation-et-le-patrimoine-fait-peu-de-cas-des-artistes-plasticiens\/","url_meta":{"origin":2021,"position":5},"title":"L\u2019avant-projet de la loi sur la cr\u00e9ation et le patrimoine fait peu de cas des artistes plasticiens","author":"LilaVert I-I","date":"15\/01\/2015","format":false,"excerpt":"L\u2019avant-projet de la loi sur la cr\u00e9ation et le patrimoine fait peu de cas des artistes plasticiens, seule mesure concr\u00e8te : la possibilit\u00e9 de b\u00e9n\u00e9ficier du RSA. Projet de loi cr\u00e9ation \/\u00a0La loi sur la cr\u00e9ation oublie les arts plastiques - par Fournol Alexis - publi\u00e9 dans\u00a0Le Journal des Arts\u2026","rel":"","context":"Dans &quot;art&quot;","block_context":{"text":"art","link":"https:\/\/www.lilavert.com\/blog_lilavert\/category\/art\/"},"img":{"alt_text":"loi art plastique","src":"https:\/\/i0.wp.com\/www.lilavert.com\/blog_lilavert\/wp-content\/uploads\/2015\/01\/loi-art-plastique.jpg?resize=350%2C200&ssl=1","width":350,"height":200},"classes":[]}],"_links":{"self":[{"href":"https:\/\/www.lilavert.com\/blog_lilavert\/wp-json\/wp\/v2\/posts\/2021"}],"collection":[{"href":"https:\/\/www.lilavert.com\/blog_lilavert\/wp-json\/wp\/v2\/posts"}],"about":[{"href":"https:\/\/www.lilavert.com\/blog_lilavert\/wp-json\/wp\/v2\/types\/post"}],"author":[{"embeddable":true,"href":"https:\/\/www.lilavert.com\/blog_lilavert\/wp-json\/wp\/v2\/users\/1"}],"replies":[{"embeddable":true,"href":"https:\/\/www.lilavert.com\/blog_lilavert\/wp-json\/wp\/v2\/comments?post=2021"}],"version-history":[{"count":0,"href":"https:\/\/www.lilavert.com\/blog_lilavert\/wp-json\/wp\/v2\/posts\/2021\/revisions"}],"wp:attachment":[{"href":"https:\/\/www.lilavert.com\/blog_lilavert\/wp-json\/wp\/v2\/media?parent=2021"}],"wp:term":[{"taxonomy":"category","embeddable":true,"href":"https:\/\/www.lilavert.com\/blog_lilavert\/wp-json\/wp\/v2\/categories?post=2021"},{"taxonomy":"post_tag","embeddable":true,"href":"https:\/\/www.lilavert.com\/blog_lilavert\/wp-json\/wp\/v2\/tags?post=2021"}],"curies":[{"name":"wp","href":"https:\/\/api.w.org\/{rel}","templated":true}]}}