{"id":192,"date":"2012-08-05T12:11:31","date_gmt":"2012-08-05T12:11:31","guid":{"rendered":"https:\/\/www.lilavert.com\/blog_lilavert\/?p=192"},"modified":"2013-08-15T11:05:45","modified_gmt":"2013-08-15T11:05:45","slug":"post-news1","status":"publish","type":"post","link":"https:\/\/www.lilavert.com\/blog_lilavert\/post-news1\/","title":{"rendered":"Atelier en commun concept"},"content":{"rendered":"<p>Tr\u00e8s belle initiative \u00e0 soutenir.<\/p>\n<blockquote><p><span style=\"color: #333333; font-size: medium;\">QU&rsquo;EST CE QU&rsquo;UN ATELIER EN COMMUN ?\u00a0<\/span><span style=\"color: #333333; font-size: small;\">Un Atelier en commun est un atelier d&rsquo;artistes sur le principe des \u00e9quipements publics comme le sont les piscines et les biblioth\u00e8ques. Un atelier ouvert \u00e0 tous,\u00a0<strong>sans s\u00e9lection<\/strong>, un espace de libert\u00e9 cr\u00e9ative.<\/span><\/p>\n<p><span style=\"color: #333333; font-family: Arial, Helvetica, sans-serif; font-size: small;\"><strong><span style=\"font-size: medium;\">LA CHARTE<\/span>\u00a0<\/strong><br \/>\n<strong><span style=\"font-size: x-large;\">1<\/span><span style=\"color: #333333; font-family: Arial, Helvetica, sans-serif; font-size: small;\"><span style=\"font-size: large;\">\/<\/span><\/span><span style=\"font-size: x-large;\">\u00a0<\/span><\/strong><\/span><span style=\"color: #333333; font-family: Arial, Helvetica, sans-serif; font-size: small;\">Un Atelier en commun est ouvert \u00e0 tous les citoyens,<strong>\u00a0sans s\u00e9lection<\/strong>.<br \/>\n<span style=\"font-family: Arial, Helvetica, sans-serif; font-size: xx-small;\"><strong><span style=\"font-size: x-large;\">2<\/span><span style=\"color: #333333; font-family: Arial, Helvetica, sans-serif; font-size: small;\"><span style=\"font-size: large;\">\/\u00a0<\/span><\/span><\/strong><\/span>Un Atelier en commun est consacr\u00e9 \u00e0 la fabrication artistique, ce n&rsquo;est ni un lieu d&rsquo;exposition, ni de cours, ni de stockage.<br \/>\n<span style=\"font-family: Arial, Helvetica, sans-serif; font-size: xx-small;\"><strong><span style=\"font-size: x-large;\">3<\/span><\/strong><\/span><span style=\"font-size: large;\">\/\u00a0<\/span>Un Atelier en commun est un espace sans cloisonnement, tout travail r\u00e9alis\u00e9 se fait sous le regard des autres utilisateurs.<br \/>\n<span style=\"font-family: Arial, Helvetica, sans-serif; font-size: xx-small;\"><strong><span style=\"font-size: x-large;\">4<\/span><\/strong><\/span><span style=\"font-size: large;\">\/\u00a0<\/span>Un Atelier en commun est bas\u00e9 sur la pratique mobile, l\u2019installation et la d\u00e9sinstalation de son espace de travail, sans limite dans le temps, en fonction de l\u2019ordre d\u2019arriv\u00e9e et des places disponibles.<\/span><\/p><\/blockquote>\n<p>&gt; <a title=\"Atelier en commun\" href=\"http:\/\/www.atelierencommunconcept.fr\/\" target=\"_blank\">Visitez leur site<\/a><br \/>\n&gt; <a title=\"Atelier en commun\" href=\"https:\/\/www.facebook.com\/Atelierencommunconcept\" target=\"_blank\">Les rejoindre sur Facebook\u00a0<\/a><\/p>\n<p><a href=\"https:\/\/www.lilavert.com\/blog_lilavert\/wp-content\/uploads\/2012\/08\/atelier.jpg\"><img loading=\"lazy\" decoding=\"async\" class=\"aligncenter size-full wp-image-401\" title=\"atelier en commun\" src=\"https:\/\/www.lilavert.com\/blog_lilavert\/wp-content\/uploads\/2012\/08\/atelier.jpg\" alt=\"\" width=\"650\" height=\"960\" srcset=\"https:\/\/www.lilavert.com\/blog_lilavert\/wp-content\/uploads\/2012\/08\/atelier.jpg 650w, https:\/\/www.lilavert.com\/blog_lilavert\/wp-content\/uploads\/2012\/08\/atelier-203x300.jpg 203w, https:\/\/www.lilavert.com\/blog_lilavert\/wp-content\/uploads\/2012\/08\/atelier-400x590.jpg 400w\" sizes=\"(max-width: 650px) 100vw, 650px\" \/><\/a><\/p>\n","protected":false},"excerpt":{"rendered":"<p>Tr\u00e8s belle initiative \u00e0 soutenir. QU&rsquo;EST CE QU&rsquo;UN ATELIER EN COMMUN ?\u00a0Un Atelier en commun est un atelier d&rsquo;artistes sur<\/p>\n","protected":false},"author":1,"featured_media":0,"comment_status":"open","ping_status":"open","sticky":false,"template":"","format":"link","meta":{"_monsterinsights_skip_tracking":false,"_monsterinsights_sitenote_active":false,"_monsterinsights_sitenote_note":"","_monsterinsights_sitenote_category":0,"jetpack_post_was_ever_published":false,"_jetpack_newsletter_access":"","_jetpack_newsletter_tier_id":0,"footnotes":""},"categories":[220,16,245],"tags":[4003,44,40,43,38,42,45,41],"jetpack_sharing_enabled":true,"jetpack_featured_media_url":"","jetpack_shortlink":"https:\/\/wp.me\/p6hYQX-36","jetpack-related-posts":[{"id":8950,"url":"https:\/\/www.lilavert.com\/blog_lilavert\/les-magnifiques-papiers-maches-de-melanie-bourlon\/","url_meta":{"origin":192,"position":0},"title":"Les magnifiques Papiers-M\u00e2ch\u00e9s de Melanie Bourlon","author":"LilaVert I-I","date":"28\/02\/2015","format":"gallery","excerpt":"Les magnifiques Papiers-M\u00e2ch\u00e9s de Melanie Bourlon. (Is\u00e8re - FR) Artiste autodidacte,\u00a0M\u00e9lanie\u00a0Bourlon\u00a0travaille depuis 8 ans le papier pour en faire \u00e9clore lion lynx, ours ou vache dans sa boutique atelier qui a pignon sur rue aux Aveni\u00e8res\u00a0en Is\u00e8re.\u00a0Elle partage bien volontiers sa passion et anime\u00a0des ateliers. Le travail de\u00a0M\u00e9lanie Bourlon\u00a0s'inscrit dans\u2026","rel":"","context":"Dans &quot;Animaux&quot;","block_context":{"text":"Animaux","link":"https:\/\/www.lilavert.com\/blog_lilavert\/category\/animaux-2\/"},"img":{"alt_text":"M\u00c3\u00a9lanie Bourlon - Sculptures Papier mach\u00c3\u00a9 - Death","src":"https:\/\/i0.wp.com\/www.lilavert.com\/blog_lilavert\/wp-content\/uploads\/2015\/02\/M\u00c3\u00a9lanie-Bourlon-Sculptures-Papier-mach\u00c3\u00a9-700x1024.jpg?resize=350%2C200&ssl=1","width":350,"height":200,"srcset":"https:\/\/i0.wp.com\/www.lilavert.com\/blog_lilavert\/wp-content\/uploads\/2015\/02\/M\u00c3\u00a9lanie-Bourlon-Sculptures-Papier-mach\u00c3\u00a9-700x1024.jpg?resize=350%2C200&ssl=1 1x, https:\/\/i0.wp.com\/www.lilavert.com\/blog_lilavert\/wp-content\/uploads\/2015\/02\/M\u00c3\u00a9lanie-Bourlon-Sculptures-Papier-mach\u00c3\u00a9-700x1024.jpg?resize=525%2C300&ssl=1 1.5x, https:\/\/i0.wp.com\/www.lilavert.com\/blog_lilavert\/wp-content\/uploads\/2015\/02\/M\u00c3\u00a9lanie-Bourlon-Sculptures-Papier-mach\u00c3\u00a9-700x1024.jpg?resize=700%2C400&ssl=1 2x"},"classes":[]},{"id":2083,"url":"https:\/\/www.lilavert.com\/blog_lilavert\/poupees-sculptures-peintures-les-oeuvres-de-cecile-perra\/","url_meta":{"origin":192,"position":1},"title":"Poup\u00e9es, sculptures, peintures : Les oeuvres de C\u00e9cile Perra","author":"LilaVert I-I","date":"03\/05\/2013","format":"gallery","excerpt":"Poup\u00e9es, sculptures, peintures : Les oeuvres sensibles de C\u00e9cile Perra, visitez son site ou la suivre sur Facebook.\u00a0 \"Ma rencontre, dans le cadre d\u2019un atelier de peinture, avec des handicap\u00e9s mentaux adultes\u00a0dot\u00e9s d\u2019une richesse humaine et artistique admirable, m\u2019a r\u00e9v\u00e9l\u00e9 combien la spontan\u00e9it\u00e9 dans l\u2019acte de cr\u00e9er m\u2019importait. J\u2019aborde mon\u2026","rel":"","context":"Dans &quot;Artiste&quot;","block_context":{"text":"Artiste","link":"https:\/\/www.lilavert.com\/blog_lilavert\/category\/artiste-2\/"},"img":{"alt_text":"","src":"https:\/\/i0.wp.com\/www.lilavert.com\/blog_lilavert\/wp-content\/uploads\/2013\/05\/cecile-perra6.jpg?resize=350%2C200&ssl=1","width":350,"height":200,"srcset":"https:\/\/i0.wp.com\/www.lilavert.com\/blog_lilavert\/wp-content\/uploads\/2013\/05\/cecile-perra6.jpg?resize=350%2C200&ssl=1 1x, https:\/\/i0.wp.com\/www.lilavert.com\/blog_lilavert\/wp-content\/uploads\/2013\/05\/cecile-perra6.jpg?resize=525%2C300&ssl=1 1.5x"},"classes":[]},{"id":1385,"url":"https:\/\/www.lilavert.com\/blog_lilavert\/michele-ludwiczak-culture-et-sculptures\/","url_meta":{"origin":192,"position":2},"title":"Mich\u00e8le Ludwiczak, culture et sculptures","author":"LilaVert I-I","date":"26\/01\/2013","format":"gallery","excerpt":"Mich\u00e8le Ludwiczak, culture et sculptures\u00a0 Mich\u00e8le Ludwiczak :\u00a0\"Depuis longtemps je m'int\u00e9resse aux cultures o\u00f9 l'homme vit diff\u00e9remment sa relation avec la nature et avec le temps. Je me suis d'abord tourn\u00e9e vers l'Am\u00e9rique et son peuple d'origine, les Indiens, et puis un jour, l'Afrique\u2026 C'est une immersion constante par les\u2026","rel":"","context":"Dans &quot;Artiste&quot;","block_context":{"text":"Artiste","link":"https:\/\/www.lilavert.com\/blog_lilavert\/category\/artiste-2\/"},"img":{"alt_text":"Michele Ludwiczak - Sculptures","src":"https:\/\/i0.wp.com\/www.lilavert.com\/blog_lilavert\/wp-content\/uploads\/2013\/01\/Mich\u00c3\u00a8le-Ludwiczak-6.jpg?resize=350%2C200&ssl=1","width":350,"height":200,"srcset":"https:\/\/i0.wp.com\/www.lilavert.com\/blog_lilavert\/wp-content\/uploads\/2013\/01\/Mich\u00c3\u00a8le-Ludwiczak-6.jpg?resize=350%2C200&ssl=1 1x, https:\/\/i0.wp.com\/www.lilavert.com\/blog_lilavert\/wp-content\/uploads\/2013\/01\/Mich\u00c3\u00a8le-Ludwiczak-6.jpg?resize=525%2C300&ssl=1 1.5x, https:\/\/i0.wp.com\/www.lilavert.com\/blog_lilavert\/wp-content\/uploads\/2013\/01\/Mich\u00c3\u00a8le-Ludwiczak-6.jpg?resize=700%2C400&ssl=1 2x"},"classes":[]},{"id":12523,"url":"https:\/\/www.lilavert.com\/blog_lilavert\/coderch-malavia-sculptures\/","url_meta":{"origin":192,"position":3},"title":"Coderch &#038; Malavia sculptures","author":"LilaVert I-I","date":"28\/02\/2017","format":"gallery","excerpt":"Coderch & Malavia sculptures (ES) Joan CODERCH n\u00e9 \u00e0 Barcelone en\u00a01959\u00a0et Javier MALAVIA n\u00e9 \u00e0 San Sebastian en 1970, vivent et travaillent en Espagne. Beaux-Arts de Barcelone et Facult\u00e9 des Beaux-Arts de Valence. Juan Coderch et Javier Malavia se rencontrent au sein de l\u2019\u00e9quipe de sculpteurs de la soci\u00e9t\u00e9 Lladr\u00f3,\u2026","rel":"","context":"Dans &quot;art&quot;","block_context":{"text":"art","link":"https:\/\/www.lilavert.com\/blog_lilavert\/category\/art\/"},"img":{"alt_text":"CODERCH & MALAVIA, Hamlet (d\u00c3\u00a9tail), 83 x 30x 20 cm, bronze","src":"https:\/\/i0.wp.com\/www.lilavert.com\/blog_lilavert\/wp-content\/uploads\/2017\/02\/CODERCH-MALAVIA-Hamlet-d\u00c3\u00a9tail-83-x-30x-20-cm-bronze.jpg?resize=350%2C200&ssl=1","width":350,"height":200,"srcset":"https:\/\/i0.wp.com\/www.lilavert.com\/blog_lilavert\/wp-content\/uploads\/2017\/02\/CODERCH-MALAVIA-Hamlet-d\u00c3\u00a9tail-83-x-30x-20-cm-bronze.jpg?resize=350%2C200&ssl=1 1x, https:\/\/i0.wp.com\/www.lilavert.com\/blog_lilavert\/wp-content\/uploads\/2017\/02\/CODERCH-MALAVIA-Hamlet-d\u00c3\u00a9tail-83-x-30x-20-cm-bronze.jpg?resize=525%2C300&ssl=1 1.5x, https:\/\/i0.wp.com\/www.lilavert.com\/blog_lilavert\/wp-content\/uploads\/2017\/02\/CODERCH-MALAVIA-Hamlet-d\u00c3\u00a9tail-83-x-30x-20-cm-bronze.jpg?resize=700%2C400&ssl=1 2x"},"classes":[]},{"id":3057,"url":"https:\/\/www.lilavert.com\/blog_lilavert\/sculptures-de-christophe-charbonnel\/","url_meta":{"origin":192,"position":4},"title":"Sculptures de Christophe Charbonnel","author":"LilaVert I-I","date":"08\/09\/2013","format":"gallery","excerpt":"Sculptures de Christophe Charbonnel. Terre cuite , sculpture monumentale. N\u00e9 en 1967, Christophe Charbonnel d\u00e9marre sa carri\u00e8re comme dessinateur puis modeleur dans les studios Walt Disney \u00e0 Montreuil. Initi\u00e9 par le sculpteur Philippe Seen\u00e9 \u00e0 l\u2019\u00e9cole Duperr\u00e9 dans les ann\u00e9es 1990, Christophe Charbonnel r\u00e9alise son premier bronze en 1992, expose\u2026","rel":"","context":"Dans &quot;art&quot;","block_context":{"text":"art","link":"https:\/\/www.lilavert.com\/blog_lilavert\/category\/art\/"},"img":{"alt_text":"Christophe Charbonnel - sculptures","src":"https:\/\/i0.wp.com\/www.lilavert.com\/blog_lilavert\/wp-content\/uploads\/2013\/09\/Christophe-Charbonnel-sculptures.jpg?resize=350%2C200&ssl=1","width":350,"height":200,"srcset":"https:\/\/i0.wp.com\/www.lilavert.com\/blog_lilavert\/wp-content\/uploads\/2013\/09\/Christophe-Charbonnel-sculptures.jpg?resize=350%2C200&ssl=1 1x, https:\/\/i0.wp.com\/www.lilavert.com\/blog_lilavert\/wp-content\/uploads\/2013\/09\/Christophe-Charbonnel-sculptures.jpg?resize=525%2C300&ssl=1 1.5x"},"classes":[]},{"id":3734,"url":"https:\/\/www.lilavert.com\/blog_lilavert\/la-meute-creee-partir-de-moutons-de-poussieres-grises-des-humains-de-passage\/","url_meta":{"origin":192,"position":5},"title":"La meute, cr\u00e9\u00e9e \u00e0 partir de \u00ab\u00a0moutons de poussieres grises\u00a0\u00bb des humains de passage","author":"LilaVert I-I","date":"23\/10\/2013","format":"gallery","excerpt":"La meute, cr\u00e9\u00e9e \u00e0 partir de \"moutons de poussieres grises\" des humains de passage\u00a0+ structure m\u00e9tallique... de Lionel Sabatt\u00e9 ~(More informations in English HERE :\u00a0Lionel Sabatt\u00e9\u2019s use of toenails and dead skin to make art pieces)~ Moutons pr\u00e9lev\u00e9s \u00e0 la station de m\u00e9tro Ch\u00e2telet les Halles : r\u00e9colte de cheveux,\u2026","rel":"","context":"Dans &quot;art&quot;","block_context":{"text":"art","link":"https:\/\/www.lilavert.com\/blog_lilavert\/category\/art\/"},"img":{"alt_text":"Lionel sabatte - Loup fait en moutons de poussiere","src":"https:\/\/i0.wp.com\/www.lilavert.com\/blog_lilavert\/wp-content\/uploads\/2013\/10\/sabatte-loup-moutons-de-poussiere.jpg?resize=350%2C200&ssl=1","width":350,"height":200,"srcset":"https:\/\/i0.wp.com\/www.lilavert.com\/blog_lilavert\/wp-content\/uploads\/2013\/10\/sabatte-loup-moutons-de-poussiere.jpg?resize=350%2C200&ssl=1 1x, https:\/\/i0.wp.com\/www.lilavert.com\/blog_lilavert\/wp-content\/uploads\/2013\/10\/sabatte-loup-moutons-de-poussiere.jpg?resize=525%2C300&ssl=1 1.5x"},"classes":[]}],"_links":{"self":[{"href":"https:\/\/www.lilavert.com\/blog_lilavert\/wp-json\/wp\/v2\/posts\/192"}],"collection":[{"href":"https:\/\/www.lilavert.com\/blog_lilavert\/wp-json\/wp\/v2\/posts"}],"about":[{"href":"https:\/\/www.lilavert.com\/blog_lilavert\/wp-json\/wp\/v2\/types\/post"}],"author":[{"embeddable":true,"href":"https:\/\/www.lilavert.com\/blog_lilavert\/wp-json\/wp\/v2\/users\/1"}],"replies":[{"embeddable":true,"href":"https:\/\/www.lilavert.com\/blog_lilavert\/wp-json\/wp\/v2\/comments?post=192"}],"version-history":[{"count":0,"href":"https:\/\/www.lilavert.com\/blog_lilavert\/wp-json\/wp\/v2\/posts\/192\/revisions"}],"wp:attachment":[{"href":"https:\/\/www.lilavert.com\/blog_lilavert\/wp-json\/wp\/v2\/media?parent=192"}],"wp:term":[{"taxonomy":"category","embeddable":true,"href":"https:\/\/www.lilavert.com\/blog_lilavert\/wp-json\/wp\/v2\/categories?post=192"},{"taxonomy":"post_tag","embeddable":true,"href":"https:\/\/www.lilavert.com\/blog_lilavert\/wp-json\/wp\/v2\/tags?post=192"}],"curies":[{"name":"wp","href":"https:\/\/api.w.org\/{rel}","templated":true}]}}