{"id":13503,"date":"2018-08-13T13:21:01","date_gmt":"2018-08-13T13:21:01","guid":{"rendered":"https:\/\/www.lilavert.com\/blog_lilavert\/?p=13503"},"modified":"2018-08-13T13:22:10","modified_gmt":"2018-08-13T13:22:10","slug":"les-sculptures-tourmentees-de-miguel-angel-vigo-baleiron","status":"publish","type":"post","link":"https:\/\/www.lilavert.com\/blog_lilavert\/les-sculptures-tourmentees-de-miguel-angel-vigo-baleiron\/","title":{"rendered":"Les sculptures tourment\u00e9es de Miguel \u00c1ngel Vigo Baleir\u00f3n"},"content":{"rendered":"<p>Les sculptures tourment\u00e9es de <strong>Miguel \u00c1ngel Vigo Baleir\u00f3n<\/strong> (Espagne)<\/p>\n<p>Mixed media artist.<\/p>\n<div id=\"attachment_13504\" style=\"width: 609px\" class=\"wp-caption alignnone\"><a href=\"https:\/\/wp.me\/p6hYQX-3vN\"><img loading=\"lazy\" decoding=\"async\" aria-describedby=\"caption-attachment-13504\" class=\"wp-image-13504 size-full\" src=\"https:\/\/www.lilavert.com\/blog_lilavert\/wp-content\/uploads\/2018\/08\/Miguel-\u00c1ngel-Vigo-Baleir\u00f3n-art-sculpture.jpg\" alt=\"Miguel \u00c1ngel Vigo Baleir\u00f3n art sculptures\" width=\"599\" height=\"1000\" srcset=\"https:\/\/www.lilavert.com\/blog_lilavert\/wp-content\/uploads\/2018\/08\/Miguel-\u00c1ngel-Vigo-Baleir\u00f3n-art-sculpture.jpg 599w, https:\/\/www.lilavert.com\/blog_lilavert\/wp-content\/uploads\/2018\/08\/Miguel-\u00c1ngel-Vigo-Baleir\u00f3n-art-sculpture-90x150.jpg 90w, https:\/\/www.lilavert.com\/blog_lilavert\/wp-content\/uploads\/2018\/08\/Miguel-\u00c1ngel-Vigo-Baleir\u00f3n-art-sculpture-180x300.jpg 180w, https:\/\/www.lilavert.com\/blog_lilavert\/wp-content\/uploads\/2018\/08\/Miguel-\u00c1ngel-Vigo-Baleir\u00f3n-art-sculpture-400x668.jpg 400w\" sizes=\"(max-width: 599px) 100vw, 599px\" \/><\/a><\/p>\n<p id=\"caption-attachment-13504\" class=\"wp-caption-text\">Miguel \u00c1ngel Vigo Baleir\u00f3n art sculpture<\/p>\n<\/div>\n<ul>\n<li><a href=\"http:\/\/miguelangelvigoart.blogspot.com\" target=\"_blank\" rel=\"noopener\"><strong>Website<\/strong><\/a><\/li>\n<\/ul>\n","protected":false},"excerpt":{"rendered":"<p>Les sculptures tourment\u00e9es de Miguel \u00c1ngel Vigo Baleir\u00f3n (Espagne) Mixed media artist. Website<\/p>\n","protected":false},"author":1,"featured_media":0,"comment_status":"open","ping_status":"open","sticky":false,"template":"","format":"gallery","meta":{"_monsterinsights_skip_tracking":false,"_monsterinsights_sitenote_active":false,"_monsterinsights_sitenote_note":"","_monsterinsights_sitenote_category":0,"jetpack_post_was_ever_published":false,"_jetpack_newsletter_access":"","_jetpack_newsletter_tier_id":0,"footnotes":""},"categories":[39,220,1332,16,179],"tags":[4003,1772,177,4443,1952,652,747,305,3880],"jetpack_sharing_enabled":true,"jetpack_featured_media_url":"","jetpack_shortlink":"https:\/\/wp.me\/p6hYQX-3vN","jetpack-related-posts":[{"id":6383,"url":"https:\/\/www.lilavert.com\/blog_lilavert\/glauques-sculptures-mixed-media-art-monica-cook\/","url_meta":{"origin":13503,"position":0},"title":"Glauques sculptures mixed media art of Monica Cook","author":"LilaVert I-I","date":"10\/03\/2014","format":"gallery","excerpt":"Glauques sculptures mixed media art of Monica Cook. (Etats-Unis) Website \u00a0 Oui, je crois qu'il est temps de cr\u00e9er un style artistique, du genre \"The\u00a0Awful Art\" d\u00e9di\u00e9 aux gens (qui comme moi), ne comprennent rien \u00e0 l'Art contemporain.","rel":"","context":"Dans &quot;art&quot;","block_context":{"text":"art","link":"https:\/\/www.lilavert.com\/blog_lilavert\/category\/art\/"},"img":{"alt_text":"Monica Cook - mixed media sculptures","src":"https:\/\/i0.wp.com\/www.lilavert.com\/blog_lilavert\/wp-content\/uploads\/2014\/03\/Monica-Cook-mixed-media-sculptures2-1024x682.jpg?resize=350%2C200&ssl=1","width":350,"height":200,"srcset":"https:\/\/i0.wp.com\/www.lilavert.com\/blog_lilavert\/wp-content\/uploads\/2014\/03\/Monica-Cook-mixed-media-sculptures2-1024x682.jpg?resize=350%2C200&ssl=1 1x, https:\/\/i0.wp.com\/www.lilavert.com\/blog_lilavert\/wp-content\/uploads\/2014\/03\/Monica-Cook-mixed-media-sculptures2-1024x682.jpg?resize=525%2C300&ssl=1 1.5x, https:\/\/i0.wp.com\/www.lilavert.com\/blog_lilavert\/wp-content\/uploads\/2014\/03\/Monica-Cook-mixed-media-sculptures2-1024x682.jpg?resize=700%2C400&ssl=1 2x"},"classes":[]},{"id":5126,"url":"https:\/\/www.lilavert.com\/blog_lilavert\/figurative-mixed-media-sculptures-cathy-rose\/","url_meta":{"origin":13503,"position":1},"title":"Figurative Mixed-Media sculptures of Cathy Rose","author":"LilaVert I-I","date":"30\/12\/2013","format":"gallery","excerpt":"Figurative Mixed-Media sculptures of Cathy Rose. (Nouvelle Orl\u00e9ans \/ Louisiane) \"I\u2019m an artist. I\u2019ve been saying this since I was nine and now I\u2019m 59 and I think I\u2019m starting to believe it.\" Website","rel":"","context":"Dans &quot;art&quot;","block_context":{"text":"art","link":"https:\/\/www.lilavert.com\/blog_lilavert\/category\/art\/"},"img":{"alt_text":"Cathy Rose - mixed-media sculptures","src":"https:\/\/i0.wp.com\/www.lilavert.com\/blog_lilavert\/wp-content\/uploads\/2013\/12\/Cathy-Rose-mixed-media-sculptures.jpg?resize=350%2C200&ssl=1","width":350,"height":200,"srcset":"https:\/\/i0.wp.com\/www.lilavert.com\/blog_lilavert\/wp-content\/uploads\/2013\/12\/Cathy-Rose-mixed-media-sculptures.jpg?resize=350%2C200&ssl=1 1x, https:\/\/i0.wp.com\/www.lilavert.com\/blog_lilavert\/wp-content\/uploads\/2013\/12\/Cathy-Rose-mixed-media-sculptures.jpg?resize=525%2C300&ssl=1 1.5x, https:\/\/i0.wp.com\/www.lilavert.com\/blog_lilavert\/wp-content\/uploads\/2013\/12\/Cathy-Rose-mixed-media-sculptures.jpg?resize=700%2C400&ssl=1 2x"},"classes":[]},{"id":11872,"url":"https:\/\/www.lilavert.com\/blog_lilavert\/stroff-denis-mixed-media-sculptures\/","url_meta":{"origin":13503,"position":2},"title":"Stroff Denis &#8211; Mixed media sculptures","author":"LilaVert I-I","date":"28\/08\/2016","format":"gallery","excerpt":"Stroff Denis - Mixed media sculptures (Belgique) Sculptures,\u00a0technique mixte\u00a0:\u00a0Bois,\u00a0papier,\u00a0papier\u00a0m\u00e2ch\u00e9,\u00a0acrylique,\u00a0coton,\u00a0lin,\u00a0ficelle. Po\u00e9tiques, macabres\u00a0et d\u00e9rangeantes, les sculptures de Stroff, artiste autodidacte. Facebook Blog (voir aussi les sculptures mixed-media de\u00a0Sabrina Gruss)","rel":"","context":"Dans &quot;art&quot;","block_context":{"text":"art","link":"https:\/\/www.lilavert.com\/blog_lilavert\/category\/art\/"},"img":{"alt_text":"","src":"https:\/\/i0.wp.com\/www.lilavert.com\/blog_lilavert\/wp-content\/uploads\/2016\/08\/Stroff-Denis-Sculptures-mixed-media.jpg?resize=350%2C200&ssl=1","width":350,"height":200,"srcset":"https:\/\/i0.wp.com\/www.lilavert.com\/blog_lilavert\/wp-content\/uploads\/2016\/08\/Stroff-Denis-Sculptures-mixed-media.jpg?resize=350%2C200&ssl=1 1x, https:\/\/i0.wp.com\/www.lilavert.com\/blog_lilavert\/wp-content\/uploads\/2016\/08\/Stroff-Denis-Sculptures-mixed-media.jpg?resize=525%2C300&ssl=1 1.5x, https:\/\/i0.wp.com\/www.lilavert.com\/blog_lilavert\/wp-content\/uploads\/2016\/08\/Stroff-Denis-Sculptures-mixed-media.jpg?resize=700%2C400&ssl=1 2x"},"classes":[]},{"id":5272,"url":"https:\/\/www.lilavert.com\/blog_lilavert\/thomas-christian-sculptures-mixed-media-art\/","url_meta":{"origin":13503,"position":3},"title":"Thomas Christian &#8211; Sculptures mixed-media Art","author":"LilaVert I-I","date":"10\/01\/2014","format":"gallery","excerpt":"\u00a0Thomas Christian - Sculptures mixed-media Art, doubl\u00e9es d'une bonne dose de d\u00e9lires parsem\u00e9s d'un \"haaaaappyness\" figuratifs hors du commun. Website Follow on FB","rel":"","context":"Dans &quot;art&quot;","block_context":{"text":"art","link":"https:\/\/www.lilavert.com\/blog_lilavert\/category\/art\/"},"img":{"alt_text":"Thomas Christian - Sculpture","src":"https:\/\/i0.wp.com\/www.lilavert.com\/blog_lilavert\/wp-content\/uploads\/2014\/01\/Thomas-Christian-Sculpture2.jpg?resize=350%2C200&ssl=1","width":350,"height":200,"srcset":"https:\/\/i0.wp.com\/www.lilavert.com\/blog_lilavert\/wp-content\/uploads\/2014\/01\/Thomas-Christian-Sculpture2.jpg?resize=350%2C200&ssl=1 1x, https:\/\/i0.wp.com\/www.lilavert.com\/blog_lilavert\/wp-content\/uploads\/2014\/01\/Thomas-Christian-Sculpture2.jpg?resize=525%2C300&ssl=1 1.5x, https:\/\/i0.wp.com\/www.lilavert.com\/blog_lilavert\/wp-content\/uploads\/2014\/01\/Thomas-Christian-Sculpture2.jpg?resize=700%2C400&ssl=1 2x"},"classes":[]},{"id":743,"url":"https:\/\/www.lilavert.com\/blog_lilavert\/bicephale-ou-disjonctes\/","url_meta":{"origin":13503,"position":4},"title":"Bic\u00e9phale ou disjonct\u00e9s, sculptures de St\u00e9phanie Vandal","author":"LilaVert I-I","date":"27\/09\/2012","format":"gallery","excerpt":"Bic\u00e9phale ou disjonct\u00e9s,\u00a0Mixed Media ART sculptures de St\u00e9phanie Vandal !\u00a0[Qu\u00e9bec] Facebook","rel":"","context":"Dans &quot;art&quot;","block_context":{"text":"art","link":"https:\/\/www.lilavert.com\/blog_lilavert\/category\/art\/"},"img":{"alt_text":"Stephanie Vandal - CH\u00c3\u0089IMA - Mixed media art sculptures","src":"https:\/\/i0.wp.com\/www.lilavert.com\/blog_lilavert\/wp-content\/uploads\/2012\/09\/Stephanie-Vandal-CH\u00c3\u0089IMA-682x1024.jpg?resize=350%2C200&ssl=1","width":350,"height":200,"srcset":"https:\/\/i0.wp.com\/www.lilavert.com\/blog_lilavert\/wp-content\/uploads\/2012\/09\/Stephanie-Vandal-CH\u00c3\u0089IMA-682x1024.jpg?resize=350%2C200&ssl=1 1x, https:\/\/i0.wp.com\/www.lilavert.com\/blog_lilavert\/wp-content\/uploads\/2012\/09\/Stephanie-Vandal-CH\u00c3\u0089IMA-682x1024.jpg?resize=525%2C300&ssl=1 1.5x"},"classes":[]},{"id":5512,"url":"https:\/\/www.lilavert.com\/blog_lilavert\/marc-janssens-mixed-media-art\/","url_meta":{"origin":13503,"position":5},"title":"Marc Janssens &#8211; Mixed media Art","author":"LilaVert I-I","date":"24\/01\/2014","format":"gallery","excerpt":"Marc Janssens - Mixed media Art Sculpteur - \u00a0Belgique.\u00a0N\u00e9 \u00e0 H\u00e8rentals en 1969. Etudes d'arts plastiques SISA - Anvers, graphique \u00e0 Saint Lucas - Anvers,\u00a0de sculpture \u00e0 l'Acad\u00e9mie des beaux arts de Mol. YesArtGallery.com\u00a0(un site super mal foutue, bon courage) \u00a0","rel":"","context":"Dans &quot;art&quot;","block_context":{"text":"art","link":"https:\/\/www.lilavert.com\/blog_lilavert\/category\/art\/"},"img":{"alt_text":"Marc Janssens - sculptures","src":"https:\/\/i0.wp.com\/www.lilavert.com\/blog_lilavert\/wp-content\/uploads\/2014\/01\/Marc-Janssens-sculptures-1.jpg?resize=350%2C200&ssl=1","width":350,"height":200,"srcset":"https:\/\/i0.wp.com\/www.lilavert.com\/blog_lilavert\/wp-content\/uploads\/2014\/01\/Marc-Janssens-sculptures-1.jpg?resize=350%2C200&ssl=1 1x, https:\/\/i0.wp.com\/www.lilavert.com\/blog_lilavert\/wp-content\/uploads\/2014\/01\/Marc-Janssens-sculptures-1.jpg?resize=525%2C300&ssl=1 1.5x"},"classes":[]}],"_links":{"self":[{"href":"https:\/\/www.lilavert.com\/blog_lilavert\/wp-json\/wp\/v2\/posts\/13503"}],"collection":[{"href":"https:\/\/www.lilavert.com\/blog_lilavert\/wp-json\/wp\/v2\/posts"}],"about":[{"href":"https:\/\/www.lilavert.com\/blog_lilavert\/wp-json\/wp\/v2\/types\/post"}],"author":[{"embeddable":true,"href":"https:\/\/www.lilavert.com\/blog_lilavert\/wp-json\/wp\/v2\/users\/1"}],"replies":[{"embeddable":true,"href":"https:\/\/www.lilavert.com\/blog_lilavert\/wp-json\/wp\/v2\/comments?post=13503"}],"version-history":[{"count":0,"href":"https:\/\/www.lilavert.com\/blog_lilavert\/wp-json\/wp\/v2\/posts\/13503\/revisions"}],"wp:attachment":[{"href":"https:\/\/www.lilavert.com\/blog_lilavert\/wp-json\/wp\/v2\/media?parent=13503"}],"wp:term":[{"taxonomy":"category","embeddable":true,"href":"https:\/\/www.lilavert.com\/blog_lilavert\/wp-json\/wp\/v2\/categories?post=13503"},{"taxonomy":"post_tag","embeddable":true,"href":"https:\/\/www.lilavert.com\/blog_lilavert\/wp-json\/wp\/v2\/tags?post=13503"}],"curies":[{"name":"wp","href":"https:\/\/api.w.org\/{rel}","templated":true}]}}