{"id":13002,"date":"2017-10-31T11:29:09","date_gmt":"2017-10-31T11:29:09","guid":{"rendered":"https:\/\/www.lilavert.com\/blog_lilavert\/?p=13002"},"modified":"2017-10-31T11:29:09","modified_gmt":"2017-10-31T11:29:09","slug":"le-riz-de-camargue-cultive-par-des-canards","status":"publish","type":"post","link":"https:\/\/www.lilavert.com\/blog_lilavert\/le-riz-de-camargue-cultive-par-des-canards\/","title":{"rendered":"Le riz de Camargue cultiv\u00e9 par des canards"},"content":{"rendered":"<p><strong>Le riz de Camargue cultiv\u00e9 par des canards<\/strong><\/p>\n<p>Les canards, une alternative originale et \u00e9cologique aux pesticides\u00a0!<br \/>\nBernard Poujol t\u00e9moigne : \u00ab\u00a0L&rsquo;homme devient l&rsquo;organisateur du jardin, et pas le pr\u00e9dateur. Je suis tr\u00e8s fier de produire du riz camarguais sans faire violence ni \u00e0 l&rsquo;environnement, ni aux animaux qu&rsquo;on \u00e9l\u00e8ve !\u00a0\u00bb<\/p>\n<p>Extrait de l&rsquo;\u00e9mission \u00ab\u00a0Des Racines et Des Ailes : Gardiens des tr\u00e9sors du Gard\u00a0\u00bb diffus\u00e9e le 27\/06\/2017.<\/p>\n","protected":false},"excerpt":{"rendered":"<p>Le riz de Camargue cultiv\u00e9 par des canards Les canards, une alternative originale et \u00e9cologique aux pesticides\u00a0! Bernard Poujol t\u00e9moigne<\/p>\n","protected":false},"author":1,"featured_media":0,"comment_status":"open","ping_status":"open","sticky":false,"template":"","format":"video","meta":{"_monsterinsights_skip_tracking":false,"_monsterinsights_sitenote_active":false,"_monsterinsights_sitenote_note":"","_monsterinsights_sitenote_category":0,"jetpack_post_was_ever_published":false,"_jetpack_newsletter_access":"","_jetpack_newsletter_tier_id":0,"footnotes":""},"categories":[16],"tags":[4366,4367,4368,156,686,307,2768,1914,4365],"jetpack_sharing_enabled":true,"jetpack_featured_media_url":"","jetpack_shortlink":"https:\/\/wp.me\/p6hYQX-3nI","jetpack-related-posts":[{"id":6191,"url":"https:\/\/www.lilavert.com\/blog_lilavert\/contre-lepandage-de-pesticides-et-soutien-a-emmanuel-giboulot\/","url_meta":{"origin":13002,"position":0},"title":"Contre l&rsquo;\u00e9pandage de pesticides et soutien \u00e0 Emmanuel Giboulot","author":"LilaVert I-I","date":"21\/02\/2014","format":"video","excerpt":"Contre l'\u00e9pandage de pesticides et soutien \u00e0 Emmanuel Giboulot; Emmanuel Giboulot, viticulteur dans le d\u00e9partement de C\u00f4te-d'Or, exploite depuis les ann\u00e9es 1970 dix hectares de vignes en agriculture biologique sur la C\u00f4te-de-Beaune et la Haute-C\u00f4te-de-Nuits. Aujourd'hui, il encourt jusqu'\u00e0 six mois d'emprisonnement et 30 000 euros d'amende pour avoir refus\u00e9\u2026","rel":"","context":"Dans &quot;Animaux&quot;","block_context":{"text":"Animaux","link":"https:\/\/www.lilavert.com\/blog_lilavert\/category\/animaux-2\/"},"img":{"alt_text":"","src":"","width":0,"height":0},"classes":[]},{"id":977,"url":"https:\/\/www.lilavert.com\/blog_lilavert\/nos-enfants-nous-accuseront\/","url_meta":{"origin":13002,"position":1},"title":"Nos enfants nous accuseront","author":"LilaVert I-I","date":"22\/12\/2012","format":"video","excerpt":"Datant de 2008, Nos enfants nous accuseront\u00a0de Jean-Paul Jaud \u00e0 partager toujours et encore... La courageuse initiative d\u2019une municipalit\u00e9 du Gard qui d\u00e9cide d\u2019introduire le bio dans la cantine scolaire du village. Le r\u00e9alisateur brosse un portrait sans concession sur la trag\u00e9die environnementale qui guette les jeunes g\u00e9n\u00e9rations : empoisonnement\u2026","rel":"","context":"Dans &quot;News&quot;","block_context":{"text":"News","link":"https:\/\/www.lilavert.com\/blog_lilavert\/category\/news\/"},"img":{"alt_text":"","src":"https:\/\/i0.wp.com\/www.lilavert.com\/blog_lilavert\/wp-content\/uploads\/2012\/12\/nos_enfants_nous_accuseront.jpg?resize=350%2C200&ssl=1","width":350,"height":200,"srcset":"https:\/\/i0.wp.com\/www.lilavert.com\/blog_lilavert\/wp-content\/uploads\/2012\/12\/nos_enfants_nous_accuseront.jpg?resize=350%2C200&ssl=1 1x, https:\/\/i0.wp.com\/www.lilavert.com\/blog_lilavert\/wp-content\/uploads\/2012\/12\/nos_enfants_nous_accuseront.jpg?resize=525%2C300&ssl=1 1.5x, https:\/\/i0.wp.com\/www.lilavert.com\/blog_lilavert\/wp-content\/uploads\/2012\/12\/nos_enfants_nous_accuseront.jpg?resize=700%2C400&ssl=1 2x"},"classes":[]},{"id":2903,"url":"https:\/\/www.lilavert.com\/blog_lilavert\/entre-ciel-et-terre-avec-jorge-mayet\/","url_meta":{"origin":13002,"position":2},"title":"Entre ciel et terre avec Jorge Mayet","author":"LilaVert I-I","date":"23\/08\/2013","format":"gallery","excerpt":"D\u00e9couvrez les sculptures \"entre ciel et terre\" de Jorge Mayet.\u00a0 Originaire de Cuba, il vit actuellement en Espagne. Suivez-le sur facebook.","rel":"","context":"Dans &quot;art&quot;","block_context":{"text":"art","link":"https:\/\/www.lilavert.com\/blog_lilavert\/category\/art\/"},"img":{"alt_text":"","src":"","width":0,"height":0},"classes":[]},{"id":4490,"url":"https:\/\/www.lilavert.com\/blog_lilavert\/une-baleine-retrouvee-morte-avec-20-kilos-de-plastique-dans-lestomac\/","url_meta":{"origin":13002,"position":3},"title":"Une baleine retrouv\u00e9e morte avec 20 kilos de plastique dans l&rsquo;estomac","author":"LilaVert I-I","date":"21\/11\/2013","format":"video","excerpt":"Le plastique c'est fantastique ! Certainement mais \u00e0 quel prix ? Aujourd'hui la pollution marine est telle que nos oc\u00e9ans sont envahis d'une v\u00e9ritable soupe de microplastiques qui se concentrent au gr\u00e9 des courants marins. Bien qu'invisible en surface, cette pollution marine se mat\u00e9rialise \u00e9galement par la mort de centaines\u2026","rel":"","context":"Dans &quot;Animaux&quot;","block_context":{"text":"Animaux","link":"https:\/\/www.lilavert.com\/blog_lilavert\/category\/animaux-2\/"},"img":{"alt_text":"Cachalot \u00e9chou\u00e9 d\u00e9but novembre 2013 \u00a9 Clarin","src":"https:\/\/i0.wp.com\/www.lilavert.com\/blog_lilavert\/wp-content\/uploads\/2013\/11\/cachalot-plastique-Hollande.jpg?resize=350%2C200&ssl=1","width":350,"height":200,"srcset":"https:\/\/i0.wp.com\/www.lilavert.com\/blog_lilavert\/wp-content\/uploads\/2013\/11\/cachalot-plastique-Hollande.jpg?resize=350%2C200&ssl=1 1x, https:\/\/i0.wp.com\/www.lilavert.com\/blog_lilavert\/wp-content\/uploads\/2013\/11\/cachalot-plastique-Hollande.jpg?resize=525%2C300&ssl=1 1.5x, https:\/\/i0.wp.com\/www.lilavert.com\/blog_lilavert\/wp-content\/uploads\/2013\/11\/cachalot-plastique-Hollande.jpg?resize=700%2C400&ssl=1 2x"},"classes":[]},{"id":3269,"url":"https:\/\/www.lilavert.com\/blog_lilavert\/25-illustrations-arbres-feuilles-ecologie-au-format-illustrator-vector\/","url_meta":{"origin":13002,"position":4},"title":"25 free illustrations : arbres, feuilles, ecologie au format illustrator (Vector)","author":"LilaVert I-I","date":"15\/09\/2013","format":false,"excerpt":"25 illustrations gratuites : arbres, feuilles, visuel ecologie au format illustrator (Vector) - Ressources vectorielles pour les graphistes en herbe. Cliquez sur l'une des deux images :","rel":"","context":"Dans &quot;Environnement&quot;","block_context":{"text":"Environnement","link":"https:\/\/www.lilavert.com\/blog_lilavert\/category\/environnement-2\/"},"img":{"alt_text":"","src":"https:\/\/i0.wp.com\/www.lilavert.com\/blog_lilavert\/wp-content\/uploads\/2013\/09\/2.leaf-and-tree-vectors.jpg?resize=350%2C200&ssl=1","width":350,"height":200},"classes":[]},{"id":6593,"url":"https:\/\/www.lilavert.com\/blog_lilavert\/la-faim\/","url_meta":{"origin":13002,"position":5},"title":"La Faim","author":"LilaVert I-I","date":"26\/03\/2014","format":"video","excerpt":"La Faim.\u00a0Documentaire de\u00a0Marcus Vetter. Sans commentaire. Le niveau de production alimentaire n\u2019a jamais \u00e9t\u00e9 aussi \u00e9lev\u00e9 qu\u2019aujourd\u2019hui. Pourtant, plus d\u2019un milliard de personnes souffrent aujourd\u2019hui de la faim dans le monde, soit une personne sur sept, et leur nombre ne cesse de grandir. \u00c0 Port-au-Prince, les pauvres se nourrissent de\u2026","rel":"","context":"Dans &quot;Exploitation&quot;","block_context":{"text":"Exploitation","link":"https:\/\/www.lilavert.com\/blog_lilavert\/category\/exploitation-2\/"},"img":{"alt_text":"galettes de boue","src":"https:\/\/i0.wp.com\/www.lilavert.com\/blog_lilavert\/wp-content\/uploads\/2014\/03\/galettes-de-boue.jpg?resize=350%2C200&ssl=1","width":350,"height":200,"srcset":"https:\/\/i0.wp.com\/www.lilavert.com\/blog_lilavert\/wp-content\/uploads\/2014\/03\/galettes-de-boue.jpg?resize=350%2C200&ssl=1 1x, https:\/\/i0.wp.com\/www.lilavert.com\/blog_lilavert\/wp-content\/uploads\/2014\/03\/galettes-de-boue.jpg?resize=525%2C300&ssl=1 1.5x, https:\/\/i0.wp.com\/www.lilavert.com\/blog_lilavert\/wp-content\/uploads\/2014\/03\/galettes-de-boue.jpg?resize=700%2C400&ssl=1 2x"},"classes":[]}],"_links":{"self":[{"href":"https:\/\/www.lilavert.com\/blog_lilavert\/wp-json\/wp\/v2\/posts\/13002"}],"collection":[{"href":"https:\/\/www.lilavert.com\/blog_lilavert\/wp-json\/wp\/v2\/posts"}],"about":[{"href":"https:\/\/www.lilavert.com\/blog_lilavert\/wp-json\/wp\/v2\/types\/post"}],"author":[{"embeddable":true,"href":"https:\/\/www.lilavert.com\/blog_lilavert\/wp-json\/wp\/v2\/users\/1"}],"replies":[{"embeddable":true,"href":"https:\/\/www.lilavert.com\/blog_lilavert\/wp-json\/wp\/v2\/comments?post=13002"}],"version-history":[{"count":0,"href":"https:\/\/www.lilavert.com\/blog_lilavert\/wp-json\/wp\/v2\/posts\/13002\/revisions"}],"wp:attachment":[{"href":"https:\/\/www.lilavert.com\/blog_lilavert\/wp-json\/wp\/v2\/media?parent=13002"}],"wp:term":[{"taxonomy":"category","embeddable":true,"href":"https:\/\/www.lilavert.com\/blog_lilavert\/wp-json\/wp\/v2\/categories?post=13002"},{"taxonomy":"post_tag","embeddable":true,"href":"https:\/\/www.lilavert.com\/blog_lilavert\/wp-json\/wp\/v2\/tags?post=13002"}],"curies":[{"name":"wp","href":"https:\/\/api.w.org\/{rel}","templated":true}]}}