{"id":11931,"date":"2016-10-03T18:36:17","date_gmt":"2016-10-03T18:36:17","guid":{"rendered":"https:\/\/www.lilavert.com\/blog_lilavert\/?p=11931"},"modified":"2017-09-17T12:31:37","modified_gmt":"2017-09-17T12:31:37","slug":"pablo-hueso-sculptures-figuratives","status":"publish","type":"post","link":"https:\/\/www.lilavert.com\/blog_lilavert\/pablo-hueso-sculptures-figuratives\/","title":{"rendered":"Pablo Hueso &#8211; Sculptures figuratives"},"content":{"rendered":"<p><strong>Pablo Hueso &#8211; Sculptures figuratives<\/strong> (Espagne)<\/p>\n<div id=\"attachment_11941\" style=\"width: 596px\" class=\"wp-caption alignnone\"><a href=\"http:\/\/wp.me\/p6hYQX-36r\" rel=\"attachment wp-att-11941\"><img loading=\"lazy\" decoding=\"async\" aria-describedby=\"caption-attachment-11941\" class=\"wp-image-11941 size-full\" src=\"https:\/\/www.lilavert.com\/blog_lilavert\/wp-content\/uploads\/2016\/10\/Pablo-Hueso-Sculpture-Figura-Ne-342-2016.jpg\" alt=\"Pablo Hueso - Sculpture - figura-ne-342-2016\" width=\"586\" height=\"879\" srcset=\"https:\/\/www.lilavert.com\/blog_lilavert\/wp-content\/uploads\/2016\/10\/Pablo-Hueso-Sculpture-Figura-Ne-342-2016.jpg 586w, https:\/\/www.lilavert.com\/blog_lilavert\/wp-content\/uploads\/2016\/10\/Pablo-Hueso-Sculpture-Figura-Ne-342-2016-100x150.jpg 100w, https:\/\/www.lilavert.com\/blog_lilavert\/wp-content\/uploads\/2016\/10\/Pablo-Hueso-Sculpture-Figura-Ne-342-2016-200x300.jpg 200w, https:\/\/www.lilavert.com\/blog_lilavert\/wp-content\/uploads\/2016\/10\/Pablo-Hueso-Sculpture-Figura-Ne-342-2016-400x600.jpg 400w, https:\/\/www.lilavert.com\/blog_lilavert\/wp-content\/uploads\/2016\/10\/Pablo-Hueso-Sculpture-Figura-Ne-342-2016-300x450.jpg 300w\" sizes=\"(max-width: 586px) 100vw, 586px\" \/><\/a><\/p>\n<p id=\"caption-attachment-11941\" class=\"wp-caption-text\">Pablo Hueso &#8211; Sculpture &#8211; figura-ne-342-2016<\/p>\n<\/div>\n<p>&gt;&gt; I LOVE your sculpture Pablo !!!<\/p>\n<p><em>\u00ab\u00a0La repr\u00e9sentation de la figure humaine est\u00a0une constante dans mon travail de conception, l&rsquo;\u00eatre humain\u00a0est\u00a0une source d&rsquo;inspiration, devenant le protagoniste absolu et presque unique\u00a0de\u00a0la transmission des \u00e9motions \u00e0 travers le langage du corps et de l&rsquo;effort pour \u00e9tablir une communication sensorielle par l&rsquo;expressivit\u00e9 d&rsquo;un corps\u00a0\u00bb<\/em><\/p>\n<p>La representaci\u00f3n de la figura humana ha sido as\u00ed una constante en mis trabajos de dise\u00f1o, y el ser humano, siempre una inagotable fuente de inspiraci\u00f3n, convirti\u00e9ndose en protagonista absoluto y casi \u00fanico, tanto de mi obra gr\u00e1fica como de mi escultura, en un continuo estudio y reflexi\u00f3n sobre la anatom\u00eda, la transmisi\u00f3n de emociones mediante la gestualidad y el esfuerzo por establecer una comunicaci\u00f3n sensorial a trav\u00e9s de la expresividad de un cuerpo.<\/p>\n<ul>\n<li><strong><a href=\"https:\/\/fr.pinterest.com\/hueso0283\/\" target=\"_blank\">Pinterest<\/a><\/strong><\/li>\n<li><strong><a href=\"https:\/\/twitter.com\/PabloHuesoArt\" target=\"_blank\">Twitter<\/a><\/strong><\/li>\n<li><strong><a href=\"http:\/\/pablohuesoart.com\" target=\"_blank\">Pablo Website<\/a><\/strong><\/li>\n<\/ul>\n<blockquote class=\"twitter-video\" data-lang=\"fr\">\n<p dir=\"ltr\" lang=\"und\"><a href=\"https:\/\/twitter.com\/PabloHuesoArt\">@PabloHuesoArt<\/a> en <a href=\"https:\/\/twitter.com\/ArtFairMalaga\">@ArtFairMalaga<\/a> <a href=\"https:\/\/t.co\/mwNQp3b41k\">pic.twitter.com\/mwNQp3b41k<\/a><\/p>\n<p>\u2014 Pablo Hueso Art (@PabloHuesoArt) <a href=\"https:\/\/twitter.com\/PabloHuesoArt\/status\/883085395042476032\">6 juillet 2017<\/a><\/p><\/blockquote>\n<p><script src=\"\/\/platform.twitter.com\/widgets.js\" async=\"\" charset=\"utf-8\"><\/script><\/p>\n","protected":false},"excerpt":{"rendered":"<p>Pablo Hueso &#8211; Sculptures figuratives (Espagne) &gt;&gt; I LOVE your sculpture Pablo !!! \u00ab\u00a0La repr\u00e9sentation de la figure humaine est\u00a0une<\/p>\n","protected":false},"author":1,"featured_media":0,"comment_status":"open","ping_status":"open","sticky":false,"template":"","format":"gallery","meta":{"_monsterinsights_skip_tracking":false,"_monsterinsights_sitenote_active":false,"_monsterinsights_sitenote_note":"","_monsterinsights_sitenote_category":0,"jetpack_post_was_ever_published":false,"_jetpack_newsletter_access":"","_jetpack_newsletter_tier_id":0,"footnotes":""},"categories":[39,220,1332,16,179],"tags":[24,4003,82,22,177,3333,2818,4271,305,1857],"jetpack_sharing_enabled":true,"jetpack_featured_media_url":"","jetpack_shortlink":"https:\/\/wp.me\/p6hYQX-36r","jetpack-related-posts":[{"id":6323,"url":"https:\/\/www.lilavert.com\/blog_lilavert\/some-things-are-temptations-jordi-diez-fernandez-sculptures\/","url_meta":{"origin":11931,"position":0},"title":"Some things are temptations > Jordi Diez Fernandez &#8211; Sculptures","author":"LilaVert I-I","date":"08\/03\/2014","format":"gallery","excerpt":"Some things are temptations > Jordi Diez Fernandez - Sculptures\u00a0(spain) Website Follow on FB","rel":"","context":"Dans &quot;art&quot;","block_context":{"text":"art","link":"https:\/\/www.lilavert.com\/blog_lilavert\/category\/art\/"},"img":{"alt_text":"Jordi Diez Fernandez - sculptures","src":"https:\/\/i0.wp.com\/www.lilavert.com\/blog_lilavert\/wp-content\/uploads\/2014\/03\/Jordi-Diez-Fernandez-sculptures.jpg?resize=350%2C200&ssl=1","width":350,"height":200,"srcset":"https:\/\/i0.wp.com\/www.lilavert.com\/blog_lilavert\/wp-content\/uploads\/2014\/03\/Jordi-Diez-Fernandez-sculptures.jpg?resize=350%2C200&ssl=1 1x, https:\/\/i0.wp.com\/www.lilavert.com\/blog_lilavert\/wp-content\/uploads\/2014\/03\/Jordi-Diez-Fernandez-sculptures.jpg?resize=525%2C300&ssl=1 1.5x, https:\/\/i0.wp.com\/www.lilavert.com\/blog_lilavert\/wp-content\/uploads\/2014\/03\/Jordi-Diez-Fernandez-sculptures.jpg?resize=700%2C400&ssl=1 2x"},"classes":[]},{"id":1326,"url":"https:\/\/www.lilavert.com\/blog_lilavert\/les-sculptures-figuratives-de-susannah-zucker\/","url_meta":{"origin":11931,"position":1},"title":"Les sculptures figuratives de Susannah Zucker","author":"LilaVert I-I","date":"26\/01\/2013","format":"gallery","excerpt":"Susannah Zucker est sculpteur figurative. Son int\u00e9r\u00eat pour cet art est enracin\u00e9e dans une longue tradition de recherche centr\u00e9e sur le corps. 25 ans de formation en danse, l'enseignement, l'interpr\u00e9tation et la pratique bouddhiste se refl\u00e8tent dans ses sculptures et cette recherche donne toute son expression \u00e0 de nombreux aspects\u2026","rel":"","context":"Dans &quot;art&quot;","block_context":{"text":"art","link":"https:\/\/www.lilavert.com\/blog_lilavert\/category\/art\/"},"img":{"alt_text":"Susannah Zucker - New York Sculptures","src":"https:\/\/i0.wp.com\/www.lilavert.com\/blog_lilavert\/wp-content\/uploads\/2013\/01\/Susannah-Zucker-New-York-Sculptures.jpg?resize=350%2C200&ssl=1","width":350,"height":200,"srcset":"https:\/\/i0.wp.com\/www.lilavert.com\/blog_lilavert\/wp-content\/uploads\/2013\/01\/Susannah-Zucker-New-York-Sculptures.jpg?resize=350%2C200&ssl=1 1x, https:\/\/i0.wp.com\/www.lilavert.com\/blog_lilavert\/wp-content\/uploads\/2013\/01\/Susannah-Zucker-New-York-Sculptures.jpg?resize=525%2C300&ssl=1 1.5x"},"classes":[]},{"id":6149,"url":"https:\/\/www.lilavert.com\/blog_lilavert\/cute-readers-sculptures-roser-oter\/","url_meta":{"origin":11931,"position":2},"title":"Cute readers sculptures of Roser Oter","author":"LilaVert I-I","date":"21\/02\/2014","format":"gallery","excerpt":"Cute readers sculptures of Roser Oter (Espagne) Website Follow on FB","rel":"","context":"Dans &quot;art&quot;","block_context":{"text":"art","link":"https:\/\/www.lilavert.com\/blog_lilavert\/category\/art\/"},"img":{"alt_text":"Roser Oter - sculptures cute readers","src":"https:\/\/i0.wp.com\/www.lilavert.com\/blog_lilavert\/wp-content\/uploads\/2014\/02\/Roser-Oter-sculptures6-1024x791.jpg?resize=350%2C200&ssl=1","width":350,"height":200,"srcset":"https:\/\/i0.wp.com\/www.lilavert.com\/blog_lilavert\/wp-content\/uploads\/2014\/02\/Roser-Oter-sculptures6-1024x791.jpg?resize=350%2C200&ssl=1 1x, https:\/\/i0.wp.com\/www.lilavert.com\/blog_lilavert\/wp-content\/uploads\/2014\/02\/Roser-Oter-sculptures6-1024x791.jpg?resize=525%2C300&ssl=1 1.5x, https:\/\/i0.wp.com\/www.lilavert.com\/blog_lilavert\/wp-content\/uploads\/2014\/02\/Roser-Oter-sculptures6-1024x791.jpg?resize=700%2C400&ssl=1 2x"},"classes":[]},{"id":5825,"url":"https:\/\/www.lilavert.com\/blog_lilavert\/figurative-sculptures-anderson-lewis\/","url_meta":{"origin":11931,"position":3},"title":"Figurative Sculptures of Anderson Lewis","author":"LilaVert I-I","date":"02\/02\/2014","format":"gallery","excerpt":"Figurative Sculptures of Anderson Lewis. (Etats-Unis) dlihca.com dlihca.blogspot.com Follow on FB \u00a0","rel":"","context":"Dans &quot;art&quot;","block_context":{"text":"art","link":"https:\/\/www.lilavert.com\/blog_lilavert\/category\/art\/"},"img":{"alt_text":"Anderson Lewis - sculptures","src":"https:\/\/i0.wp.com\/www.lilavert.com\/blog_lilavert\/wp-content\/uploads\/2014\/02\/Anderson-Lewis-sculptures1.jpg?resize=350%2C200&ssl=1","width":350,"height":200,"srcset":"https:\/\/i0.wp.com\/www.lilavert.com\/blog_lilavert\/wp-content\/uploads\/2014\/02\/Anderson-Lewis-sculptures1.jpg?resize=350%2C200&ssl=1 1x, https:\/\/i0.wp.com\/www.lilavert.com\/blog_lilavert\/wp-content\/uploads\/2014\/02\/Anderson-Lewis-sculptures1.jpg?resize=525%2C300&ssl=1 1.5x"},"classes":[]},{"id":5817,"url":"https:\/\/www.lilavert.com\/blog_lilavert\/wood-figuratif-sculptures-matthias-verginer\/","url_meta":{"origin":11931,"position":4},"title":"Wood figuratif sculptures of Matthias Verginer","author":"LilaVert I-I","date":"02\/02\/2014","format":"gallery","excerpt":"Wood figuratif sculptures of Matthias Verginer.\u00a0Lives and works in Ortisei (BZ), Northern Italy. Website","rel":"","context":"Dans &quot;art&quot;","block_context":{"text":"art","link":"https:\/\/www.lilavert.com\/blog_lilavert\/category\/art\/"},"img":{"alt_text":"","src":"","width":0,"height":0},"classes":[]},{"id":5671,"url":"https:\/\/www.lilavert.com\/blog_lilavert\/sculptures-figuratives-clay-persimmons\/","url_meta":{"origin":11931,"position":5},"title":"Sculptures figuratives Clay &#038; Persimmons","author":"LilaVert I-I","date":"28\/01\/2014","format":"gallery","excerpt":"Sculptures figuratives Clay & Persimmons. Website Youtube","rel":"","context":"Dans &quot;art&quot;","block_context":{"text":"art","link":"https:\/\/www.lilavert.com\/blog_lilavert\/category\/art\/"},"img":{"alt_text":"","src":"","width":0,"height":0},"classes":[]}],"_links":{"self":[{"href":"https:\/\/www.lilavert.com\/blog_lilavert\/wp-json\/wp\/v2\/posts\/11931"}],"collection":[{"href":"https:\/\/www.lilavert.com\/blog_lilavert\/wp-json\/wp\/v2\/posts"}],"about":[{"href":"https:\/\/www.lilavert.com\/blog_lilavert\/wp-json\/wp\/v2\/types\/post"}],"author":[{"embeddable":true,"href":"https:\/\/www.lilavert.com\/blog_lilavert\/wp-json\/wp\/v2\/users\/1"}],"replies":[{"embeddable":true,"href":"https:\/\/www.lilavert.com\/blog_lilavert\/wp-json\/wp\/v2\/comments?post=11931"}],"version-history":[{"count":0,"href":"https:\/\/www.lilavert.com\/blog_lilavert\/wp-json\/wp\/v2\/posts\/11931\/revisions"}],"wp:attachment":[{"href":"https:\/\/www.lilavert.com\/blog_lilavert\/wp-json\/wp\/v2\/media?parent=11931"}],"wp:term":[{"taxonomy":"category","embeddable":true,"href":"https:\/\/www.lilavert.com\/blog_lilavert\/wp-json\/wp\/v2\/categories?post=11931"},{"taxonomy":"post_tag","embeddable":true,"href":"https:\/\/www.lilavert.com\/blog_lilavert\/wp-json\/wp\/v2\/tags?post=11931"}],"curies":[{"name":"wp","href":"https:\/\/api.w.org\/{rel}","templated":true}]}}