{"id":11844,"date":"2016-08-12T13:20:12","date_gmt":"2016-08-12T13:20:12","guid":{"rendered":"https:\/\/www.lilavert.com\/blog_lilavert\/?p=11844"},"modified":"2016-08-12T13:25:05","modified_gmt":"2016-08-12T13:25:05","slug":"sculptures-vegetales-de-alain-mailland","status":"publish","type":"post","link":"https:\/\/www.lilavert.com\/blog_lilavert\/sculptures-vegetales-de-alain-mailland\/","title":{"rendered":"Sculptures v\u00e9g\u00e9tales de Alain Mailland"},"content":{"rendered":"<p><strong>Sculptures po\u00e9tiques et v\u00e9g\u00e9tales de Alain Mailland <\/strong>(fr) \/<br \/>\nPoetic and vegetale\u00a0sculptures\u00a0<strong>Alain Mailland<\/strong><\/p>\n<div id=\"attachment_11849\" style=\"width: 778px\" class=\"wp-caption alignnone\"><a href=\"http:\/\/wp.me\/p6hYQX-352\" rel=\"attachment wp-att-11849\"><img loading=\"lazy\" decoding=\"async\" aria-describedby=\"caption-attachment-11849\" class=\"wp-image-11849 size-full\" src=\"https:\/\/www.lilavert.com\/blog_lilavert\/wp-content\/uploads\/2016\/08\/Alain-Mailland-Sculpture-La-graine-Loupe-dAcacia.jpg\" alt=\"Alain Mailland - Sculpture La graine - Loupe d'Acacia\" width=\"768\" height=\"1024\" srcset=\"https:\/\/www.lilavert.com\/blog_lilavert\/wp-content\/uploads\/2016\/08\/Alain-Mailland-Sculpture-La-graine-Loupe-dAcacia.jpg 768w, https:\/\/www.lilavert.com\/blog_lilavert\/wp-content\/uploads\/2016\/08\/Alain-Mailland-Sculpture-La-graine-Loupe-dAcacia-113x150.jpg 113w, https:\/\/www.lilavert.com\/blog_lilavert\/wp-content\/uploads\/2016\/08\/Alain-Mailland-Sculpture-La-graine-Loupe-dAcacia-225x300.jpg 225w, https:\/\/www.lilavert.com\/blog_lilavert\/wp-content\/uploads\/2016\/08\/Alain-Mailland-Sculpture-La-graine-Loupe-dAcacia-400x533.jpg 400w, https:\/\/www.lilavert.com\/blog_lilavert\/wp-content\/uploads\/2016\/08\/Alain-Mailland-Sculpture-La-graine-Loupe-dAcacia-300x400.jpg 300w\" sizes=\"(max-width: 768px) 100vw, 768px\" \/><\/a><\/p>\n<p id=\"caption-attachment-11849\" class=\"wp-caption-text\">Alain Mailland &#8211; Sculpture La graine &#8211; Loupe d&rsquo;Acacia<\/p>\n<\/div>\n<p><em>\u00ab\u00a0Les sculptures que vous pourrez d\u00e9couvrir dans ce site sont pour moi, une fa\u00e7on de c\u00e9l\u00e9brer la vie et les merveilles secr\u00e8tes des loupes et racines du midi.<br \/>\nTourneur sp\u00e9cialis\u00e9 dans le creusage du bois vert,\u00a0 je tourne des pi\u00e8ces fines aux formes v\u00e9g\u00e9tales ou marines.<br \/>\nJe sculpte ensuite ces \u00e9bauches pour obtenir des cr\u00e9atures hybrides, v\u00e9g\u00e9tales, animales ou cosmiques\u2026\u00a0\u00bb<\/em><\/p>\n<ul>\n<li><strong><a href=\"http:\/\/mailland.fr\/\" target=\"_blank\">Website<\/a><\/strong><\/li>\n<\/ul>\n<p><iframe loading=\"lazy\" src=\"https:\/\/www.youtube.com\/embed\/3FGEPmV4vBk\" width=\"560\" height=\"315\" frameborder=\"0\" allowfullscreen=\"allowfullscreen\"><\/iframe><\/p>\n","protected":false},"excerpt":{"rendered":"<p>Sculptures po\u00e9tiques et v\u00e9g\u00e9tales de Alain Mailland (fr) \/ Poetic and vegetale\u00a0sculptures\u00a0Alain Mailland \u00ab\u00a0Les sculptures que vous pourrez d\u00e9couvrir dans<\/p>\n","protected":false},"author":1,"featured_media":0,"comment_status":"open","ping_status":"open","sticky":false,"template":"","format":"gallery","meta":{"_monsterinsights_skip_tracking":false,"_monsterinsights_sitenote_active":false,"_monsterinsights_sitenote_note":"","_monsterinsights_sitenote_category":0,"jetpack_post_was_ever_published":false,"_jetpack_newsletter_access":"","_jetpack_newsletter_tier_id":0,"footnotes":""},"categories":[39,220,1332,16,179],"tags":[4256,1686,4003,1559,1464,22,229,4255,2778,649,905,305,4178,3185,4254],"jetpack_sharing_enabled":true,"jetpack_featured_media_url":"","jetpack_shortlink":"https:\/\/wp.me\/p6hYQX-352","jetpack-related-posts":[{"id":8406,"url":"https:\/\/www.lilavert.com\/blog_lilavert\/sculptures-metamorphosees-et-poetiques-de-armelle-blary\/","url_meta":{"origin":11844,"position":0},"title":"Sculptures m\u00e9tamorphos\u00e9es et po\u00e9tiques de Armelle Blary","author":"LilaVert I-I","date":"05\/12\/2014","format":"gallery","excerpt":"Sculptures m\u00e9tamorphos\u00e9es et po\u00e9tiques de Armelle Blary. (France) - Tissus, fil de fer Son univers personnel se d\u00e9veloppe dans des \u0153uvres o\u00f9 l\u2019humain, l\u2019objet, l\u2019animal, le v\u00e9g\u00e9tal se croisent dans une po\u00e9tique de l\u2019entre-deux et du devenir. Nourrie de litt\u00e9rature, Armelle Blary recourt volontiers aux mythes anciens. Elle puise dans\u2026","rel":"","context":"Dans &quot;art&quot;","block_context":{"text":"art","link":"https:\/\/www.lilavert.com\/blog_lilavert\/category\/art\/"},"img":{"alt_text":"Armelle Blary - Daphn\u00c3\u00a9 - sculpture textile","src":"https:\/\/i0.wp.com\/www.lilavert.com\/blog_lilavert\/wp-content\/uploads\/2014\/12\/Armelle-Blary-Daphne-668x1024.jpg?resize=350%2C200&ssl=1","width":350,"height":200,"srcset":"https:\/\/i0.wp.com\/www.lilavert.com\/blog_lilavert\/wp-content\/uploads\/2014\/12\/Armelle-Blary-Daphne-668x1024.jpg?resize=350%2C200&ssl=1 1x, https:\/\/i0.wp.com\/www.lilavert.com\/blog_lilavert\/wp-content\/uploads\/2014\/12\/Armelle-Blary-Daphne-668x1024.jpg?resize=525%2C300&ssl=1 1.5x"},"classes":[]},{"id":5997,"url":"https:\/\/www.lilavert.com\/blog_lilavert\/textile-sculptures-de-simone-pheulpin\/","url_meta":{"origin":11844,"position":1},"title":"Textile sculptures de Simone Pheulpin","author":"LilaVert I-I","date":"08\/02\/2014","format":"gallery","excerpt":"Textile sculptures de Simone Pheulpin. N\u00e9e en 1941, Simone Pheulpin\u00a0est une sculptrice sur\u00a0textile\u00a0(france). Son travail r\u00e9side dans le pliage minutieux et r\u00e9p\u00e9titif de bandes de coton non blanchi, non d\u00e9cati, r\u00eache, des Vosges. Son fa\u00e7onnage est permis par des attaches non visibles, \u00e9pingles qu'elle dissimule au c\u0153ur de l\u2019\u0153uvre. Il\u2026","rel":"","context":"Dans &quot;art&quot;","block_context":{"text":"art","link":"https:\/\/www.lilavert.com\/blog_lilavert\/category\/art\/"},"img":{"alt_text":"Textile sculptures de Simone Pheulpin - closion","src":"https:\/\/i0.wp.com\/www.lilavert.com\/blog_lilavert\/wp-content\/uploads\/2014\/02\/Textile-sculptures-de-Simone-Pheulpin-closion.jpg?resize=350%2C200&ssl=1","width":350,"height":200,"srcset":"https:\/\/i0.wp.com\/www.lilavert.com\/blog_lilavert\/wp-content\/uploads\/2014\/02\/Textile-sculptures-de-Simone-Pheulpin-closion.jpg?resize=350%2C200&ssl=1 1x, https:\/\/i0.wp.com\/www.lilavert.com\/blog_lilavert\/wp-content\/uploads\/2014\/02\/Textile-sculptures-de-Simone-Pheulpin-closion.jpg?resize=525%2C300&ssl=1 1.5x, https:\/\/i0.wp.com\/www.lilavert.com\/blog_lilavert\/wp-content\/uploads\/2014\/02\/Textile-sculptures-de-Simone-Pheulpin-closion.jpg?resize=700%2C400&ssl=1 2x"},"classes":[]},{"id":6654,"url":"https:\/\/www.lilavert.com\/blog_lilavert\/jephan-de-villiers-par-nature-sculpteur\/","url_meta":{"origin":11844,"position":2},"title":"Jephan de Villiers &#8211; par \u00ab\u00a0Nature\u00a0\u00bb sculpteur","author":"LilaVert I-I","date":"29\/03\/2014","format":"gallery","excerpt":"Jephan de Villiers - par \"Nature\" sculpteur, born 1940. Il\u00a0apprend, seul,\u00a0la sculpture en observant la nature - r\u00e9coltant bois, feuilles, graines, terre ou boue.\u00a0Inspir\u00e9 des oeuvres de Giacometti, Brancusi et de Zadkine. Son univers est po\u00e9tique et empreint de nature humaine.\u00a0Des \u00eatres fragiles en bois ou en terre, des \u00ab\u2026","rel":"","context":"Dans &quot;art&quot;","block_context":{"text":"art","link":"https:\/\/www.lilavert.com\/blog_lilavert\/category\/art\/"},"img":{"alt_text":"","src":"","width":0,"height":0},"classes":[]},{"id":11872,"url":"https:\/\/www.lilavert.com\/blog_lilavert\/stroff-denis-mixed-media-sculptures\/","url_meta":{"origin":11844,"position":3},"title":"Stroff Denis &#8211; Mixed media sculptures","author":"LilaVert I-I","date":"28\/08\/2016","format":"gallery","excerpt":"Stroff Denis - Mixed media sculptures (Belgique) Sculptures,\u00a0technique mixte\u00a0:\u00a0Bois,\u00a0papier,\u00a0papier\u00a0m\u00e2ch\u00e9,\u00a0acrylique,\u00a0coton,\u00a0lin,\u00a0ficelle. Po\u00e9tiques, macabres\u00a0et d\u00e9rangeantes, les sculptures de Stroff, artiste autodidacte. Facebook Blog (voir aussi les sculptures mixed-media de\u00a0Sabrina Gruss)","rel":"","context":"Dans &quot;art&quot;","block_context":{"text":"art","link":"https:\/\/www.lilavert.com\/blog_lilavert\/category\/art\/"},"img":{"alt_text":"","src":"https:\/\/i0.wp.com\/www.lilavert.com\/blog_lilavert\/wp-content\/uploads\/2016\/08\/Stroff-Denis-Sculptures-mixed-media.jpg?resize=350%2C200&ssl=1","width":350,"height":200,"srcset":"https:\/\/i0.wp.com\/www.lilavert.com\/blog_lilavert\/wp-content\/uploads\/2016\/08\/Stroff-Denis-Sculptures-mixed-media.jpg?resize=350%2C200&ssl=1 1x, https:\/\/i0.wp.com\/www.lilavert.com\/blog_lilavert\/wp-content\/uploads\/2016\/08\/Stroff-Denis-Sculptures-mixed-media.jpg?resize=525%2C300&ssl=1 1.5x, https:\/\/i0.wp.com\/www.lilavert.com\/blog_lilavert\/wp-content\/uploads\/2016\/08\/Stroff-Denis-Sculptures-mixed-media.jpg?resize=700%2C400&ssl=1 2x"},"classes":[]},{"id":8950,"url":"https:\/\/www.lilavert.com\/blog_lilavert\/les-magnifiques-papiers-maches-de-melanie-bourlon\/","url_meta":{"origin":11844,"position":4},"title":"Les magnifiques Papiers-M\u00e2ch\u00e9s de Melanie Bourlon","author":"LilaVert I-I","date":"28\/02\/2015","format":"gallery","excerpt":"Les magnifiques Papiers-M\u00e2ch\u00e9s de Melanie Bourlon. (Is\u00e8re - FR) Artiste autodidacte,\u00a0M\u00e9lanie\u00a0Bourlon\u00a0travaille depuis 8 ans le papier pour en faire \u00e9clore lion lynx, ours ou vache dans sa boutique atelier qui a pignon sur rue aux Aveni\u00e8res\u00a0en Is\u00e8re.\u00a0Elle partage bien volontiers sa passion et anime\u00a0des ateliers. Le travail de\u00a0M\u00e9lanie Bourlon\u00a0s'inscrit dans\u2026","rel":"","context":"Dans &quot;Animaux&quot;","block_context":{"text":"Animaux","link":"https:\/\/www.lilavert.com\/blog_lilavert\/category\/animaux-2\/"},"img":{"alt_text":"M\u00c3\u00a9lanie Bourlon - Sculptures Papier mach\u00c3\u00a9 - Death","src":"https:\/\/i0.wp.com\/www.lilavert.com\/blog_lilavert\/wp-content\/uploads\/2015\/02\/M\u00c3\u00a9lanie-Bourlon-Sculptures-Papier-mach\u00c3\u00a9-700x1024.jpg?resize=350%2C200&ssl=1","width":350,"height":200,"srcset":"https:\/\/i0.wp.com\/www.lilavert.com\/blog_lilavert\/wp-content\/uploads\/2015\/02\/M\u00c3\u00a9lanie-Bourlon-Sculptures-Papier-mach\u00c3\u00a9-700x1024.jpg?resize=350%2C200&ssl=1 1x, https:\/\/i0.wp.com\/www.lilavert.com\/blog_lilavert\/wp-content\/uploads\/2015\/02\/M\u00c3\u00a9lanie-Bourlon-Sculptures-Papier-mach\u00c3\u00a9-700x1024.jpg?resize=525%2C300&ssl=1 1.5x, https:\/\/i0.wp.com\/www.lilavert.com\/blog_lilavert\/wp-content\/uploads\/2015\/02\/M\u00c3\u00a9lanie-Bourlon-Sculptures-Papier-mach\u00c3\u00a9-700x1024.jpg?resize=700%2C400&ssl=1 2x"},"classes":[]},{"id":869,"url":"https:\/\/www.lilavert.com\/blog_lilavert\/entre-ron-mueck-et-patricia-piccinini-mon-coeur-balance\/","url_meta":{"origin":11844,"position":5},"title":"Entre Ron Mueck et Patricia Piccinini, mon coeur balance&#8230;","author":"LilaVert I-I","date":"15\/04\/2013","format":"gallery","excerpt":"Entre Ron Mueck et Patricia Piccinini, mon coeur balance... \u00a0 \/\/\/ Exposition RON MUECK Du 16 avril au 29 septembre 2013, la Fondation Cartier pour l\u2019art contemporain invite le sculpteur australien Ron Mueck \u00e0 pr\u00e9senter ses \u0153uvres \u00e9mouvantes et troublantes, marquant son grand retour institutionnel en Europe. Apr\u00e8s le succ\u00e8s\u2026","rel":"","context":"Dans &quot;art&quot;","block_context":{"text":"art","link":"https:\/\/www.lilavert.com\/blog_lilavert\/category\/art\/"},"img":{"alt_text":"Ron Mueck - Expo Paris 2013 - Fondation Cartier","src":"https:\/\/i0.wp.com\/www.lilavert.com\/blog_lilavert\/wp-content\/uploads\/2012\/11\/ron-mueck2.jpg?resize=350%2C200&ssl=1","width":350,"height":200,"srcset":"https:\/\/i0.wp.com\/www.lilavert.com\/blog_lilavert\/wp-content\/uploads\/2012\/11\/ron-mueck2.jpg?resize=350%2C200&ssl=1 1x, https:\/\/i0.wp.com\/www.lilavert.com\/blog_lilavert\/wp-content\/uploads\/2012\/11\/ron-mueck2.jpg?resize=525%2C300&ssl=1 1.5x"},"classes":[]}],"_links":{"self":[{"href":"https:\/\/www.lilavert.com\/blog_lilavert\/wp-json\/wp\/v2\/posts\/11844"}],"collection":[{"href":"https:\/\/www.lilavert.com\/blog_lilavert\/wp-json\/wp\/v2\/posts"}],"about":[{"href":"https:\/\/www.lilavert.com\/blog_lilavert\/wp-json\/wp\/v2\/types\/post"}],"author":[{"embeddable":true,"href":"https:\/\/www.lilavert.com\/blog_lilavert\/wp-json\/wp\/v2\/users\/1"}],"replies":[{"embeddable":true,"href":"https:\/\/www.lilavert.com\/blog_lilavert\/wp-json\/wp\/v2\/comments?post=11844"}],"version-history":[{"count":0,"href":"https:\/\/www.lilavert.com\/blog_lilavert\/wp-json\/wp\/v2\/posts\/11844\/revisions"}],"wp:attachment":[{"href":"https:\/\/www.lilavert.com\/blog_lilavert\/wp-json\/wp\/v2\/media?parent=11844"}],"wp:term":[{"taxonomy":"category","embeddable":true,"href":"https:\/\/www.lilavert.com\/blog_lilavert\/wp-json\/wp\/v2\/categories?post=11844"},{"taxonomy":"post_tag","embeddable":true,"href":"https:\/\/www.lilavert.com\/blog_lilavert\/wp-json\/wp\/v2\/tags?post=11844"}],"curies":[{"name":"wp","href":"https:\/\/api.w.org\/{rel}","templated":true}]}}