{"id":1148,"date":"2013-01-06T12:52:05","date_gmt":"2013-01-06T12:52:05","guid":{"rendered":"https:\/\/www.lilavert.com\/blog_lilavert\/?p=1148"},"modified":"2015-08-12T12:31:24","modified_gmt":"2015-08-12T12:31:24","slug":"lexcellent-book-photo-de-magdalena-wasiczek","status":"publish","type":"post","link":"https:\/\/www.lilavert.com\/blog_lilavert\/lexcellent-book-photo-de-magdalena-wasiczek\/","title":{"rendered":"L&rsquo;excellent book photo de Magdalena Wasiczek"},"content":{"rendered":"<p>L&rsquo;excellent book photo de\u00a0<strong>Magdalena Wasiczek.\u00a0<\/strong>[Pologne.]<\/p>\n<p><a href=\"https:\/\/www.lilavert.com\/blog_lilavert\/wp-content\/uploads\/2013\/01\/scotchee-L-I_0An0.jpeg\"><img loading=\"lazy\" decoding=\"async\" class=\"alignnone size-full wp-image-1152\" src=\"https:\/\/www.lilavert.com\/blog_lilavert\/wp-content\/uploads\/2013\/01\/scotchee-L-I_0An0.jpeg\" alt=\"\" width=\"595\" height=\"911\" srcset=\"https:\/\/www.lilavert.com\/blog_lilavert\/wp-content\/uploads\/2013\/01\/scotchee-L-I_0An0.jpeg 595w, https:\/\/www.lilavert.com\/blog_lilavert\/wp-content\/uploads\/2013\/01\/scotchee-L-I_0An0-195x300.jpeg 195w, https:\/\/www.lilavert.com\/blog_lilavert\/wp-content\/uploads\/2013\/01\/scotchee-L-I_0An0-400x612.jpeg 400w\" sizes=\"(max-width: 595px) 100vw, 595px\" \/><\/a><\/p>\n<ul>\n<li><a title=\"Magdalena Wasiczek\" href=\"http:\/\/1x.com\/member\/21784\/magdalena-wasiczek\/\" target=\"_blank\" rel=\"nofollow\" hreflang=\"en\"><strong>1x.com<\/strong>\/<\/a><\/li>\n<li>Follow on <a title=\"L'excellent book photo de Magdalena Wasiczek\" href=\"https:\/\/www.facebook.com\/FlowerPhotographer?fref=ts\" target=\"_blank\"><strong>facebook<\/strong><\/a><\/li>\n<\/ul>\n<p>Photographies macro, fleurs. Ambiances.<\/p>\n<p>&nbsp;<\/p>\n<p>&nbsp;<\/p>\n","protected":false},"excerpt":{"rendered":"<p>L&rsquo;excellent book photo de\u00a0Magdalena Wasiczek.\u00a0[Pologne.] 1x.com\/ Follow on facebook Photographies macro, fleurs. Ambiances. &nbsp; &nbsp;<\/p>\n","protected":false},"author":1,"featured_media":0,"comment_status":"open","ping_status":"open","sticky":false,"template":"","format":"gallery","meta":{"_monsterinsights_skip_tracking":false,"_monsterinsights_sitenote_active":false,"_monsterinsights_sitenote_note":"","_monsterinsights_sitenote_category":0,"jetpack_post_was_ever_published":false,"_jetpack_newsletter_access":"","_jetpack_newsletter_tier_id":0,"footnotes":""},"categories":[207,699,16,178,180],"tags":[1275,4003,44,40,118,1276,687,209,1274,4007,839,223,194,317,52,19],"jetpack_sharing_enabled":true,"jetpack_featured_media_url":"","jetpack_shortlink":"https:\/\/wp.me\/p6hYQX-iw","jetpack-related-posts":[{"id":1094,"url":"https:\/\/www.lilavert.com\/blog_lilavert\/macro-nature-superbes-ambiances-de-mandy-disher\/","url_meta":{"origin":1148,"position":0},"title":"Macro Nature, superbes ambiances de Mandy Disher","author":"LilaVert I-I","date":"01\/01\/2013","format":"gallery","excerpt":"Macro Nature, superbes ambiances de Mandy Disher. Facebook Website","rel":"","context":"Dans &quot;macro&quot;","block_context":{"text":"macro","link":"https:\/\/www.lilavert.com\/blog_lilavert\/category\/macro\/"},"img":{"alt_text":"","src":"https:\/\/i0.wp.com\/www.lilavert.com\/blog_lilavert\/wp-content\/uploads\/2013\/01\/Mandy-Disher-fleur-Astrantia.jpg?resize=350%2C200&ssl=1","width":350,"height":200,"srcset":"https:\/\/i0.wp.com\/www.lilavert.com\/blog_lilavert\/wp-content\/uploads\/2013\/01\/Mandy-Disher-fleur-Astrantia.jpg?resize=350%2C200&ssl=1 1x, https:\/\/i0.wp.com\/www.lilavert.com\/blog_lilavert\/wp-content\/uploads\/2013\/01\/Mandy-Disher-fleur-Astrantia.jpg?resize=525%2C300&ssl=1 1.5x, https:\/\/i0.wp.com\/www.lilavert.com\/blog_lilavert\/wp-content\/uploads\/2013\/01\/Mandy-Disher-fleur-Astrantia.jpg?resize=700%2C400&ssl=1 2x"},"classes":[]},{"id":3133,"url":"https:\/\/www.lilavert.com\/blog_lilavert\/macro-coquelicot-blanc\/","url_meta":{"origin":1148,"position":1},"title":"Macro Coquelicot blanc","author":"LilaVert I-I","date":"10\/09\/2013","format":"image","excerpt":"Macro Coquelicot blanc. Visitez\u00a0ma galerie macro ou fleurs.","rel":"","context":"Dans &quot;LilaVert&quot;","block_context":{"text":"LilaVert","link":"https:\/\/www.lilavert.com\/blog_lilavert\/category\/lilavert\/"},"img":{"alt_text":"White poppy - coquelicot blanc \/ \u00a9LilaVert","src":"https:\/\/i0.wp.com\/www.lilavert.com\/blog_lilavert\/wp-content\/uploads\/2013\/09\/White-poppy-coquelicot-blanc_3874.jpg?resize=350%2C200&ssl=1","width":350,"height":200,"srcset":"https:\/\/i0.wp.com\/www.lilavert.com\/blog_lilavert\/wp-content\/uploads\/2013\/09\/White-poppy-coquelicot-blanc_3874.jpg?resize=350%2C200&ssl=1 1x, https:\/\/i0.wp.com\/www.lilavert.com\/blog_lilavert\/wp-content\/uploads\/2013\/09\/White-poppy-coquelicot-blanc_3874.jpg?resize=525%2C300&ssl=1 1.5x, https:\/\/i0.wp.com\/www.lilavert.com\/blog_lilavert\/wp-content\/uploads\/2013\/09\/White-poppy-coquelicot-blanc_3874.jpg?resize=700%2C400&ssl=1 2x, https:\/\/i0.wp.com\/www.lilavert.com\/blog_lilavert\/wp-content\/uploads\/2013\/09\/White-poppy-coquelicot-blanc_3874.jpg?resize=1050%2C600&ssl=1 3x, https:\/\/i0.wp.com\/www.lilavert.com\/blog_lilavert\/wp-content\/uploads\/2013\/09\/White-poppy-coquelicot-blanc_3874.jpg?resize=1400%2C800&ssl=1 4x"},"classes":[]},{"id":3518,"url":"https:\/\/www.lilavert.com\/blog_lilavert\/white-poppy-coquelicot-blanc-black-version\/","url_meta":{"origin":1148,"position":2},"title":"White poppy &#8211; coquelicot blanc \/ Black version","author":"LilaVert I-I","date":"11\/10\/2013","format":false,"excerpt":"White poppy - coquelicot blanc \/ Black version Visitez mes galeries\u00a0Macro ou fleurs.","rel":"","context":"Dans &quot;LilaVert&quot;","block_context":{"text":"LilaVert","link":"https:\/\/www.lilavert.com\/blog_lilavert\/category\/lilavert\/"},"img":{"alt_text":"White poppy - coquelicot blanc \/ Black version","src":"https:\/\/i0.wp.com\/www.lilavert.com\/blog_lilavert\/wp-content\/uploads\/2013\/10\/White-poppy-coquelicot-blc_3771-3.jpg?resize=350%2C200&ssl=1","width":350,"height":200,"srcset":"https:\/\/i0.wp.com\/www.lilavert.com\/blog_lilavert\/wp-content\/uploads\/2013\/10\/White-poppy-coquelicot-blc_3771-3.jpg?resize=350%2C200&ssl=1 1x, https:\/\/i0.wp.com\/www.lilavert.com\/blog_lilavert\/wp-content\/uploads\/2013\/10\/White-poppy-coquelicot-blc_3771-3.jpg?resize=525%2C300&ssl=1 1.5x, https:\/\/i0.wp.com\/www.lilavert.com\/blog_lilavert\/wp-content\/uploads\/2013\/10\/White-poppy-coquelicot-blc_3771-3.jpg?resize=700%2C400&ssl=1 2x"},"classes":[]},{"id":3108,"url":"https:\/\/www.lilavert.com\/blog_lilavert\/white-poppy-macro\/","url_meta":{"origin":1148,"position":3},"title":"White Poppy macro","author":"LilaVert I-I","date":"10\/09\/2013","format":false,"excerpt":"J'en profite pour faire un essai d'int\u00e9gration de post G+ sur mon blog, relativement simple. Suffit de copi\u00e9-coll\u00e9 le code... et \u00e0 part un probleme de largeur de colonne... c'est une option interessante et totalement \u00e9gocentrique. :--) \u00a0 White Poppy macro.","rel":"","context":"Dans &quot;LilaVert&quot;","block_context":{"text":"LilaVert","link":"https:\/\/www.lilavert.com\/blog_lilavert\/category\/lilavert\/"},"img":{"alt_text":"google-plus-integration-post-dans blog","src":"https:\/\/i0.wp.com\/www.lilavert.com\/blog_lilavert\/wp-content\/uploads\/2013\/09\/google-plus-integration-post-menu2.png?resize=350%2C200&ssl=1","width":350,"height":200},"classes":[]},{"id":4214,"url":"https:\/\/www.lilavert.com\/blog_lilavert\/beautiful-digital-photography-monica-raduta\/","url_meta":{"origin":1148,"position":4},"title":"Beautiful digital photography by Monica Raduta","author":"LilaVert I-I","date":"07\/11\/2013","format":"gallery","excerpt":"Beautiful digital photography by Monica Raduta.\u00a0Artist - Bucharest, Romania Follow on behance Her Website","rel":"","context":"Dans &quot;art&quot;","block_context":{"text":"art","link":"https:\/\/www.lilavert.com\/blog_lilavert\/category\/art\/"},"img":{"alt_text":"Monica Raduta-beautiful digital photography","src":"https:\/\/i0.wp.com\/www.lilavert.com\/blog_lilavert\/wp-content\/uploads\/2013\/11\/Monica-Raduta-beautiful-digital-photography.jpg?resize=350%2C200&ssl=1","width":350,"height":200,"srcset":"https:\/\/i0.wp.com\/www.lilavert.com\/blog_lilavert\/wp-content\/uploads\/2013\/11\/Monica-Raduta-beautiful-digital-photography.jpg?resize=350%2C200&ssl=1 1x, https:\/\/i0.wp.com\/www.lilavert.com\/blog_lilavert\/wp-content\/uploads\/2013\/11\/Monica-Raduta-beautiful-digital-photography.jpg?resize=525%2C300&ssl=1 1.5x"},"classes":[]},{"id":6952,"url":"https:\/\/www.lilavert.com\/blog_lilavert\/sublime-book-photo-de-hannah\/","url_meta":{"origin":1148,"position":5},"title":"Sublime book photo de Hannah","author":"LilaVert I-I","date":"06\/05\/2014","format":"gallery","excerpt":"Sublime book photo de Hannah (Suede) sur FLICKR","rel":"","context":"Dans &quot;art&quot;","block_context":{"text":"art","link":"https:\/\/www.lilavert.com\/blog_lilavert\/category\/art\/"},"img":{"alt_text":"","src":"","width":0,"height":0},"classes":[]}],"_links":{"self":[{"href":"https:\/\/www.lilavert.com\/blog_lilavert\/wp-json\/wp\/v2\/posts\/1148"}],"collection":[{"href":"https:\/\/www.lilavert.com\/blog_lilavert\/wp-json\/wp\/v2\/posts"}],"about":[{"href":"https:\/\/www.lilavert.com\/blog_lilavert\/wp-json\/wp\/v2\/types\/post"}],"author":[{"embeddable":true,"href":"https:\/\/www.lilavert.com\/blog_lilavert\/wp-json\/wp\/v2\/users\/1"}],"replies":[{"embeddable":true,"href":"https:\/\/www.lilavert.com\/blog_lilavert\/wp-json\/wp\/v2\/comments?post=1148"}],"version-history":[{"count":0,"href":"https:\/\/www.lilavert.com\/blog_lilavert\/wp-json\/wp\/v2\/posts\/1148\/revisions"}],"wp:attachment":[{"href":"https:\/\/www.lilavert.com\/blog_lilavert\/wp-json\/wp\/v2\/media?parent=1148"}],"wp:term":[{"taxonomy":"category","embeddable":true,"href":"https:\/\/www.lilavert.com\/blog_lilavert\/wp-json\/wp\/v2\/categories?post=1148"},{"taxonomy":"post_tag","embeddable":true,"href":"https:\/\/www.lilavert.com\/blog_lilavert\/wp-json\/wp\/v2\/tags?post=1148"}],"curies":[{"name":"wp","href":"https:\/\/api.w.org\/{rel}","templated":true}]}}