{"id":10116,"date":"2015-09-18T15:09:26","date_gmt":"2015-09-18T15:09:26","guid":{"rendered":"https:\/\/www.lilavert.com\/blog_lilavert\/?p=10116"},"modified":"2016-08-22T13:06:30","modified_gmt":"2016-08-22T13:06:30","slug":"roberto-kusterle-photo-manipulation","status":"publish","type":"post","link":"https:\/\/www.lilavert.com\/blog_lilavert\/roberto-kusterle-photo-manipulation\/","title":{"rendered":"Roberto Kusterle &#8211; photo manipulation"},"content":{"rendered":"<p><strong>Roberto Kusterle<\/strong> &#8211; photo manipulation (Italie &#8211; 1948)<\/p>\n<div id=\"attachment_10117\" style=\"width: 810px\" class=\"wp-caption alignnone\"><a href=\"http:\/\/wp.me\/p6hYQX-2Da\"><img loading=\"lazy\" decoding=\"async\" aria-describedby=\"caption-attachment-10117\" class=\"wp-image-10117 size-large\" src=\"https:\/\/www.lilavert.com\/blog_lilavert\/wp-content\/uploads\/2015\/09\/Roberto-Kusterle-la-carezza-di-Bruges-1024x972.jpg\" alt=\"\" width=\"800\" height=\"759\" srcset=\"https:\/\/www.lilavert.com\/blog_lilavert\/wp-content\/uploads\/2015\/09\/Roberto-Kusterle-la-carezza-di-Bruges-1024x972.jpg 1024w, https:\/\/www.lilavert.com\/blog_lilavert\/wp-content\/uploads\/2015\/09\/Roberto-Kusterle-la-carezza-di-Bruges-150x142.jpg 150w, https:\/\/www.lilavert.com\/blog_lilavert\/wp-content\/uploads\/2015\/09\/Roberto-Kusterle-la-carezza-di-Bruges-300x285.jpg 300w, https:\/\/www.lilavert.com\/blog_lilavert\/wp-content\/uploads\/2015\/09\/Roberto-Kusterle-la-carezza-di-Bruges-400x380.jpg 400w, https:\/\/www.lilavert.com\/blog_lilavert\/wp-content\/uploads\/2015\/09\/Roberto-Kusterle-la-carezza-di-Bruges.jpg 1032w\" sizes=\"(max-width: 800px) 100vw, 800px\" \/><\/a><\/p>\n<p id=\"caption-attachment-10117\" class=\"wp-caption-text\">Roberto Kusterle &#8211; la carezza di Bruges &#8211; Digital art<\/p>\n<\/div>\n<ul>\n<li><strong><a href=\"http:\/\/www.robertokusterle.it\" target=\"_blank\">Website<\/a><\/strong><\/li>\n<\/ul>\n","protected":false},"excerpt":{"rendered":"<p>Roberto Kusterle &#8211; photo manipulation (Italie &#8211; 1948) Website<\/p>\n","protected":false},"author":1,"featured_media":0,"comment_status":"open","ping_status":"open","sticky":false,"template":"","format":"gallery","meta":{"_monsterinsights_skip_tracking":false,"_monsterinsights_sitenote_active":false,"_monsterinsights_sitenote_note":"","_monsterinsights_sitenote_category":0,"jetpack_post_was_ever_published":false,"_jetpack_newsletter_access":"","_jetpack_newsletter_tier_id":0,"footnotes":""},"categories":[220,1332,3301,16,178],"tags":[1772,144,4026,617,1727,317,3479,52,318,2215,4027],"jetpack_sharing_enabled":true,"jetpack_featured_media_url":"","jetpack_shortlink":"https:\/\/wp.me\/p6hYQX-2Da","jetpack-related-posts":[{"id":7283,"url":"https:\/\/www.lilavert.com\/blog_lilavert\/academic-paintings-roberto-ferri\/","url_meta":{"origin":10116,"position":0},"title":"Academic paintings &#8211; Roberto Ferri","author":"LilaVert I-I","date":"18\/07\/2014","format":"gallery","excerpt":"Academic paintings - Roberto Ferri \/\u00a0born in Taranto, Italy in 1978. website Follow on facebook \u00a0","rel":"","context":"Dans &quot;art&quot;","block_context":{"text":"art","link":"https:\/\/www.lilavert.com\/blog_lilavert\/category\/art\/"},"img":{"alt_text":"","src":"","width":0,"height":0},"classes":[]},{"id":13113,"url":"https:\/\/www.lilavert.com\/blog_lilavert\/stefan-gesell-photography-photo-manipulation\/","url_meta":{"origin":10116,"position":1},"title":"Stefan Gesell Photography &#8211; Photo manipulation","author":"LilaVert I-I","date":"30\/12\/2017","format":"gallery","excerpt":"Stefan Gesell Photography - Photo manipulation (DE) entre science-fiction et d\u2019horreur... Website FACEBOOK","rel":"","context":"Dans &quot;Artiste&quot;","block_context":{"text":"Artiste","link":"https:\/\/www.lilavert.com\/blog_lilavert\/category\/artiste-2\/"},"img":{"alt_text":"Stefan Gesell Photography - Butterflies on the fast lane","src":"https:\/\/i0.wp.com\/www.lilavert.com\/blog_lilavert\/wp-content\/uploads\/2017\/12\/Stefan-Gesell-Photography-Butterflies-on-the-fast-lane-684x1024.jpg?resize=350%2C200&ssl=1","width":350,"height":200,"srcset":"https:\/\/i0.wp.com\/www.lilavert.com\/blog_lilavert\/wp-content\/uploads\/2017\/12\/Stefan-Gesell-Photography-Butterflies-on-the-fast-lane-684x1024.jpg?resize=350%2C200&ssl=1 1x, https:\/\/i0.wp.com\/www.lilavert.com\/blog_lilavert\/wp-content\/uploads\/2017\/12\/Stefan-Gesell-Photography-Butterflies-on-the-fast-lane-684x1024.jpg?resize=525%2C300&ssl=1 1.5x"},"classes":[]},{"id":8556,"url":"https:\/\/www.lilavert.com\/blog_lilavert\/stefan-gesell-photo-manipulation\/","url_meta":{"origin":10116,"position":2},"title":"Stefan Gesell Photo manipulation","author":"LilaVert I-I","date":"19\/12\/2014","format":"gallery","excerpt":"Stefan Gesell Photo manipulation (Germany) Website Facebook","rel":"","context":"Dans &quot;Artiste&quot;","block_context":{"text":"Artiste","link":"https:\/\/www.lilavert.com\/blog_lilavert\/category\/artiste-2\/"},"img":{"alt_text":"","src":"https:\/\/i0.wp.com\/www.lilavert.com\/blog_lilavert\/wp-content\/uploads\/2014\/12\/Stefan-Gesell-Photography-duck-200x300.jpg?resize=350%2C200&ssl=1","width":350,"height":200},"classes":[]},{"id":8177,"url":"https:\/\/www.lilavert.com\/blog_lilavert\/illuminate-heart-tres-belle-photo-manipulation\/","url_meta":{"origin":10116,"position":3},"title":"Illuminate my Heart &#8211; tres belle photo manipulation","author":"LilaVert I-I","date":"05\/11\/2014","format":"gallery","excerpt":"Illuminate my Heart - tres belle photo manipulation de\u00a0Sherry Akrami,\u00a0d\u00e9couvrez ses autres cr\u00e9ations sur 500 px (T\u00e9h\u00e9ran) 500px \u00a0","rel":"","context":"Dans &quot;Creation&quot;","block_context":{"text":"Creation","link":"https:\/\/www.lilavert.com\/blog_lilavert\/category\/creation-2\/"},"img":{"alt_text":"Sherry Akrami - digitale Art photo manipulation","src":"https:\/\/i0.wp.com\/www.lilavert.com\/blog_lilavert\/wp-content\/uploads\/2014\/11\/Sherry-Akrami-digitale-Art-photo-manipulation.jpg?resize=350%2C200&ssl=1","width":350,"height":200,"srcset":"https:\/\/i0.wp.com\/www.lilavert.com\/blog_lilavert\/wp-content\/uploads\/2014\/11\/Sherry-Akrami-digitale-Art-photo-manipulation.jpg?resize=350%2C200&ssl=1 1x, https:\/\/i0.wp.com\/www.lilavert.com\/blog_lilavert\/wp-content\/uploads\/2014\/11\/Sherry-Akrami-digitale-Art-photo-manipulation.jpg?resize=525%2C300&ssl=1 1.5x, https:\/\/i0.wp.com\/www.lilavert.com\/blog_lilavert\/wp-content\/uploads\/2014\/11\/Sherry-Akrami-digitale-Art-photo-manipulation.jpg?resize=700%2C400&ssl=1 2x, https:\/\/i0.wp.com\/www.lilavert.com\/blog_lilavert\/wp-content\/uploads\/2014\/11\/Sherry-Akrami-digitale-Art-photo-manipulation.jpg?resize=1050%2C600&ssl=1 3x, https:\/\/i0.wp.com\/www.lilavert.com\/blog_lilavert\/wp-content\/uploads\/2014\/11\/Sherry-Akrami-digitale-Art-photo-manipulation.jpg?resize=1400%2C800&ssl=1 4x"},"classes":[]},{"id":8451,"url":"https:\/\/www.lilavert.com\/blog_lilavert\/thats-digital-art-federico-bebber\/","url_meta":{"origin":10116,"position":4},"title":"That&rsquo;s digital Art of Federico Bebber","author":"LilaVert I-I","date":"07\/12\/2014","format":"gallery","excerpt":"That's digital Art of Federico Bebber et c'est macabrement beau ! The audience is universal. Tones are colourless, from pure white to dark black, through the whole range of greys. The contents are literally ripped out of everyday life, combined and merged with agonising shapes, exposed to a fantastic metamorphosis,\u2026","rel":"","context":"Dans &quot;art&quot;","block_context":{"text":"art","link":"https:\/\/www.lilavert.com\/blog_lilavert\/category\/art\/"},"img":{"alt_text":"Federico Bebber - restlessness - Digital art","src":"https:\/\/i0.wp.com\/www.lilavert.com\/blog_lilavert\/wp-content\/uploads\/2014\/12\/Federico-Bebber-restlessness-Digital-art-1024x1024.jpg?resize=350%2C200&ssl=1","width":350,"height":200,"srcset":"https:\/\/i0.wp.com\/www.lilavert.com\/blog_lilavert\/wp-content\/uploads\/2014\/12\/Federico-Bebber-restlessness-Digital-art-1024x1024.jpg?resize=350%2C200&ssl=1 1x, https:\/\/i0.wp.com\/www.lilavert.com\/blog_lilavert\/wp-content\/uploads\/2014\/12\/Federico-Bebber-restlessness-Digital-art-1024x1024.jpg?resize=525%2C300&ssl=1 1.5x, https:\/\/i0.wp.com\/www.lilavert.com\/blog_lilavert\/wp-content\/uploads\/2014\/12\/Federico-Bebber-restlessness-Digital-art-1024x1024.jpg?resize=700%2C400&ssl=1 2x"},"classes":[]},{"id":8484,"url":"https:\/\/www.lilavert.com\/blog_lilavert\/marcela-bolivar-photomanipulations\/","url_meta":{"origin":10116,"position":5},"title":"Marcela Bol\u00edvar &#8211; Photomanipulations","author":"LilaVert I-I","date":"10\/12\/2014","format":"gallery","excerpt":"Marcela Bol\u00edvar - Photomanipulations + Free HR textures ressouces to download. Young artist, Based in Cali, Colombia. Marcela is a digital artist whose passion for photography and illustration has led her to express herself through photomanipulation since 2004. During these years she has found and developed her own style, in\u2026","rel":"","context":"Dans &quot;art&quot;","block_context":{"text":"art","link":"https:\/\/www.lilavert.com\/blog_lilavert\/category\/art\/"},"img":{"alt_text":"","src":"https:\/\/i0.wp.com\/www.lilavert.com\/blog_lilavert\/wp-content\/uploads\/2014\/12\/Marcela-Bol\u00c3\u00advar-digital-art-271x300.jpg?resize=350%2C200&ssl=1","width":350,"height":200},"classes":[]}],"_links":{"self":[{"href":"https:\/\/www.lilavert.com\/blog_lilavert\/wp-json\/wp\/v2\/posts\/10116"}],"collection":[{"href":"https:\/\/www.lilavert.com\/blog_lilavert\/wp-json\/wp\/v2\/posts"}],"about":[{"href":"https:\/\/www.lilavert.com\/blog_lilavert\/wp-json\/wp\/v2\/types\/post"}],"author":[{"embeddable":true,"href":"https:\/\/www.lilavert.com\/blog_lilavert\/wp-json\/wp\/v2\/users\/1"}],"replies":[{"embeddable":true,"href":"https:\/\/www.lilavert.com\/blog_lilavert\/wp-json\/wp\/v2\/comments?post=10116"}],"version-history":[{"count":0,"href":"https:\/\/www.lilavert.com\/blog_lilavert\/wp-json\/wp\/v2\/posts\/10116\/revisions"}],"wp:attachment":[{"href":"https:\/\/www.lilavert.com\/blog_lilavert\/wp-json\/wp\/v2\/media?parent=10116"}],"wp:term":[{"taxonomy":"category","embeddable":true,"href":"https:\/\/www.lilavert.com\/blog_lilavert\/wp-json\/wp\/v2\/categories?post=10116"},{"taxonomy":"post_tag","embeddable":true,"href":"https:\/\/www.lilavert.com\/blog_lilavert\/wp-json\/wp\/v2\/tags?post=10116"}],"curies":[{"name":"wp","href":"https:\/\/api.w.org\/{rel}","templated":true}]}}